{"id":10292,"date":"2012-01-13T13:36:22","date_gmt":"2012-01-13T13:36:22","guid":{"rendered":"http:\/\/www.tunaespana.es\/?p=10292"},"modified":"2012-01-13T13:36:22","modified_gmt":"2012-01-13T13:36:22","slug":"sabaneando-acordes-guitarra-letra-cancionero-tunatablaturas-cuatro-folclore-venezolano","status":"publish","type":"post","link":"https:\/\/www.tunaespana.es\/?p=10292","title":{"rendered":"Sabaneando (Acordes guitarra) (Letra) Cancionero Tuna;Tablaturas Cuatro; Folclore Venezolano"},"content":{"rendered":"<p>&nbsp;<\/p>\n<p style=\"text-align: center;\"><strong><span style=\"font-size: x-large; color: #ff0000;\">Sabaneando <\/span><\/strong><\/p>\n<p style=\"text-align: center;\"><span style=\"font-size: medium; color: #ffff00;\">Autor:\u00a0 \u00a0M\u00fasica \u00a0de \u00a0y letra de Juan Vicente Torralba<\/span><\/p>\n<p style=\"text-align: center;\"><span style=\"font-size: medium; color: #3366ff;\">Interpretan: \u00a0\u00a0Mario Suarez; Los Olimare\u00f1os<\/span><\/p>\n<p style=\"text-align: center;\"><span style=\"font-size: medium; color: #00ff00;\">Don Dudo \u00a0(www.TunaEspa\u00f1a.es) \u00a0 (www.TunaEspana.com)<\/span><\/p>\n<p style=\"text-align: center;\"><span style=\"font-size: medium; color: #ffcc00;\">Ritmo: Llanero<\/span><\/p>\n<p style=\"text-align: center;\"><span style=\"font-size: medium; color: #ff00ff;\">Folclore Venezolano<\/span><\/p>\n<p style=\"text-align: center;\"><span style=\"font-size: medium; color: #ffff99;\">Tablaturas Cuatro Venezolano<\/span><\/p>\n<p style=\"text-align: center;\"><span style=\"font-size: medium; color: #0000ff;\">Enlace Youtube:\u00a0<a href=\"http:\/\/www.youtube.com\/watch?v=c0ww_OGmISI\">Pinche aqui para Escuchar la cancion<\/a><\/span><\/p>\n<p style=\"text-align: center;\">&nbsp;<\/p>\n<p style=\"text-align: center;\"><span style=\"color: #cc99ff;\">Juan Vicente Torrealba naci\u00f3 el 20 de diciembre de 1917 en <span style=\"color: #00ff00;\">Caracas<\/span>. Aunque se considera m\u00e1s <span style=\"color: #00ff00;\">llanero<\/span> que cualquiera.<\/span><\/p>\n<p><span style=\"color: #cc99ff;\">Al hablar de la m\u00fasica venezolana y de sus grandes exponentes, es imperativo hacer menci\u00f3n de Don Juan Vicente Torrealba, ilustre creador de inmortales piezas del folklore nacional, entre ellas <span style=\"color: #ffff00;\"><strong>\u00abConcierto en la llanura\u00bb<\/strong><\/span>. Este es un hombre de m\u00e1gicas manos para escribir sorprendentes partituras y para ejecutar diversos instrumentos musicales, y en especial <strong><span style=\"color: #ff00ff;\">el arpa<\/span><\/strong>, que se ha constituido en su gran pasi\u00f3n.<\/span><\/p>\n<p style=\"text-align: center;\"><span style=\"color: #cc99ff;\">Juan Vicente Torrealba experimentar\u00eda con el cuatro para adentrarse en su madura juventud, en la ejecuci\u00f3n del arpa, fomentando con <span style=\"color: #00ccff;\">su hermano Arturo<\/span> y con <span style=\"color: #ff00ff;\">su hijo Santana<\/span>, en <span style=\"color: #ffcc00;\">1947,<\/span> el conjunto de m\u00fasica llanera denominado <span style=\"color: #ff0000;\">\u201cLos Torrealberos\u201d<\/span>.<br \/>\n<\/span><\/p>\n<p style=\"text-align: center;\"><a href=\"http:\/\/www.tunaespana.es\/wp-content\/uploads\/2012\/01\/Tuna-Espa\u00f1a-Juan+Vicente+Torrealba-D-D.jpg\"><img decoding=\"async\" loading=\"lazy\" class=\"aligncenter size-full wp-image-10293\" title=\"Tuna Espa\u00f1a Juan+Vicente+Torrealba D D\" src=\"http:\/\/www.tunaespana.es\/wp-content\/uploads\/2012\/01\/Tuna-Espa\u00f1a-Juan+Vicente+Torrealba-D-D.jpg\" alt=\"\" width=\"500\" height=\"293\" srcset=\"https:\/\/www.tunaespana.es\/wp-content\/uploads\/2012\/01\/Tuna-Espa\u00f1a-Juan+Vicente+Torrealba-D-D.jpg 500w, https:\/\/www.tunaespana.es\/wp-content\/uploads\/2012\/01\/Tuna-Espa\u00f1a-Juan+Vicente+Torrealba-D-D-300x175.jpg 300w\" sizes=\"(max-width: 500px) 100vw, 500px\" \/><\/a><\/p>\n<p style=\"text-align: center;\"><span style=\"color: #cc99ff;\">Al \u00e9xito musical de Juan Vicente Torrealba, contribuyen los poetas guarique\u00f1os <span style=\"color: #ffff00;\">Germ\u00e1n Fleitas Beroes<\/span> y <span style=\"color: #ffff00;\">Ernesto Luis Rodr\u00edguez<\/span>, quienes conciben letras po\u00e9ticas en armon\u00eda con la creaci\u00f3n torrealbera, otorg\u00e1ndole significaci\u00f3n y coherencia al conjunto, en su totalidad. De esta combinaci\u00f3n germinar\u00e1n las bellas creaciones de la m\u00fasica venezolana durante los <span style=\"color: #ff00ff;\">a\u00f1os 50, 60, 70 y 80<\/span>. <span style=\"color: #00ff00;\">Rosario<\/span>, <span style=\"color: #00ccff;\">Luna y lejan\u00eda<\/span>, <span style=\"color: #ffcc00;\">Barquisimeto<\/span>, <span style=\"color: #ff00ff;\">Mujer llanera<\/span>, <span style=\"color: #00ffff;\">Madrugada llanera<\/span>, <span style=\"color: #ffcc00;\">Secretos de amor<\/span>, <span style=\"color: #ffcc00;\">La paraulata, Valencia, Volver\u00e1s, Caminito Verde, Mujer guayanesa,<\/span> <span style=\"color: #ff0000;\">Muchachita sabanera<\/span>, <span style=\"color: #ffcc00;\">Pasaje N\u00famero 8, Primaveral<\/span>, <span style=\"color: #ff0000;\">Esteros de Camagu\u00e1n, <\/span><span style=\"color: #ffcc00;\">La llanura, Muchacha de ojazos negros, Secretos de amor, <\/span><span style=\"color: #ff0000;\">Junto al Jag\u00fcey <\/span>y Valencia son exigentes melod\u00edas producidas por esta trilog\u00eda de creadores irrepetibles fuera del l\u00edmite de su exitosa asociaci\u00f3n.<\/span><\/p>\n<p style=\"text-align: center;\">&nbsp;<\/p>\n<p style=\"text-align: center;\">&nbsp;<\/p>\n<p style=\"text-align: center;\">&nbsp;<\/p>\n<p style=\"text-align: center;\"><span style=\"font-family: Arial; font-size: medium; color: #cc99ff;\">Ay&#8230;laray ,la , la ,lay , laray , la , la.<\/span><\/p>\n<p style=\"text-align: center;\"><span style=\"font-family: Arial; font-size: medium; color: #cc99ff;\"> <\/span><\/p>\n<p style=\"text-align: center;\"><span style=\"font-family: Arial; font-size: medium; color: #cc99ff;\">Cuando salgo a sabanear<\/span><\/p>\n<p style=\"text-align: center;\"><span style=\"font-family: Arial; font-size: medium; color: #cc99ff;\">en mi caballito moro (bis)<\/span><\/p>\n<p style=\"text-align: center;\"><span style=\"font-family: Arial; font-size: medium; color: #cc99ff;\">voy recordando al cantar,<\/span><\/p>\n<p style=\"text-align: center;\"><span style=\"font-family: Arial; font-size: medium; color: #cc99ff;\">oye al cantar,<\/span><\/p>\n<p style=\"text-align: center;\"><span style=\"font-family: Arial; font-size: medium; color: #cc99ff;\">la prenda que mas adoro.<\/span><\/p>\n<p style=\"text-align: center;\"><span style=\"font-family: Arial; font-size: medium; color: #cc99ff;\"> <\/span><\/p>\n<p style=\"text-align: center;\"><span style=\"font-family: Arial; font-size: medium; color: #cc99ff;\">Sabaneando ,sabaneando<\/span><\/p>\n<p style=\"text-align: center;\"><span style=\"font-family: Arial; font-size: medium; color: #cc99ff;\">distraigo los males m\u00edos ,<\/span><\/p>\n<p style=\"text-align: center;\"><span style=\"font-family: Arial; font-size: medium; color: #cc99ff;\">viendo las aves volar<\/span><\/p>\n<p style=\"text-align: center;\"><span style=\"font-family: Arial; font-size: medium; color: #cc99ff;\">a las orillas del r\u00edo.<\/span><\/p>\n<p style=\"text-align: center;\"><span style=\"font-family: Arial; font-size: medium; color: #cc99ff;\">viendo las aves volar<\/span><\/p>\n<p style=\"text-align: center;\"><span style=\"font-family: Arial; font-size: medium; color: #cc99ff;\">mira, volar<\/span><\/p>\n<p style=\"text-align: center;\"><span style=\"font-family: Arial; font-size: medium; color: #cc99ff;\">a las orillas del r\u00edo.<\/span><\/p>\n<p style=\"text-align: center;\"><span style=\"font-family: Arial; font-size: medium; color: #cc99ff;\"> <\/span><\/p>\n<p style=\"text-align: center;\"><span style=\"font-family: Arial; font-size: medium; color: #cc99ff;\">Pita un toro en el palmar<\/span><\/p>\n<p style=\"text-align: center;\"><span style=\"font-family: Arial; font-size: medium; color: #cc99ff;\">la vaca llama al becerro<\/span><\/p>\n<p style=\"text-align: center;\"><span style=\"font-family: Arial; font-size: medium; color: #cc99ff;\">y yo siento en mi cantar<\/span><\/p>\n<p style=\"text-align: center;\"><span style=\"font-family: Arial; font-size: medium; color: #cc99ff;\">la brisa de los esteros,<\/span><\/p>\n<p style=\"text-align: center;\"><span style=\"font-family: Arial; font-size: medium; color: #cc99ff;\">y yo siento en mi cantar,<\/span><\/p>\n<p style=\"text-align: center;\"><span style=\"font-family: Arial; font-size: medium; color: #cc99ff;\">en mi cantar,<\/span><\/p>\n<p style=\"text-align: center;\"><span style=\"font-family: Arial; font-size: medium; color: #cc99ff;\">la brisa de los esteros.<\/span><\/p>\n<p style=\"text-align: center;\">&nbsp;<\/p>\n<p style=\"text-align: center;\">&nbsp;<\/p>\n","protected":false},"excerpt":{"rendered":"<p>&nbsp; Sabaneando Autor:\u00a0 \u00a0M\u00fasica \u00a0de \u00a0y letra de Juan Vicente Torralba Interpretan: \u00a0\u00a0Mario Suarez; Los Olimare\u00f1os Don Dudo \u00a0(www.TunaEspa\u00f1a.es) \u00a0 (www.TunaEspana.com) Ritmo: Llanero Folclore Venezolano Tablaturas Cuatro Venezolano Enlace Youtube:\u00a0Pinche aqui para Escuchar la cancion &nbsp; Juan Vicente Torrealba naci\u00f3 el 20 de diciembre de 1917 en Caracas. Aunque se considera m\u00e1s llanero que cualquiera. [&hellip;]<\/p>\n","protected":false},"author":2,"featured_media":0,"comment_status":"closed","ping_status":"closed","sticky":false,"template":"","format":"standard","meta":[],"categories":[711,710,22,263],"tags":[],"_links":{"self":[{"href":"https:\/\/www.tunaespana.es\/index.php?rest_route=\/wp\/v2\/posts\/10292"}],"collection":[{"href":"https:\/\/www.tunaespana.es\/index.php?rest_route=\/wp\/v2\/posts"}],"about":[{"href":"https:\/\/www.tunaespana.es\/index.php?rest_route=\/wp\/v2\/types\/post"}],"author":[{"embeddable":true,"href":"https:\/\/www.tunaespana.es\/index.php?rest_route=\/wp\/v2\/users\/2"}],"replies":[{"embeddable":true,"href":"https:\/\/www.tunaespana.es\/index.php?rest_route=%2Fwp%2Fv2%2Fcomments&post=10292"}],"version-history":[{"count":1,"href":"https:\/\/www.tunaespana.es\/index.php?rest_route=\/wp\/v2\/posts\/10292\/revisions"}],"predecessor-version":[{"id":10294,"href":"https:\/\/www.tunaespana.es\/index.php?rest_route=\/wp\/v2\/posts\/10292\/revisions\/10294"}],"wp:attachment":[{"href":"https:\/\/www.tunaespana.es\/index.php?rest_route=%2Fwp%2Fv2%2Fmedia&parent=10292"}],"wp:term":[{"taxonomy":"category","embeddable":true,"href":"https:\/\/www.tunaespana.es\/index.php?rest_route=%2Fwp%2Fv2%2Fcategories&post=10292"},{"taxonomy":"post_tag","embeddable":true,"href":"https:\/\/www.tunaespana.es\/index.php?rest_route=%2Fwp%2Fv2%2Ftags&post=10292"}],"curies":[{"name":"wp","href":"https:\/\/api.w.org\/{rel}","templated":true}]}}