{"id":10678,"date":"2012-01-24T11:31:46","date_gmt":"2012-01-24T11:31:46","guid":{"rendered":"http:\/\/www.tunaespana.es\/?p=10678"},"modified":"2023-08-28T11:56:37","modified_gmt":"2023-08-28T09:56:37","slug":"la-inspiracion-del-chofer-acordes-guitarra-letra-cancionero-tunatablaturas-cuatro-folclore-venezolano","status":"publish","type":"post","link":"https:\/\/www.tunaespana.es\/?p=10678","title":{"rendered":"La inspiracion del chofer (Acorde guitarra) (Letra Tablatura) cancionero Tuna; Folklore  Cuatro  Venezolano"},"content":{"rendered":"<p style=\"text-align: center;\">\n<p style=\"text-align: center;\">\n<p style=\"text-align: center;\"><span style=\"font-size: x-large;\"><strong><span style=\"color: #ff0000;\">La inspiraci\u00f3n del chofer<\/span><\/strong><\/span><\/p>\n<p style=\"text-align: center;\">\n<p style=\"text-align: center;\"><span style=\"color: #ffff00; font-size: medium;\">Autor:\u00a0 \u00a0M\u00fasica \u00a0de \u00a0y letra de\u00a0Benito Quiroz<\/span><\/p>\n<p style=\"text-align: center;\"><span style=\"color: #3366ff; font-size: medium;\">Interpretan: Benito Quiroz <\/span><\/p>\n<p style=\"text-align: center;\"><span style=\"color: #00ff00; font-size: medium;\">Don Dudo \u00a0(www.TunaEspa\u00f1a.es) \u00a0 (www.TunaEspana.com)<\/span><\/p>\n<p style=\"text-align: center;\"><span style=\"color: #ffcc00; font-size: medium;\">Ritmo:<\/span><\/p>\n<p style=\"text-align: center;\"><span style=\"color: #ff00ff; font-size: medium;\">Folclore Venezolano<\/span><\/p>\n<p style=\"text-align: center;\"><span style=\"color: #ffff99; font-size: medium;\">Tablaturas Cuatro Venezolano<\/span><\/p>\n<p style=\"text-align: center;\"><span style=\"color: #0000ff; font-size: medium;\">Enlace Youtube:\u00a0 <a href=\"http:\/\/www.youtube.com\/watch?v=gD4tshX8S_c\">pinche aqui para escuchar la canci\u00f3n<\/a><\/span><\/p>\n<p style=\"text-align: center;\">\n<p style=\"text-align: center;\"><span style=\"color: #cc99ff;\"><span style=\"color: #ff0000;\">Benito Quiroz<\/span>, bautizado como el <span style=\"color: #00ff00;\">Rey del Galer\u00f3n<\/span>, muri\u00f3 a la edad de 44 a\u00f1os (17 de mayo de 1967)\u00a0en un accidente automovilistico. Hab\u00eda nacido en el sector Santa Rosa de <span style=\"color: #ffcc00;\">Barquisimeto,<\/span> estado <span style=\"color: #ffcc00;\">Lara<\/span>, en el a\u00f1o <span style=\"color: #ff00ff;\">1921<\/span>.<\/span><\/p>\n<p style=\"text-align: center;\">\n<p style=\"text-align: center;\"><span style=\"color: #cc99ff;\"><strong><img decoding=\"async\" id=\"inspiracion_chofer_EKeyId1\" src=\"http:\/\/www.micuatro.com\/cuatroblog\/acordes\/v2\/am.jpg\" alt=\"\" width=\"45\" \/> <img decoding=\"async\" id=\"inspiracion_chofer_EKeyId2\" src=\"http:\/\/www.micuatro.com\/cuatroblog\/acordes\/v2\/e7.jpg\" alt=\"\" width=\"45\" \/> <img decoding=\"async\" id=\"inspiracion_chofer_EKeyId3\" src=\"http:\/\/www.micuatro.com\/cuatroblog\/acordes\/v2\/am.jpg\" alt=\"\" width=\"45\" \/> <img decoding=\"async\" id=\"inspiracion_chofer_EKeyId4\" src=\"http:\/\/www.micuatro.com\/cuatroblog\/acordes\/v2\/a7.jpg\" alt=\"\" width=\"45\" \/> <img decoding=\"async\" id=\"inspiracion_chofer_EKeyId5\" src=\"http:\/\/www.micuatro.com\/cuatroblog\/acordes\/v2\/dm.jpg\" alt=\"\" width=\"45\" \/><br \/>\nS<span style=\"text-decoration: underline;\">o<\/span>y un pobre chof<span style=\"text-decoration: underline;\">e<\/span>r que te ha quer<span style=\"text-decoration: underline;\">i<\/span>do con t<span style=\"text-decoration: underline;\">o<\/span>da la extensi\u00f3n de su car<span style=\"text-decoration: underline;\">i<\/span>\u00f1o <\/strong><\/span><br \/>\n<span style=\"color: #cc99ff;\"><strong> <img decoding=\"async\" id=\"inspiracion_chofer_EKeyId6\" src=\"http:\/\/www.micuatro.com\/cuatroblog\/acordes\/v2\/g7.jpg\" alt=\"\" width=\"45\" \/> <img decoding=\"async\" id=\"inspiracion_chofer_EKeyId7\" src=\"http:\/\/www.micuatro.com\/cuatroblog\/acordes\/v2\/c.jpg\" alt=\"\" width=\"45\" \/> <img decoding=\"async\" id=\"inspiracion_chofer_EKeyId8\" src=\"http:\/\/www.micuatro.com\/cuatroblog\/acordes\/v2\/f.jpg\" alt=\"\" width=\"45\" \/> <img decoding=\"async\" id=\"inspiracion_chofer_EKeyId9\" src=\"http:\/\/www.micuatro.com\/cuatroblog\/acordes\/v2\/e7.jpg\" alt=\"\" width=\"45\" \/> <img decoding=\"async\" id=\"inspiracion_chofer_EKeyId10\" src=\"http:\/\/www.micuatro.com\/cuatroblog\/acordes\/v2\/am.jpg\" alt=\"\" width=\"45\" \/><br \/>\ny hoy me encuentro fall<span style=\"text-decoration: underline;\">a<\/span>ndo como un n<span style=\"text-decoration: underline;\">i<\/span>\u00f1o en mit<span style=\"text-decoration: underline;\">a<\/span>d del cam<span style=\"text-decoration: underline;\">i<\/span>no accident<span style=\"text-decoration: underline;\">a<\/span>do <\/strong><\/span><\/p>\n<p><span style=\"color: #cc99ff;\"><strong>Esperando la corriente de tu amor bajo la capota de mi calma <\/strong><\/span><br \/>\n<span style=\"color: #cc99ff;\"><strong>y se empa\u00f1a el parabrisas de mi calma es un corto circuito mi dolor <\/strong><\/span><\/p>\n<p><span style=\"color: #cc99ff;\"><strong> <img decoding=\"async\" id=\"inspiracion_chofer_EKeyId11\" src=\"http:\/\/www.micuatro.com\/cuatroblog\/acordes\/v2\/g7.jpg\" alt=\"\" width=\"45\" \/> <img decoding=\"async\" id=\"inspiracion_chofer_EKeyId12\" src=\"http:\/\/www.micuatro.com\/cuatroblog\/acordes\/v2\/c.jpg\" alt=\"\" width=\"45\" \/> <img decoding=\"async\" id=\"inspiracion_chofer_EKeyId13\" src=\"http:\/\/www.micuatro.com\/cuatroblog\/acordes\/v2\/g7.jpg\" alt=\"\" width=\"45\" \/> <img decoding=\"async\" id=\"inspiracion_chofer_EKeyId14\" src=\"http:\/\/www.micuatro.com\/cuatroblog\/acordes\/v2\/c.jpg\" alt=\"\" width=\"45\" \/><br \/>\nY si alg\u00fan d<span style=\"text-decoration: underline;\">\u00ed<\/span>a llegase a abarranc<span style=\"text-decoration: underline;\">a<\/span>rme porque me f<span style=\"text-decoration: underline;\">a<\/span>llen las luces de tus <span style=\"text-decoration: underline;\">o<\/span>jos <\/strong><\/span><br \/>\n<span style=\"color: #cc99ff;\"><strong> <img decoding=\"async\" id=\"inspiracion_chofer_EKeyId15\" src=\"http:\/\/www.micuatro.com\/cuatroblog\/acordes\/v2\/e7.jpg\" alt=\"\" width=\"45\" \/> <img decoding=\"async\" id=\"inspiracion_chofer_EKeyId16\" src=\"http:\/\/www.micuatro.com\/cuatroblog\/acordes\/v2\/am.jpg\" alt=\"\" width=\"45\" \/> <img decoding=\"async\" id=\"inspiracion_chofer_EKeyId17\" src=\"http:\/\/www.micuatro.com\/cuatroblog\/acordes\/v2\/e7.jpg\" alt=\"\" width=\"45\" \/> <img decoding=\"async\" id=\"inspiracion_chofer_EKeyId18\" src=\"http:\/\/www.micuatro.com\/cuatroblog\/acordes\/v2\/am.jpg\" alt=\"\" width=\"45\" \/><br \/>\nrec<span style=\"text-decoration: underline;\">o<\/span>ge la cachucha y los ant<span style=\"text-decoration: underline;\">e<\/span>ojos para que as\u00ed no pu<span style=\"text-decoration: underline;\">e<\/span>das olvid<span style=\"text-decoration: underline;\">a<\/span>rme <\/strong><\/span><\/p>\n<p><span style=\"color: #cc99ff;\"><strong>Soy un pobre chofer que te ha querido&#8230; <\/strong><\/span><\/p>\n<p><span style=\"color: #cc99ff;\"><strong>Esperando la corriente de tu amor&#8230; <\/strong><\/span><\/p>\n<p><span style=\"color: #cc99ff;\"><strong>Y si alg\u00fan d\u00eda llegase a abarrancarme&#8230; <\/strong><\/span><\/p>\n<p><span style=\"color: #cc99ff;\"><strong>A mi alma le falla una buj\u00eda por el grave accidente de tu olvido <\/strong><\/span><br \/>\n<span style=\"color: #cc99ff;\"><strong>y el golpe de viela lo ha sufrido el eje cig\u00fce\u00f1al de la alegr\u00eda <\/strong><\/span><\/p>\n<p><span style=\"color: #cc99ff;\"><strong>Salir por el arranque desear\u00eda la reparaci\u00f3n es muy sencilla <\/strong><\/span><br \/>\n<span style=\"color: #cc99ff;\"><strong>mientras tanto saldr\u00e9 por la manilla a media vuelta la esperanza mia <\/strong><\/span><\/p>\n<p><span style=\"color: #cc99ff;\"><strong>Y si alg\u00fan d\u00eda llegase a abarrancarme&#8230; <\/strong><\/span><\/p>\n","protected":false},"excerpt":{"rendered":"<p>La inspiraci\u00f3n del chofer Autor:\u00a0 \u00a0M\u00fasica \u00a0de \u00a0y letra de\u00a0Benito Quiroz Interpretan: Benito Quiroz Don Dudo \u00a0(www.TunaEspa\u00f1a.es) \u00a0 (www.TunaEspana.com) Ritmo: Folclore Venezolano Tablaturas Cuatro Venezolano Enlace Youtube:\u00a0 pinche aqui para escuchar la canci\u00f3n Benito Quiroz, bautizado como el Rey del Galer\u00f3n, muri\u00f3 a la edad de 44 a\u00f1os (17 de mayo de 1967)\u00a0en un accidente [&hellip;]<\/p>\n","protected":false},"author":2,"featured_media":0,"comment_status":"closed","ping_status":"closed","sticky":false,"template":"","format":"standard","meta":[],"categories":[711,710,30,263],"tags":[],"_links":{"self":[{"href":"https:\/\/www.tunaespana.es\/index.php?rest_route=\/wp\/v2\/posts\/10678"}],"collection":[{"href":"https:\/\/www.tunaespana.es\/index.php?rest_route=\/wp\/v2\/posts"}],"about":[{"href":"https:\/\/www.tunaespana.es\/index.php?rest_route=\/wp\/v2\/types\/post"}],"author":[{"embeddable":true,"href":"https:\/\/www.tunaespana.es\/index.php?rest_route=\/wp\/v2\/users\/2"}],"replies":[{"embeddable":true,"href":"https:\/\/www.tunaespana.es\/index.php?rest_route=%2Fwp%2Fv2%2Fcomments&post=10678"}],"version-history":[{"count":7,"href":"https:\/\/www.tunaespana.es\/index.php?rest_route=\/wp\/v2\/posts\/10678\/revisions"}],"predecessor-version":[{"id":38484,"href":"https:\/\/www.tunaespana.es\/index.php?rest_route=\/wp\/v2\/posts\/10678\/revisions\/38484"}],"wp:attachment":[{"href":"https:\/\/www.tunaespana.es\/index.php?rest_route=%2Fwp%2Fv2%2Fmedia&parent=10678"}],"wp:term":[{"taxonomy":"category","embeddable":true,"href":"https:\/\/www.tunaespana.es\/index.php?rest_route=%2Fwp%2Fv2%2Fcategories&post=10678"},{"taxonomy":"post_tag","embeddable":true,"href":"https:\/\/www.tunaespana.es\/index.php?rest_route=%2Fwp%2Fv2%2Ftags&post=10678"}],"curies":[{"name":"wp","href":"https:\/\/api.w.org\/{rel}","templated":true}]}}