{"id":10743,"date":"2012-01-25T17:45:30","date_gmt":"2012-01-25T17:45:30","guid":{"rendered":"http:\/\/www.tunaespana.es\/?p=10743"},"modified":"2023-09-03T11:57:12","modified_gmt":"2023-09-03T09:57:12","slug":"mi-barca-acordes-guitarra-letra-cancionero-tunatablaturas","status":"publish","type":"post","link":"https:\/\/www.tunaespana.es\/?p=10743","title":{"rendered":"Mi Barca (Acordes guitarra) (Letra) Cancionero Tuna;Tablaturas"},"content":{"rendered":"<p>&nbsp;<\/p>\n<p style=\"text-align: center;\"><span style=\"font-size: x-large; color: #ff0000;\"><strong>Mi Barca<\/strong><\/span><\/p>\n<p style=\"text-align: center;\">\n<p style=\"text-align: center;\"><span style=\"color: #ffff00;\"><span style=\"font-family: Georgia, 'Times New Roman', 'Bitstream Charter', Times, serif;\">Autor:\u00a0 \u00a0M\u00fasica \u00a0de \u00a0y letra de\u00a0Emilio Jose<\/span><\/span><\/p>\n<p style=\"text-align: center;\"><span style=\"color: #3366ff;\"><span style=\"font-family: Georgia, 'Times New Roman', 'Bitstream Charter', Times, serif;\">Interpretan: Emilio Jose<\/span><\/span><\/p>\n<p style=\"text-align: center;\"><span style=\"color: #00ff00;\"><span style=\"font-family: Georgia, 'Times New Roman', 'Bitstream Charter', Times, serif;\">Don Dudo \u00a0(www.TunaEspa\u00f1a.es) \u00a0 (www.TunaEspana.com)<\/span><\/span><\/p>\n<p style=\"text-align: center;\"><span style=\"color: #ff9900;\"><span style=\"font-family: Georgia, 'Times New Roman', 'Bitstream Charter', Times, serif;\">Ritmo:<\/span><\/span><\/p>\n<p style=\"text-align: center;\"><span style=\"color: #0000ff;\"><span style=\"font-family: Georgia, 'Times New Roman', 'Bitstream Charter', Times, serif;\">Enlace Youtube:\u00a0<a href=\"http:\/\/www.youtube.com\/watch?v=wBU2xXTeaSM\">pinche aqui para escuchar la canci\u00f3n <\/a><\/span><\/span><\/p>\n<p><span style=\"color: #0000ff;\"><span style=\"font-family: Georgia, 'Times New Roman', 'Bitstream Charter', Times, serif;\"><span style=\"font-size: medium;\"><span style=\"color: #cc99ff;\"><span style=\"font-size: small;\">Jos\u00e9 Emilio L\u00f3pez Delgado, que as\u00ed se llama el cantautor <\/span><\/span><strong><span style=\"color: #ff0000;\"><span style=\"font-size: small;\">\u00abEmilio Jos\u00e9\u00bb<\/span><\/span><\/strong><span style=\"color: #cc99ff;\"><span style=\"font-size: small;\">, naci\u00f3 en Fern\u00e1n N\u00fa\u00f1ez, <\/span><\/span><span style=\"color: #ff00ff;\"><span style=\"font-size: small;\">C\u00f3rdoba<\/span><\/span> <span style=\"color: #ffff00;\"><span style=\"font-size: small;\">(Espa\u00f1a)<\/span><\/span><span style=\"color: #cc99ff;\"><span style=\"font-size: small;\">, un 16 de Junio de <\/span><\/span><span style=\"color: #ff6600;\"><span style=\"font-size: small;\">1950.<\/span><\/span><\/span><\/span><\/span><\/p>\n<p><span style=\"color: #cc99ff;\"><span style=\"font-family: Georgia, 'Times New Roman', 'Bitstream Charter', Times, serif;\"><span style=\"font-size: small;\">En 1973, Emilio Jos\u00e9 ya ten\u00eda un lugar reconocido en todos los medios de difusi\u00f3n, pero todav\u00eda quedaba algo.Y lleg\u00f3 <\/span><\/span><\/span><strong><span style=\"color: #ff6600;\"><span style=\"font-family: Georgia, 'Times New Roman', 'Bitstream Charter', Times, serif;\"><span style=\"font-size: small;\">\u00abSoledad\u00bb<\/span><\/span><\/span><\/strong><span style=\"color: #cc99ff;\"><span style=\"font-family: Georgia, 'Times New Roman', 'Bitstream Charter', Times, serif;\"><span style=\"font-size: small;\">,<\/span><\/span><\/span><span style=\"color: #ffcc00;\"><span style=\"font-family: Georgia, 'Times New Roman', 'Bitstream Charter', Times, serif;\"><span style=\"font-size: small;\"> 1\u00ba premio del festival de Benidorm<\/span><\/span><\/span><span style=\"color: #cc99ff;\"><span style=\"font-family: Georgia, 'Times New Roman', 'Bitstream Charter', Times, serif;\"><span style=\"font-size: small;\">, por una abrumadora mayor\u00eda de votos, pero la cosa no se detuvo ah\u00ed, \u00abSoledad\u00bb cruz\u00f3 los mares que tan dentro llevaba Emilio y convertida en su buque insignia, conquist\u00f3 corazones y continentes, fue grabada en varios idiomas y cantada por multitud de cantantes y orquestas que a\u00fan hoy siguen haciendo versiones de ella.<\/span><\/span><\/span><\/p>\n<p style=\"text-align: left;\">\n<p><span style=\"color: #cc99ff;\"><span style=\"font-family: Georgia, 'Times New Roman', 'Bitstream Charter', Times, serif;\"><span style=\"font-size: small;\">Emilio Jos\u00e9 continu\u00f3 su carrera y grab\u00f3 su tercer L.P. \u00abPor un adi\u00f3s\u00bb y en ese disco otra canci\u00f3n de gran \u00e9xito,\u00a0<span style=\"color: #ff9900;\">\u00abNuestra Playa\u00bb<\/span>, en<span style=\"color: #ff00ff;\">1974<\/span>, que obtuvo destacados lugares en las listas de \u00e9xitos de varios pa\u00edses. Emilio Jos\u00e9 comienza su gira por Latinoam\u00e9rica en Chile, siendo artista invitado en el\u00a0<span style=\"color: #ffcc00;\">Festival de Vi\u00f1a del Mar<\/span>, compartiendo escenario con\u00a0<span style=\"color: #00ffff;\">Roberto Carlos, Julio Iglesias y Sandro<\/span>. De aquel primer viaje guarda bonitos recuerdos, cuando comenz\u00f3 a cantar \u00abNuestra Playa\u00bb, la Quinta Vergara se ilumin\u00f3 y al llegar al estribillo de la canci\u00f3n, todo el auditorio cant\u00f3 con \u00e9l, haciendo latente la entrega de su p\u00fablico.<\/span><\/span><\/span><\/p>\n<p><span style=\"color: #000000; font-size: small;\"><span style=\"font-family: Georgia, 'Times New Roman', 'Bitstream Charter', Times, serif;\"><span style=\"color: #cc99ff;\">Un a\u00f1o m\u00e1s tarde, en 1975 sali\u00f3 al mercado <\/span><span style=\"color: #ff9900;\">\u00abPara ti, que has volado tan alto<\/span><span style=\"color: #ffcc00;\">\u00ab, trabajo dedicado a la memoria de su padre<\/span>.\u00a0<span style=\"color: #cc99ff;\">Con canciones como<\/span> <span style=\"color: #ff9900;\">\u00abSola\u00bb<\/span>,\u00a0<span style=\"color: #cc99ff;\">\u00ab\u00bfD\u00f3nde va tu viento marinero?<\/span>\u00bb y\u00a0<span style=\"color: #ff9900;\">\u00abMi barca<\/span>\u00ab,\u00a0<span style=\"color: #cc99ff;\">canci\u00f3n que se qued\u00f3 un poco escondida por aquello de que solo se promocionan algunas canciones de las muchas que hay en cada trabajo<\/span>. \u00ab<span style=\"color: #ff9900;\">Marinero Cantor<\/span>\u00ab<span style=\"color: #cc99ff;\"> apareci\u00f3 en 1976 y arras\u00f3 nuevamente.<\/span><\/span><\/span><\/p>\n<p style=\"text-align: center;\">\n<pre><span style=\"font-size: large; color: #cc99ff;\">Lam  Rem  Lam  Mi  Lam\r\nLam  Rem  Lam  Mi  Lam\r\n\r\nLam              Mi\r\nTu nombre se est\u00e1 borrando\r\n                    Lam\r\nDe la proa de mi barca\r\n              Sol\r\nOjal\u00e1 que el mar pudiera,\r\n   Fa                  Mi     Lam\r\nBorr\u00e1rmelo a m\u00ed del alma. \r\n\r\n                 Mi\r\nUna copla marinera\r\n                         Lam\r\nQue de boca en boca anda\r\nSol                        Fa\r\nAunque no le importe a nadie,\r\n                           Mi\r\nYo fui el primero en cantarla. \r\n\r\nLa                 Sim\r\nPero yo si que lo s\u00e9,\r\nMi                      La\r\nYo s\u00e9 donde est\u00e1 esa barca\r\nLa9       La              Sim\r\nMedio enterrada en la arena\r\nMi                 La\r\nEn una playa olvidada. \r\n\r\nLa                 Sim\r\nPero yo si que lo s\u00e9,\r\nMi                      La\r\nYo s\u00e9 donde est\u00e1 esa barca\r\nLa9       La              Sim\r\nMedio enterrada en la arena\r\nMi                 Lam\r\nEn una playa olvidada. \r\n\r\nLam                           Mi\r\nYo s\u00e9 tambi\u00e9n que hubo un hombre\r\n                          Lam\r\nQue puso rumbo a esa playa,\r\n                   Sol\r\nPara abandonar all\u00ed,\r\nFa                      Mi\r\nRecuerdos que le quemaban.\r\n\r\nLam               Mi\r\nTodav\u00eda el sol poniente\r\n                     Lam\r\nArranca chispas doradas\r\nSol               Fa\r\nAl viejo farol de cobre\r\n                      Mi\r\nQue cabecea en la playa. \r\n\r\nLa                 Sim\r\nPero yo si que lo s\u00e9,\r\nMi                      La\r\nYo s\u00e9 donde est\u00e1 esa barca\r\nLa9       La              Sim\r\nMedio enterrada en la arena\r\nMi                 La\r\nEn una playa olvidada. \r\n\r\nLa                 Sim\r\nPero yo si que lo s\u00e9,\r\nMi                      La\r\nYo s\u00e9 donde est\u00e1 esa barca\r\nLa9       La              Sim\r\nMedio enterrada en la arena\r\nMi                 Lam\r\nEn una playa olvidada. \r\n\r\nLam                   Mi\r\nTu nombre se est\u00e1 borrando\r\n                    Lam\r\nDe la proa de mi barca\r\nSol\r\nNadie sabe que esta copla,\r\nFa  Mi\r\nSe me escap\u00f3 a mi del alma\r\n\r\nLam  Rem  Lam  Mi  Lam\r\nLam  Rem  Lam  Mi  Lam<\/span><\/pre>\n<p style=\"text-align: center;\">\n","protected":false},"excerpt":{"rendered":"<p>&nbsp; Mi Barca Autor:\u00a0 \u00a0M\u00fasica \u00a0de \u00a0y letra de\u00a0Emilio Jose Interpretan: Emilio Jose Don Dudo \u00a0(www.TunaEspa\u00f1a.es) \u00a0 (www.TunaEspana.com) Ritmo: Enlace Youtube:\u00a0pinche aqui para escuchar la canci\u00f3n Jos\u00e9 Emilio L\u00f3pez Delgado, que as\u00ed se llama el cantautor \u00abEmilio Jos\u00e9\u00bb, naci\u00f3 en Fern\u00e1n N\u00fa\u00f1ez, C\u00f3rdoba (Espa\u00f1a), un 16 de Junio de 1950. En 1973, Emilio Jos\u00e9 ya [&hellip;]<\/p>\n","protected":false},"author":2,"featured_media":0,"comment_status":"closed","ping_status":"closed","sticky":false,"template":"","format":"standard","meta":[],"categories":[244,29,263],"tags":[],"_links":{"self":[{"href":"https:\/\/www.tunaespana.es\/index.php?rest_route=\/wp\/v2\/posts\/10743"}],"collection":[{"href":"https:\/\/www.tunaespana.es\/index.php?rest_route=\/wp\/v2\/posts"}],"about":[{"href":"https:\/\/www.tunaespana.es\/index.php?rest_route=\/wp\/v2\/types\/post"}],"author":[{"embeddable":true,"href":"https:\/\/www.tunaespana.es\/index.php?rest_route=\/wp\/v2\/users\/2"}],"replies":[{"embeddable":true,"href":"https:\/\/www.tunaespana.es\/index.php?rest_route=%2Fwp%2Fv2%2Fcomments&post=10743"}],"version-history":[{"count":6,"href":"https:\/\/www.tunaespana.es\/index.php?rest_route=\/wp\/v2\/posts\/10743\/revisions"}],"predecessor-version":[{"id":38638,"href":"https:\/\/www.tunaespana.es\/index.php?rest_route=\/wp\/v2\/posts\/10743\/revisions\/38638"}],"wp:attachment":[{"href":"https:\/\/www.tunaespana.es\/index.php?rest_route=%2Fwp%2Fv2%2Fmedia&parent=10743"}],"wp:term":[{"taxonomy":"category","embeddable":true,"href":"https:\/\/www.tunaespana.es\/index.php?rest_route=%2Fwp%2Fv2%2Fcategories&post=10743"},{"taxonomy":"post_tag","embeddable":true,"href":"https:\/\/www.tunaespana.es\/index.php?rest_route=%2Fwp%2Fv2%2Ftags&post=10743"}],"curies":[{"name":"wp","href":"https:\/\/api.w.org\/{rel}","templated":true}]}}