{"id":11134,"date":"2012-02-14T12:30:12","date_gmt":"2012-02-14T12:30:12","guid":{"rendered":"http:\/\/www.tunaespana.es\/?p=11134"},"modified":"2012-03-08T18:00:47","modified_gmt":"2012-03-08T18:00:47","slug":"los-cinco-negros-acordes-guitarra-letra-cancionero-tunatablaturas-cuatro-folclore-venezolano","status":"publish","type":"post","link":"https:\/\/www.tunaespana.es\/?p=11134","title":{"rendered":"Los cinco negros (Acordes guitarra) (Letra) Cancionero Tuna;Tablaturas Cuatro; Folclore Venezolano"},"content":{"rendered":"<p>&nbsp;<\/p>\n<h2><span style=\"color: #999999; font-family: 'Trebuchet MS', Verdana, Arial, Helvetica, sans-serif, georgia, times; font-size: x-small;\"><br \/>\n<\/span><\/h2>\n<p style=\"text-align: center;\"><strong><span style=\"font-size: x-large; color: #ff0000;\">Los cinco negros<\/span><\/strong><\/p>\n<p style=\"text-align: center;\">&nbsp;<\/p>\n<p style=\"text-align: center;\"><span style=\"color: #ffff00; font-size: medium;\"><span style=\"font-family: Georgia, 'Times New Roman', 'Bitstream Charter', Times, serif;\">Autor:\u00a0 \u00a0M\u00fasica \u00a0de \u00a0y letra de\u00a0William Atencio<\/span><\/span><\/p>\n<p style=\"text-align: center;\"><span style=\"color: #0047ff; font-size: medium;\"><span style=\"font-family: Georgia, 'Times New Roman', 'Bitstream Charter', Times, serif;\">Interpretan: Luis Germ\u00e1n Brice\u00f1o y Rinc\u00f3n Morales<\/span><\/span><\/p>\n<p style=\"text-align: center;\"><span style=\"color: #23ff23; font-size: medium;\"><span style=\"font-family: Georgia, 'Times New Roman', 'Bitstream Charter', Times, serif;\">Don Dudo \u00a0(www.TunaEspa\u00f1a.es) \u00a0 (www.TunaEspana.com)<\/span><\/span><\/p>\n<p style=\"text-align: center;\"><span style=\"color: #ff950e; font-size: medium;\"><span style=\"font-family: Georgia, 'Times New Roman', 'Bitstream Charter', Times, serif;\">Ritmo:\u00a0Gaita de Furro<\/span><\/span><\/p>\n<p style=\"text-align: center;\"><span style=\"color: #ff00ff; font-size: medium;\"><span style=\"font-family: Georgia, 'Times New Roman', 'Bitstream Charter', Times, serif;\">Folclore Venezolano<\/span><\/span><\/p>\n<p style=\"text-align: center;\"><span style=\"color: #ffff66; font-size: medium;\"><span style=\"font-family: Georgia, 'Times New Roman', 'Bitstream Charter', Times, serif;\">Tablaturas Cuatro Venezolano<\/span><\/span><\/p>\n<p style=\"text-align: center;\"><span style=\"color: #0000ff; font-size: medium;\"><span style=\"font-family: Georgia, 'Times New Roman', 'Bitstream Charter', Times, serif;\">Enlace Youtube:\u00a0<a href=\"http:\/\/www.youtube.com\/watch?v=eNjpEBNBPYY\">pinche aqui para escuchar la canci\u00f3n <\/a><\/span><\/span><\/p>\n<p style=\"text-align: center;\">&nbsp;<\/p>\n<p style=\"text-align: center;\">&nbsp;<\/p>\n<p style=\"text-align: center;\"><span style=\"color: #0000ff;\"><span style=\"font-family: Georgia, 'Times New Roman', 'Bitstream Charter', Times, serif;\"><span style=\"font-size: small;\"><br \/>\n<strong><img decoding=\"async\" id=\"los_cinco_negros_EKeyId1\" src=\"http:\/\/www.micuatro.com\/cuatroblog\/acordes\/v2\/am.jpg\" alt=\"\" width=\"45\" \/><br \/>\n<\/strong><br \/>\n<strong> <\/strong><br \/>\n<strong> <img decoding=\"async\" id=\"los_cinco_negros_EKeyId2\" src=\"http:\/\/www.micuatro.com\/cuatroblog\/acordes\/v2\/dm.jpg\" alt=\"\" width=\"45\" \/> <img decoding=\"async\" id=\"los_cinco_negros_EKeyId3\" src=\"http:\/\/www.micuatro.com\/cuatroblog\/acordes\/v2\/e7.jpg\" alt=\"\" width=\"45\" \/><img decoding=\"async\" id=\"los_cinco_negros_EKeyId4\" src=\"http:\/\/www.micuatro.com\/cuatroblog\/acordes\/v2\/am.jpg\" alt=\"\" width=\"45\" \/><br \/>\nSe form\u00f3 un gait\u00f3n\u00a0<span style=\"text-decoration: underline;\">e<\/span>n el solar de San P<span style=\"text-decoration: underline;\">e<\/span>dr\u00a0\u00a0<span style=\"text-decoration: underline;\">o<\/span><\/strong><br \/>\n<strong> <\/strong><br \/>\n<strong> <img decoding=\"async\" id=\"los_cinco_negros_EKeyId5\" src=\"http:\/\/www.micuatro.com\/cuatroblog\/acordes\/v2\/a7.jpg\" alt=\"\" width=\"45\" \/> <img decoding=\"async\" id=\"los_cinco_negros_EKeyId6\" src=\"http:\/\/www.micuatro.com\/cuatroblog\/acordes\/v2\/dm.jpg\" alt=\"\" width=\"45\" \/> <img decoding=\"async\" id=\"los_cinco_negros_EKeyId7\" src=\"http:\/\/www.micuatro.com\/cuatroblog\/acordes\/v2\/g7.jpg\" alt=\"\" width=\"45\" \/> <img decoding=\"async\" id=\"los_cinco_negros_EKeyId8\" src=\"http:\/\/www.micuatro.com\/cuatroblog\/acordes\/v2\/c.jpg\" alt=\"\" width=\"45\" \/><br \/>\nSe esc<span style=\"text-decoration: underline;\">u<\/span>cha la algarab<span style=\"text-decoration: underline;\">\u00ed<\/span>a de nuestra g<span style=\"text-decoration: underline;\">a<\/span>ita zuli<span style=\"text-decoration: underline;\">a<\/span>na <\/strong><br \/>\n<strong> <img decoding=\"async\" id=\"los_cinco_negros_EKeyId9\" src=\"http:\/\/www.micuatro.com\/cuatroblog\/acordes\/v2\/f.jpg\" alt=\"\" width=\"45\" \/> <img decoding=\"async\" id=\"los_cinco_negros_EKeyId10\" src=\"http:\/\/www.micuatro.com\/cuatroblog\/acordes\/v2\/e7.jpg\" alt=\"\" width=\"45\" \/> <img decoding=\"async\" id=\"los_cinco_negros_EKeyId11\" src=\"http:\/\/www.micuatro.com\/cuatroblog\/acordes\/v2\/am.jpg\" alt=\"\" width=\"45\" \/><br \/>\nDesde el r<span style=\"text-decoration: underline;\">e<\/span>ino de los ci<span style=\"text-decoration: underline;\">e<\/span>los notas cual lluvia nos b<span style=\"text-decoration: underline;\">a<\/span>\u00f1an <\/strong><br \/>\n<strong> <img decoding=\"async\" id=\"los_cinco_negros_EKeyId12\" src=\"http:\/\/www.micuatro.com\/cuatroblog\/acordes\/v2\/a7.jpg\" alt=\"\" width=\"45\" \/> <img decoding=\"async\" id=\"los_cinco_negros_EKeyId13\" src=\"http:\/\/www.micuatro.com\/cuatroblog\/acordes\/v2\/dm.jpg\" alt=\"\" width=\"45\" \/> <img decoding=\"async\" id=\"los_cinco_negros_EKeyId14\" src=\"http:\/\/www.micuatro.com\/cuatroblog\/acordes\/v2\/g7.jpg\" alt=\"\" width=\"45\" \/> <img decoding=\"async\" id=\"los_cinco_negros_EKeyId15\" src=\"http:\/\/www.micuatro.com\/cuatroblog\/acordes\/v2\/c.jpg\" alt=\"\" width=\"45\" \/><br \/>\nLos v<span style=\"text-decoration: underline;\">e<\/span>rsos los hace Ch<span style=\"text-decoration: underline;\">i<\/span>nco, Ray y R<span style=\"text-decoration: underline;\">i<\/span>cardo cant<span style=\"text-decoration: underline;\">a<\/span>ndo <\/strong><br \/>\n<strong> <img decoding=\"async\" id=\"los_cinco_negros_EKeyId16\" src=\"http:\/\/www.micuatro.com\/cuatroblog\/acordes\/v2\/f.jpg\" alt=\"\" width=\"45\" \/> <img decoding=\"async\" id=\"los_cinco_negros_EKeyId17\" src=\"http:\/\/www.micuatro.com\/cuatroblog\/acordes\/v2\/e7.jpg\" alt=\"\" width=\"45\" \/> <img decoding=\"async\" id=\"los_cinco_negros_EKeyId18\" src=\"http:\/\/www.micuatro.com\/cuatroblog\/acordes\/v2\/a.jpg\" alt=\"\" width=\"45\" \/><br \/>\nRey<span style=\"text-decoration: underline;\">i<\/span>to tocando el cu<span style=\"text-decoration: underline;\">a<\/span>tro Y Don Pedro est\u00e1 anim<span style=\"text-decoration: underline;\">a<\/span>ndo <\/strong><br \/>\n<strong> <\/strong><br \/>\n<strong> <img decoding=\"async\" id=\"los_cinco_negros_EKeyId19\" src=\"http:\/\/www.micuatro.com\/cuatroblog\/acordes\/v2\/e7.jpg\" alt=\"\" width=\"45\" \/><br \/>\nSe form\u00f3 un gait\u00f3n en el cielo todo se vuelve alegr<span style=\"text-decoration: underline;\">\u00ed<\/span>a <\/strong><br \/>\n<strong> <img decoding=\"async\" id=\"los_cinco_negros_EKeyId20\" src=\"http:\/\/www.micuatro.com\/cuatroblog\/acordes\/v2\/a.jpg\" alt=\"\" width=\"45\" \/><br \/>\nSan Pedro, San Lucas, San Marcos, San Carlos y San Tob<span style=\"text-decoration: underline;\">\u00ed<\/span>as <\/strong><br \/>\n<strong> <img decoding=\"async\" id=\"los_cinco_negros_EKeyId21\" src=\"http:\/\/www.micuatro.com\/cuatroblog\/acordes\/v2\/a7.jpg\" alt=\"\" width=\"45\" \/> <img decoding=\"async\" id=\"los_cinco_negros_EKeyId22\" src=\"http:\/\/www.micuatro.com\/cuatroblog\/acordes\/v2\/dm.jpg\" alt=\"\" width=\"45\" \/> <img decoding=\"async\" id=\"los_cinco_negros_EKeyId23\" src=\"http:\/\/www.micuatro.com\/cuatroblog\/acordes\/v2\/g7.jpg\" alt=\"\" width=\"45\" \/> <img decoding=\"async\" id=\"los_cinco_negros_EKeyId24\" src=\"http:\/\/www.micuatro.com\/cuatroblog\/acordes\/v2\/c.jpg\" alt=\"\" width=\"45\" \/><img decoding=\"async\" id=\"los_cinco_negros_EKeyId25\" src=\"http:\/\/www.micuatro.com\/cuatroblog\/acordes\/v2\/f.jpg\" alt=\"\" width=\"45\" \/><br \/>\ncogi<span style=\"text-decoration: underline;\">e<\/span>ron los instrum<span style=\"text-decoration: underline;\">e<\/span>ntos para esta g<span style=\"text-decoration: underline;\">a<\/span>ita poder toc<span style=\"text-decoration: underline;\">a<\/span>r \u00a0\u00a0<span style=\"text-decoration: underline;\"> <\/span><\/strong><br \/>\n<strong> <img decoding=\"async\" id=\"los_cinco_negros_EKeyId26\" src=\"http:\/\/www.micuatro.com\/cuatroblog\/acordes\/v2\/e7.jpg\" alt=\"\" width=\"45\" \/> <img decoding=\"async\" id=\"los_cinco_negros_EKeyId27\" src=\"http:\/\/www.micuatro.com\/cuatroblog\/acordes\/v2\/am.jpg\" alt=\"\" width=\"45\" \/><br \/>\ny as\u00ed acompa\u00f1<span style=\"text-decoration: underline;\">a<\/span>r a Pedro y Chinco a Ray a Reyito y a Ricardo Aguirre El Monument<span style=\"text-decoration: underline;\">a<\/span>l<\/strong><br \/>\n<strong> <img decoding=\"async\" id=\"los_cinco_negros_EKeyId28\" src=\"http:\/\/www.micuatro.com\/cuatroblog\/acordes\/v2\/e7.jpg\" alt=\"\" width=\"45\" \/><img decoding=\"async\" id=\"los_cinco_negros_EKeyId29\" src=\"http:\/\/www.micuatro.com\/cuatroblog\/acordes\/v2\/am.jpg\" alt=\"\" width=\"45\" \/><br \/>\nse form\u00f3 un gait\u00f3n en el solar de San P<span style=\"text-decoration: underline;\">e<\/span>dr\u00a0\u00a0<span style=\"text-decoration: underline;\">o<\/span> <\/strong><br \/>\n<strong> <\/strong><br \/>\n<strong>La parranda est\u00e1 formada la gente sigue llegando <\/strong><br \/>\n<strong>Pap\u00e1 Dios est\u00e1 observando no quiere perderse nada <\/strong><br \/>\n<strong>Y nuestra Chinita ufana contenta dice a San Pedro <\/strong><br \/>\n<strong>estos son mis cinco negros que cantan gaita zuliana <\/strong><br \/>\n<strong> <\/strong><br \/>\n<strong>Se form\u00f3 un gait\u00f3n en el cielo todo se vuelve alegr\u00eda&#8230; <\/strong><br \/>\n<strong> <\/strong><br \/>\n<strong>El set ya va aterminar Don Pedro sigue animando <\/strong><br \/>\n<strong>y le pregunta a Ricardo \u00bfqu\u00e9 gaita vais a cantar? <\/strong><br \/>\n<strong>\u00bfPa&#8217;qu\u00e9 me lo preguntais? anunci\u00e1 la soberana <\/strong><br \/>\n<strong>les canta el monumetal su imponente Grey Zuliana <\/strong><br \/>\n<strong> <\/strong><br \/>\n<strong>Se form\u00f3 un gait\u00f3n en el cielo todo se vuelve alegr\u00eda&#8230; <\/strong><br \/>\n<\/span><\/span><\/span><\/p>\n<p style=\"text-align: center;\">&nbsp;<\/p>\n","protected":false},"excerpt":{"rendered":"<p>&nbsp; Los cinco negros &nbsp; Autor:\u00a0 \u00a0M\u00fasica \u00a0de \u00a0y letra de\u00a0William Atencio Interpretan: Luis Germ\u00e1n Brice\u00f1o y Rinc\u00f3n Morales Don Dudo \u00a0(www.TunaEspa\u00f1a.es) \u00a0 (www.TunaEspana.com) Ritmo:\u00a0Gaita de Furro Folclore Venezolano Tablaturas Cuatro Venezolano Enlace Youtube:\u00a0pinche aqui para escuchar la canci\u00f3n &nbsp; &nbsp; Se form\u00f3 un gait\u00f3n\u00a0en el solar de San Pedr\u00a0\u00a0o Se escucha la algarab\u00eda de [&hellip;]<\/p>\n","protected":false},"author":2,"featured_media":0,"comment_status":"closed","ping_status":"closed","sticky":false,"template":"","format":"standard","meta":[],"categories":[711,710,30,263],"tags":[],"_links":{"self":[{"href":"https:\/\/www.tunaespana.es\/index.php?rest_route=\/wp\/v2\/posts\/11134"}],"collection":[{"href":"https:\/\/www.tunaespana.es\/index.php?rest_route=\/wp\/v2\/posts"}],"about":[{"href":"https:\/\/www.tunaespana.es\/index.php?rest_route=\/wp\/v2\/types\/post"}],"author":[{"embeddable":true,"href":"https:\/\/www.tunaespana.es\/index.php?rest_route=\/wp\/v2\/users\/2"}],"replies":[{"embeddable":true,"href":"https:\/\/www.tunaespana.es\/index.php?rest_route=%2Fwp%2Fv2%2Fcomments&post=11134"}],"version-history":[{"count":2,"href":"https:\/\/www.tunaespana.es\/index.php?rest_route=\/wp\/v2\/posts\/11134\/revisions"}],"predecessor-version":[{"id":11823,"href":"https:\/\/www.tunaespana.es\/index.php?rest_route=\/wp\/v2\/posts\/11134\/revisions\/11823"}],"wp:attachment":[{"href":"https:\/\/www.tunaespana.es\/index.php?rest_route=%2Fwp%2Fv2%2Fmedia&parent=11134"}],"wp:term":[{"taxonomy":"category","embeddable":true,"href":"https:\/\/www.tunaespana.es\/index.php?rest_route=%2Fwp%2Fv2%2Fcategories&post=11134"},{"taxonomy":"post_tag","embeddable":true,"href":"https:\/\/www.tunaespana.es\/index.php?rest_route=%2Fwp%2Fv2%2Ftags&post=11134"}],"curies":[{"name":"wp","href":"https:\/\/api.w.org\/{rel}","templated":true}]}}