{"id":12688,"date":"2012-04-18T18:24:58","date_gmt":"2012-04-18T18:24:58","guid":{"rendered":"http:\/\/www.tunaespana.es\/?p=12688"},"modified":"2012-04-18T21:18:44","modified_gmt":"2012-04-18T21:18:44","slug":"rio-manzanares-acorde-guitarra-letra-tablatura-cancionero-tunafolklore-cuatro-venezolano","status":"publish","type":"post","link":"https:\/\/www.tunaespana.es\/?p=12688","title":{"rendered":"Rio Manzanares (Acorde guitarra) (Letra Tablatura) cancionero Tuna;Folklore Cuatro Venezolano"},"content":{"rendered":"<p style=\"text-align: center;\">\u00a0<\/p>\n<p style=\"text-align: center;\"><span style=\"color: #ff3366; font-size: xx-small;\"><strong><span style=\"font-size: x-large;\">Rio Manzanares<\/span><\/strong><br \/>\n<\/span><\/p>\n<p style=\"text-align: center;\"><span style=\"color: #ffff00;\"><span style=\"font-family: Georgia, 'Times New Roman', 'Bitstream Charter', Times, serif;\"><span style=\"font-size: small;\">Autor:\u00a0 \u00a0M\u00fasica \u00a0 \u00a0y letra de\u00a0Jos\u00e9 Antonio Lopez<\/span><\/span><\/span><\/p>\n<p style=\"text-align: center;\"><span style=\"color: #0047ff;\"><span style=\"font-family: Georgia, 'Times New Roman', 'Bitstream Charter', Times, serif;\"><span style=\"font-size: small;\">Interpretan: Isabel Parra y Angel Parra ; La Sonora Matancera en la voz de V\u00edctor Pi\u00f1ero (versi\u00f3n a\u00f1o 1958);\u00a0Los Sabande\u00f1os<\/span><\/span><\/span><\/p>\n<p style=\"text-align: center;\"><span style=\"color: #23ff23;\"><span style=\"font-family: Georgia, 'Times New Roman', 'Bitstream Charter', Times, serif;\"><span style=\"font-size: small;\">TunaEspa\u00f1a (Don Dudo) www.TunaEspa\u00f1a.es \u00a0 www.TunaEspana.com<\/span><\/span><\/span><\/p>\n<p style=\"text-align: center;\"><span style=\"color: #ff950e;\"><span style=\"font-family: Georgia, 'Times New Roman', 'Bitstream Charter', Times, serif;\"><span style=\"font-size: small;\">Ritmo: <\/span><\/span><\/span><\/p>\n<p style=\"text-align: center;\"><span style=\"color: #ff00ff;\"><span style=\"font-family: Georgia, 'Times New Roman', 'Bitstream Charter', Times, serif;\"><span style=\"font-size: small;\">Folclore Venezolano<\/span><\/span><\/span><\/p>\n<p style=\"text-align: center;\"><span style=\"color: #ffff66;\"><span style=\"font-family: Georgia, 'Times New Roman', 'Bitstream Charter', Times, serif;\"><span style=\"font-size: small;\">Tablaturas Cuatro Venezolano<\/span><\/span><\/span><\/p>\n<p style=\"text-align: center;\"><span style=\"color: #0000ff;\"><span style=\"font-family: Georgia, 'Times New Roman', 'Bitstream Charter', Times, serif;\"><span style=\"font-size: small;\">Enlace Youtube:\u00a0<a href=\"http:\/\/www.youtube.com\/watch?v=FxSh35xA8pc\">pinche aqui para escuchar la canci\u00f3n<\/a> (Isabel Parra y Angel Parra)<\/span><\/span><\/span><\/p>\n<p style=\"text-align: center;\"><span style=\"color: #0000ff;\"><span style=\"font-family: Georgia, 'Times New Roman', 'Bitstream Charter', Times, serif;\"><span style=\"font-size: small;\">Enlace Youtube:\u00a0<a href=\"http:\/\/www.youtube.com\/watch?v=T3oRcPUfTFc\">pinche aqui para escuchar la canci\u00f3n<\/a> (Sonora Matancera)<\/span><\/span><\/span><\/p>\n<h1><a href=\"http:\/\/www.tunaespana.es\/wp-content\/uploads\/2012\/04\/Tuna-Espa\u00f1a-Cumana_rio_Manzanares_1900-DD.jpg\"><img decoding=\"async\" loading=\"lazy\" class=\"aligncenter size-medium wp-image-12690\" title=\"Tuna Espa\u00f1a Cumana_rio_Manzanares_1900 DD\" src=\"http:\/\/www.tunaespana.es\/wp-content\/uploads\/2012\/04\/Tuna-Espa\u00f1a-Cumana_rio_Manzanares_1900-DD-300x218.jpg\" alt=\"\" width=\"300\" height=\"218\" srcset=\"https:\/\/www.tunaespana.es\/wp-content\/uploads\/2012\/04\/Tuna-Espa\u00f1a-Cumana_rio_Manzanares_1900-DD-300x218.jpg 300w, https:\/\/www.tunaespana.es\/wp-content\/uploads\/2012\/04\/Tuna-Espa\u00f1a-Cumana_rio_Manzanares_1900-DD.jpg 480w\" sizes=\"(max-width: 300px) 100vw, 300px\" \/><\/a><\/h1>\n<p style=\"text-align: center;\"><span style=\"color: #cc99ff;\">Rio Manzanares, el Eterno Amor de la Sultana Cumana. Foto del 1900. <\/span><\/p>\n<p style=\"text-align: center;\"><span style=\"color: #0000ff;\"><span style=\"font-family: Georgia, 'Times New Roman', 'Bitstream Charter', Times, serif;\"><span style=\"font-size: small;\"><span style=\"color: #cc99ff;\">Es un corto r\u00edo de Venezuela, tiene origen en la Serran\u00eda del Turimiquire, a 2.200 m, y despu\u00e9s de recorrer <span style=\"color: #ff99cc;\">80 km <\/span>y de irrigar una cuenca de unos 1.000 km\u00b2, desemboca en el golfo de Cariaco, en el Mar Caribe. \u00a0Pasa por Cuman\u00e1\u00a0(capital del estado de Sucre).\u00a0El origen del nombre deriva del rio\u00a0 que atraviesa <span style=\"color: #ffff99;\">Madrid<\/span>, la capital de La <span style=\"color: #ffff00;\">\u00abMadre Espa\u00f1a\u00bb.<\/span><\/span><br \/>\n<\/span><\/span><\/span><\/p>\n<p style=\"text-align: center;\"><a href=\"http:\/\/www.tunaespana.es\/wp-content\/uploads\/2012\/04\/Tuna-Espa\u00f1a-Rio-Manzanares-Madrid-DD.jpg\"><img decoding=\"async\" loading=\"lazy\" class=\"aligncenter size-medium wp-image-12689\" title=\"Tuna Espa\u00f1a Rio Manzanares (Madrid) DD\" src=\"http:\/\/www.tunaespana.es\/wp-content\/uploads\/2012\/04\/Tuna-Espa\u00f1a-Rio-Manzanares-Madrid-DD-300x231.jpg\" alt=\"\" width=\"300\" height=\"231\" srcset=\"https:\/\/www.tunaespana.es\/wp-content\/uploads\/2012\/04\/Tuna-Espa\u00f1a-Rio-Manzanares-Madrid-DD-300x231.jpg 300w, https:\/\/www.tunaespana.es\/wp-content\/uploads\/2012\/04\/Tuna-Espa\u00f1a-Rio-Manzanares-Madrid-DD.jpg 338w\" sizes=\"(max-width: 300px) 100vw, 300px\" \/><\/a><\/p>\n<p style=\"text-align: center;\"><span style=\"color: #cc99ff;\"><span style=\"font-family: Georgia, 'Times New Roman', 'Bitstream Charter', Times, serif;\"><span style=\"font-size: small;\"><strong><img decoding=\"async\" id=\"rio_manzanares_EKeyId1\" src=\"http:\/\/www.micuatro.com\/cuatroblog\/images\/server\/get_chord.php?chord_name=em\" alt=\"\" \/>..<img decoding=\"async\" id=\"rio_manzanares_EKeyId2\" src=\"http:\/\/www.micuatro.com\/cuatroblog\/images\/server\/get_chord.php?chord_name=am\" alt=\"\" \/><img decoding=\"async\" id=\"rio_manzanares_EKeyId3\" src=\"http:\/\/www.micuatro.com\/cuatroblog\/images\/server\/get_chord.php?chord_name=d7\" alt=\"\" \/>.. ..\u00a0<img decoding=\"async\" id=\"rio_manzanares_EKeyId4\" src=\"http:\/\/www.micuatro.com\/cuatroblog\/images\/server\/get_chord.php?chord_name=g\" alt=\"\" \/><img decoding=\"async\" id=\"rio_manzanares_EKeyId5\" src=\"http:\/\/www.micuatro.com\/cuatroblog\/images\/server\/get_chord.php?chord_name=c\" alt=\"\" \/><\/strong><br \/>\n<span style=\"text-decoration: underline;\">R\u00ed<\/span>o Manza<span style=\"text-decoration: underline;\">na<\/span>res,\u00a0\u00a0<span style=\"text-decoration: underline;\"> <\/span>d\u00e9jame pa<span style=\"text-decoration: underline;\">sar<\/span>,<br \/>\n<strong>.. .. .. .. .<img decoding=\"async\" id=\"rio_manzanares_EKeyId6\" src=\"http:\/\/www.micuatro.com\/cuatroblog\/images\/server\/get_chord.php?chord_name=b7\" alt=\"\" \/>.. .. .. ..<img decoding=\"async\" id=\"rio_manzanares_EKeyId7\" src=\"http:\/\/www.micuatro.com\/cuatroblog\/images\/server\/get_chord.php?chord_name=em\" alt=\"\" \/><\/strong><br \/>\nque mi madre en<span style=\"text-decoration: underline;\">fer<\/span>ma me mand\u00f3 lla<span style=\"text-decoration: underline;\">mar<\/span>.<\/span><\/span><\/span><\/p>\n<p><strong><img decoding=\"async\" id=\"rio_manzanares_EKeyId8\" src=\"http:\/\/www.micuatro.com\/cuatroblog\/images\/server\/get_chord.php?chord_name=em\" alt=\"\" \/>. .. .. .. .. ..<img decoding=\"async\" id=\"rio_manzanares_EKeyId9\" src=\"http:\/\/www.micuatro.com\/cuatroblog\/images\/server\/get_chord.php?chord_name=d7\" alt=\"\" \/> . .. .. .. .. .. ..<img decoding=\"async\" id=\"rio_manzanares_EKeyId10\" src=\"http:\/\/www.micuatro.com\/cuatroblog\/images\/server\/get_chord.php?chord_name=g\" alt=\"\" \/><\/strong><br \/>\n<span style=\"text-decoration: underline;\">Mi<\/span> madre es la \u00fanica es<span style=\"text-decoration: underline;\">tre<\/span>lla que alumbra mi porve<span style=\"text-decoration: underline;\">nir<\/span>,<br \/>\n<strong>..\u00a0<img decoding=\"async\" id=\"rio_manzanares_EKeyId11\" src=\"http:\/\/www.micuatro.com\/cuatroblog\/images\/server\/get_chord.php?chord_name=c\" alt=\"\" \/> .. ..<img decoding=\"async\" id=\"rio_manzanares_EKeyId12\" src=\"http:\/\/www.micuatro.com\/cuatroblog\/images\/server\/get_chord.php?chord_name=e7\" alt=\"\" \/>.. .. .. .. .. ..<img decoding=\"async\" id=\"rio_manzanares_EKeyId13\" src=\"http:\/\/www.micuatro.com\/cuatroblog\/images\/server\/get_chord.php?chord_name=em\" alt=\"\" \/><\/strong><br \/>\ny si\u00a0<span style=\"text-decoration: underline;\">se<\/span> llega a mo<span style=\"text-decoration: underline;\">rir<\/span>, al cielo me voy con\u00a0<span style=\"text-decoration: underline;\">e<\/span>lla (Bis)<\/p>\n<p>R\u00edo Manzanares, d\u00e9jame pasar\u2026<\/p>\n<p>Ay, Cuman\u00e1, qui\u00e9n te viera y por tus calles pasara<br \/>\ny a San Francisco fuera a misa de madrugada. (Bis)<\/p>\n<p>R\u00edo Manzanares, d\u00e9jame pasar\u2026<\/p>\n<p>Si el Manzanares me diera su licencia y libertad,<br \/>\nen sus aguas me ba\u00f1ara cuando la calor me da. (Bis)<\/p>\n<p>R\u00edo Manzanares, d\u00e9jame pasar\u2026<\/p>\n<p>Manzanares, Manzanares, con tus corrientes de arena,<br \/>\nal\u00edviame los pesares, ll\u00e9vate pronto mis penas. (Bis)<\/p>\n<p>R\u00edo Manzanares, d\u00e9jame pasar\u2026<\/p>\n<p>Qu\u00e9 refr\u00e1n tan verdadero que tienen los cumaneses:<br \/>\nLo que se pierde en el agua, en el asiento aparece. (Bis)<\/p>\n<p style=\"text-align: center;\">\u00a0<\/p>\n","protected":false},"excerpt":{"rendered":"<p>\u00a0 Rio Manzanares Autor:\u00a0 \u00a0M\u00fasica \u00a0 \u00a0y letra de\u00a0Jos\u00e9 Antonio Lopez Interpretan: Isabel Parra y Angel Parra ; La Sonora Matancera en la voz de V\u00edctor Pi\u00f1ero (versi\u00f3n a\u00f1o 1958);\u00a0Los Sabande\u00f1os TunaEspa\u00f1a (Don Dudo) www.TunaEspa\u00f1a.es \u00a0 www.TunaEspana.com Ritmo: Folclore Venezolano Tablaturas Cuatro Venezolano Enlace Youtube:\u00a0pinche aqui para escuchar la canci\u00f3n (Isabel Parra y Angel Parra) [&hellip;]<\/p>\n","protected":false},"author":2,"featured_media":0,"comment_status":"closed","ping_status":"closed","sticky":false,"template":"","format":"standard","meta":[],"categories":[711,710,23,263],"tags":[],"_links":{"self":[{"href":"https:\/\/www.tunaespana.es\/index.php?rest_route=\/wp\/v2\/posts\/12688"}],"collection":[{"href":"https:\/\/www.tunaespana.es\/index.php?rest_route=\/wp\/v2\/posts"}],"about":[{"href":"https:\/\/www.tunaespana.es\/index.php?rest_route=\/wp\/v2\/types\/post"}],"author":[{"embeddable":true,"href":"https:\/\/www.tunaespana.es\/index.php?rest_route=\/wp\/v2\/users\/2"}],"replies":[{"embeddable":true,"href":"https:\/\/www.tunaespana.es\/index.php?rest_route=%2Fwp%2Fv2%2Fcomments&post=12688"}],"version-history":[{"count":4,"href":"https:\/\/www.tunaespana.es\/index.php?rest_route=\/wp\/v2\/posts\/12688\/revisions"}],"predecessor-version":[{"id":12693,"href":"https:\/\/www.tunaespana.es\/index.php?rest_route=\/wp\/v2\/posts\/12688\/revisions\/12693"}],"wp:attachment":[{"href":"https:\/\/www.tunaespana.es\/index.php?rest_route=%2Fwp%2Fv2%2Fmedia&parent=12688"}],"wp:term":[{"taxonomy":"category","embeddable":true,"href":"https:\/\/www.tunaespana.es\/index.php?rest_route=%2Fwp%2Fv2%2Fcategories&post=12688"},{"taxonomy":"post_tag","embeddable":true,"href":"https:\/\/www.tunaespana.es\/index.php?rest_route=%2Fwp%2Fv2%2Ftags&post=12688"}],"curies":[{"name":"wp","href":"https:\/\/api.w.org\/{rel}","templated":true}]}}