{"id":12737,"date":"2012-04-22T11:06:07","date_gmt":"2012-04-22T11:06:07","guid":{"rendered":"http:\/\/www.tunaespana.es\/?p=12737"},"modified":"2012-04-22T11:06:07","modified_gmt":"2012-04-22T11:06:07","slug":"habaneras-de-sevilla-acorde-guitarra-letra-musica-cancionero-tuna-tabulado","status":"publish","type":"post","link":"https:\/\/www.tunaespana.es\/?p=12737","title":{"rendered":"Habaneras De Sevilla (Acorde guitarra) (Letra Musica) cancionero Tuna (Tabulado)"},"content":{"rendered":"<p style=\"text-align: center;\">&nbsp;<\/p>\n<p style=\"text-align: center;\"><span style=\"color: #ff0000;\"><strong><span style=\"font-size: x-large;\">Habaneras De Sevilla<\/span><\/strong><\/span><\/p>\n<p style=\"text-align: center;\"><span style=\"color: #ff0000;\"><strong><span style=\"font-size: x-large;\"><br \/>\n<\/span><\/strong><\/span><\/p>\n<p style=\"text-align: center;\"><span style=\"color: #ffff00;\"><span style=\"font-family: Georgia, 'Times New Roman', 'Bitstream Charter', Times, serif;\"><span style=\"font-size: small;\">Autor:\u00a0 \u00a0M\u00fasica \u00a0 \u00a0y letra de Carlos Cano<\/span><\/span><\/span><\/p>\n<p style=\"text-align: center;\"><span style=\"color: #0047ff;\"><span style=\"font-family: Georgia, 'Times New Roman', 'Bitstream Charter', Times, serif;\"><span style=\"font-size: small;\">Interpretan: Carlos Cano; Maria Dolores Pradera<\/span><\/span><\/span><\/p>\n<p style=\"text-align: center;\"><span style=\"color: #23ff23;\"><span style=\"font-family: Georgia, 'Times New Roman', 'Bitstream Charter', Times, serif;\"><span style=\"font-size: small;\">TunaEspa\u00f1a (Don Dudo)  www.TunaEspa\u00f1a.es   \u00a0 www.TunaEspana.com<\/span><\/span><\/span><\/p>\n<p style=\"text-align: center;\"><span style=\"color: #ff950e;\"><span style=\"font-family: Georgia, 'Times New Roman', 'Bitstream Charter', Times, serif;\"><span style=\"font-size: small;\">Ritmo: Habanera<\/span><\/span><\/span><\/p>\n<p style=\"text-align: center;\"><span style=\"color: #ff00ff;\"><span style=\"font-family: Georgia, 'Times New Roman', 'Bitstream Charter', Times, serif;\"><span style=\"font-size: small;\">Espa\u00f1a<\/span><\/span><\/span><\/p>\n<p style=\"text-align: center;\"><span style=\"font-size: small; color: #0000ff;\">Enlace Youtube:\u00a0<a href=\"http:\/\/www.youtube.com\/watch?v=g_j5YBoJIAQ\">pinche aqui para escuchar la canci\u00f3n<\/a><\/span><\/p>\n<p style=\"text-align: center;\">&nbsp;<\/p>\n<p style=\"text-align: center;\"><span style=\"font-size: small; color: #0000ff;\"><a href=\"http:\/\/www.tunaespana.es\/wp-content\/uploads\/2012\/04\/Tuna-Espa\u00f1a-Sevilla-DD.jpg\"><img decoding=\"async\" loading=\"lazy\" class=\"aligncenter size-medium wp-image-12738\" title=\"Tuna Espa\u00f1a Sevilla DD\" src=\"http:\/\/www.tunaespana.es\/wp-content\/uploads\/2012\/04\/Tuna-Espa\u00f1a-Sevilla-DD-300x193.jpg\" alt=\"\" width=\"300\" height=\"193\" srcset=\"https:\/\/www.tunaespana.es\/wp-content\/uploads\/2012\/04\/Tuna-Espa\u00f1a-Sevilla-DD-300x193.jpg 300w, https:\/\/www.tunaespana.es\/wp-content\/uploads\/2012\/04\/Tuna-Espa\u00f1a-Sevilla-DD-1024x660.jpg 1024w, https:\/\/www.tunaespana.es\/wp-content\/uploads\/2012\/04\/Tuna-Espa\u00f1a-Sevilla-DD.jpg 1601w\" sizes=\"(max-width: 300px) 100vw, 300px\" \/><\/a><br \/>\n<\/span><\/p>\n<p style=\"text-align: center;\"><span style=\"color: #cc99ff;\">Confundiendo Mitolog\u00eda e Historia el origen de Sevilla se remonta al pueblo Tartesso cuyo nombre proviene del que recib\u00eda entonces el r\u00edo Guadalquivir (Tarssis).\u00a0Desde tartessos hasta nuestros d\u00edas Sevilla ha sido romana, visigoda, musulmana y cristiana.<\/span><\/p>\n<p style=\"text-align: center;\"><span style=\"color: #cc99ff;\"><br \/>\n<\/span><\/p>\n<p>&nbsp;<\/p>\n<pre><span style=\"color: #cc99ff;\">INTRO:    DO#m    SOL#m    RE#   SOL#m\r\n\r\nVOZ1:\r\n\r\n  SOL#m                       DO#m      FA#         SOL#m   \r\nAUN RECUERDO EL PIANO DE AQUELLA NI\u00d1A QUE HABIA EN SEVILLA\r\n                  RE#                       SOL#m\r\n LA NOVIA DEL EMBARCADO    NUNCA LA SIESTA DORMIA\r\n   FA#         FA#7              SI    LA7\/10-\r\n SOLA EN LOS CORREDORES DE MECEDORA  \r\n      LAbm7\/9-       LA#      RE#  (RE#7)    \r\n DE CONSOLA Y LORITO SUE\u00d1A EL QUERER\r\n     DO#m               SOL#m               RE#       SOL#m\r\n QUE A CUBA SE FUE    Y AQUELLA MUJER  ESTA TOCANDO EL PIANO\r\n      DO#m            SOL#m           RE#             SOL\r\n ESCRIBEN SU BLANCA MANO  CARTAS DE AMORES QUE HAN DE VOLVER     \r\n\r\n        SOL#            RE#         RE#7              SOL#\r\nCAMBIO  AY, VOLE CANTILLANA        AY,    CUANTO LO QUERIA\r\n                                 RE#  (FA7  LA#m)\r\n    ERA TRIGO SU PELO CUANDO EMBARCABA \r\n          RE#        RE#7          SOL#    (SOL#-LA-SOL#)\r\n    ERA NIEVE EL PA\u00d1UELO QUE ADIOS DECIA\r\n    SOL#              RE#   LA#m   REdism    DO        \r\n    AY,  SUSPIRA LA FUENTE AY,  DORMITA EL PREGON   (parada)\r\n    DO#            SOL#              RE#              SOL#\r\n    LA COPLA DE UN PIANILLO SE VA METIENDO POR LOS BALCONES\r\n        DO#          SOL#\r\n    NAVEGAN LOS GALEONES  \r\n                        RE#       SOL#       SOL#m   \r\n    QUE HAY EN LOS CUADROS DEL CORREDOR     (parada)\r\n\r\nSEVILLANAS\r\n          MI7            RE#    (MI RE#)                            \r\n  SE BAMBOLEAN, SE BAMBOLEAN \r\n                        MI\r\n  SE BAMBOLEA LA GOLETA EN EL RIO \r\n            RE#                MI          RE#   (MI RE#)\r\n  SE BAMBOLEA QUE VIENE DE SANLUCAR CON LA MAREA\r\n                              MI               RE#       \r\n  VIVA SEVILLA  Y LOS BARCOS QUE SALEN PA LAS ANTILLAS \r\n                     MI            RE#       ( MI RE#)\r\n  Y LOS BARCOS QUE SALEN   PA LAS ANTILLAS\r\n  RE#7    SOL#m   DO#7          FA# \r\n  VIVA TRIANA Y LOS BARCOS QUE VIENEN \r\n         SI7         MI    SIb7\/5-   RE#\r\n  Y LOS BARCOS QUE VIENEN DESDE LA HABANA\r\n\r\nVOZ 2:\r\n SE CALLA EL PIANILLO TRAS LOS VISILLOS SUENA EL PIANO\r\n\r\n QUE DULCE LO TOCA AHORA LA NOVIA DEL EMBARCADO\r\n\r\n LAS MECEDORAS BAILAN SUS HABANERAS \r\n\r\n CON SU SU SON DE CAOBA MANIGUA Y RON\r\n\r\n Y SE ABRE EL BLACON  SUSPIRA EL PREGON \r\n\r\n AY BARRIO DEL BARATILLO     \r\n\r\nTIENE COLOR DE MURILLO LA SIESTA  TRISTE DE AQUEL SALON\r\n\r\nCAMBIO2;\r\n   AY  NOVIO MARINERO AY CAPITAN DE MI PUERTO\r\n\r\n   QUE BLANCAS SON LAS VELAS DE TU GOLETA\r\n\r\n   QUE SECRETAS LAS PENAS DE MI PA\u00d1UELO\r\n\r\n   AY  QUE SE FUE PA CUBA     AY QUE VENGA POR DIOS \r\n\r\n   QUE VENGA POR EL RIO   EN SU GOLETA DESDE SANLUCAR\r\n\r\n  QUE ESTA COPLA DE AZUCAR   PONE MAS DULCE MI CORAZON \r\n\r\n<\/span><\/pre>\n<p>&nbsp;<\/p>\n<p>&nbsp;<\/p>\n","protected":false},"excerpt":{"rendered":"<p>&nbsp; Habaneras De Sevilla Autor:\u00a0 \u00a0M\u00fasica \u00a0 \u00a0y letra de Carlos Cano Interpretan: Carlos Cano; Maria Dolores Pradera TunaEspa\u00f1a (Don Dudo) www.TunaEspa\u00f1a.es \u00a0 www.TunaEspana.com Ritmo: Habanera Espa\u00f1a Enlace Youtube:\u00a0pinche aqui para escuchar la canci\u00f3n &nbsp; Confundiendo Mitolog\u00eda e Historia el origen de Sevilla se remonta al pueblo Tartesso cuyo nombre proviene del que recib\u00eda entonces [&hellip;]<\/p>\n","protected":false},"author":2,"featured_media":0,"comment_status":"closed","ping_status":"closed","sticky":false,"template":"","format":"standard","meta":[],"categories":[34,263],"tags":[],"_links":{"self":[{"href":"https:\/\/www.tunaespana.es\/index.php?rest_route=\/wp\/v2\/posts\/12737"}],"collection":[{"href":"https:\/\/www.tunaespana.es\/index.php?rest_route=\/wp\/v2\/posts"}],"about":[{"href":"https:\/\/www.tunaespana.es\/index.php?rest_route=\/wp\/v2\/types\/post"}],"author":[{"embeddable":true,"href":"https:\/\/www.tunaespana.es\/index.php?rest_route=\/wp\/v2\/users\/2"}],"replies":[{"embeddable":true,"href":"https:\/\/www.tunaespana.es\/index.php?rest_route=%2Fwp%2Fv2%2Fcomments&post=12737"}],"version-history":[{"count":1,"href":"https:\/\/www.tunaespana.es\/index.php?rest_route=\/wp\/v2\/posts\/12737\/revisions"}],"predecessor-version":[{"id":12739,"href":"https:\/\/www.tunaespana.es\/index.php?rest_route=\/wp\/v2\/posts\/12737\/revisions\/12739"}],"wp:attachment":[{"href":"https:\/\/www.tunaespana.es\/index.php?rest_route=%2Fwp%2Fv2%2Fmedia&parent=12737"}],"wp:term":[{"taxonomy":"category","embeddable":true,"href":"https:\/\/www.tunaespana.es\/index.php?rest_route=%2Fwp%2Fv2%2Fcategories&post=12737"},{"taxonomy":"post_tag","embeddable":true,"href":"https:\/\/www.tunaespana.es\/index.php?rest_route=%2Fwp%2Fv2%2Ftags&post=12737"}],"curies":[{"name":"wp","href":"https:\/\/api.w.org\/{rel}","templated":true}]}}