{"id":12781,"date":"2012-04-23T18:03:49","date_gmt":"2012-04-23T18:03:49","guid":{"rendered":"http:\/\/www.tunaespana.es\/?p=12781"},"modified":"2014-10-07T16:41:28","modified_gmt":"2014-10-07T16:41:28","slug":"simon-bolivar-acorde-guitarra-letra-tablatura-cancionero-tunafolklore-cuatro-venezolano","status":"publish","type":"post","link":"https:\/\/www.tunaespana.es\/?p=12781","title":{"rendered":"Simon Bolivar,Acorde Guitarra, Letra Tabladura, Cancionero Tuna,Cuatro Venezolano"},"content":{"rendered":"<p>&nbsp;<\/p>\n<p style=\"text-align: center;\"><strong><span style=\"color: #ff3366; font-size: x-large;\">Sim\u00f3n Bol\u00edvar <\/span><\/strong><\/p>\n<p style=\"text-align: center;\"><strong><span style=\"color: #ff3366; font-size: x-large;\"><a href=\"http:\/\/www.tunaespana.es\/wp-content\/uploads\/2014\/09\/TunaEspa\u00f1a-Tuna-Espa\u00f1a-Don-Dudo-Certamen-Internacional-Tuna-Tuna-Universitaria-dism-La-Ronda.jpg\"><img decoding=\"async\" loading=\"lazy\" class=\"aligncenter size-full wp-image-28064\" src=\"http:\/\/www.tunaespana.es\/wp-content\/uploads\/2014\/09\/TunaEspa\u00f1a-Tuna-Espa\u00f1a-Don-Dudo-Certamen-Internacional-Tuna-Tuna-Universitaria-dism-La-Ronda.jpg\" alt=\"TunaEspa\u00f1a, Tuna Espa\u00f1a, Don Dudo, Certamen Internacional Tuna, Tuna Universitaria, dism, La Ronda\" width=\"738\" height=\"332\" srcset=\"https:\/\/www.tunaespana.es\/wp-content\/uploads\/2014\/09\/TunaEspa\u00f1a-Tuna-Espa\u00f1a-Don-Dudo-Certamen-Internacional-Tuna-Tuna-Universitaria-dism-La-Ronda.jpg 738w, https:\/\/www.tunaespana.es\/wp-content\/uploads\/2014\/09\/TunaEspa\u00f1a-Tuna-Espa\u00f1a-Don-Dudo-Certamen-Internacional-Tuna-Tuna-Universitaria-dism-La-Ronda-300x134.jpg 300w\" sizes=\"(max-width: 738px) 100vw, 738px\" \/><\/a><br \/>\n<\/span><\/strong><\/p>\n<p style=\"text-align: center;\"><span style=\"color: #ffff00;\"><span style=\"font-family: Georgia, 'Times New Roman', 'Bitstream Charter', Times, serif;\"><span style=\"font-size: small;\">Autor:\u00a0 \u00a0M\u00fasica \u00a0 \u00a0y letra de\u00a0Rub\u00e9n Lena<\/span><\/span><\/span><\/p>\n<p style=\"text-align: center;\"><span style=\"color: #0047ff;\"><span style=\"font-family: Georgia, 'Times New Roman', 'Bitstream Charter', Times, serif;\"><span style=\"font-size: small;\">Interpretan: Los Sabande\u00f1os;\u00a0Grupo Inti Illimani<\/span><\/span><\/span><\/p>\n<p style=\"text-align: center;\"><span style=\"color: #23ff23;\"><span style=\"font-family: Georgia, 'Times New Roman', 'Bitstream Charter', Times, serif;\"><span style=\"font-size: small;\">TunaEspa\u00f1a (Don Dudo) www.TunaEspa\u00f1a.es \u00a0 www.TunaEspana.com<\/span><\/span><\/span><\/p>\n<p style=\"text-align: center;\"><span style=\"color: #ff950e;\"><span style=\"font-family: Georgia, 'Times New Roman', 'Bitstream Charter', Times, serif;\"><span style=\"font-size: small;\">Ritmo: Pasaje<\/span><\/span><\/span><\/p>\n<p style=\"text-align: center;\"><span style=\"color: #ff00ff;\"><span style=\"font-family: Georgia, 'Times New Roman', 'Bitstream Charter', Times, serif;\"><span style=\"font-size: small;\">Folclore Venezolano<\/span><\/span><\/span><\/p>\n<p style=\"text-align: center;\"><span style=\"color: #ffff66;\"><span style=\"font-family: Georgia, 'Times New Roman', 'Bitstream Charter', Times, serif;\"><span style=\"font-size: small;\">Tablaturas Cuatro Venezolano<\/span><\/span><\/span><\/p>\n<p align=\"CENTER\"><span style=\"color: #0000ff;\"><span style=\"font-family: Georgia,Times New Roman,Bitstream Charter,Times,serif;\"><span style=\"font-size: small;\">[Tube]http:\/\/www.youtube.com\/watch?v=AObTf9yOdoQ[\/Tube]<\/span><\/span><\/span><\/p>\n<p style=\"text-align: center;\"><a href=\"http:\/\/www.tunaespana.es\/wp-content\/uploads\/2012\/04\/Tuna-Espa\u00f1a-Sim\u00f3n_Bol\u00edvar_DD.jpg\"><img decoding=\"async\" loading=\"lazy\" class=\"aligncenter size-medium wp-image-12782\" title=\"Tuna Espa\u00f1a Sim\u00f3n_Bol\u00edvar_DD\" src=\"http:\/\/www.tunaespana.es\/wp-content\/uploads\/2012\/04\/Tuna-Espa\u00f1a-Sim\u00f3n_Bol\u00edvar_DD-230x300.jpg\" alt=\"\" width=\"230\" height=\"300\" srcset=\"https:\/\/www.tunaespana.es\/wp-content\/uploads\/2012\/04\/Tuna-Espa\u00f1a-Sim\u00f3n_Bol\u00edvar_DD-230x300.jpg 230w, https:\/\/www.tunaespana.es\/wp-content\/uploads\/2012\/04\/Tuna-Espa\u00f1a-Sim\u00f3n_Bol\u00edvar_DD.jpg 250w\" sizes=\"(max-width: 230px) 100vw, 230px\" \/><\/a><\/p>\n<p style=\"text-align: center;\"><span style=\"color: #cc99ff;\"><span style=\"font-family: Georgia, 'Times New Roman', 'Bitstream Charter', Times, serif;\"><span style=\"font-size: small;\"><strong>Sim\u00f3n Jos\u00e9 Antonio de la Sant\u00edsima Trinidad Bol\u00edvar y Palacios Ponte y Blanco<\/strong>, mejor conocido como\u00a0<strong>Sim\u00f3n Bol\u00edvar.<\/strong><\/span><\/span><\/span><\/p>\n<p style=\"text-align: center;\"><span style=\"color: #cc99ff;\"><span style=\"font-family: Georgia, 'Times New Roman', 'Bitstream Charter', Times, serif;\"><span style=\"font-size: small;\"><strong>Su padre, Juan Vicente Bolivar y Ponte-Andrade\u00a0y su madre Maria de la Concepcion Palacios y Blanco, pertenec\u00edan a la <span style=\"color: #ff99cc;\">aristocracia caraque\u00f1a<\/span> y cuando se casaron en el a\u00f1o <span style=\"color: #ffcc99;\">1773<\/span> hab\u00eda una gran diferencia de edad entre ambos c\u00f3nyuges. Juan Vicente ten\u00eda <span style=\"color: #ffcc99;\">47 a\u00f1os<\/span> en ese momento y Concepci\u00f3n <span style=\"color: #ffcc99;\">15 a\u00f1os<\/span>.\u00a0La familia Bol\u00edvar proven\u00eda de una poblaci\u00f3n llamada \u00a0<span style=\"color: #ffff00;\">La Puebla de Bolivar\u00a0en Vizcaya<\/span> (<span style=\"color: #ff0000;\">Espa\u00f1a<\/span>).<\/strong><\/span><\/span><\/span><\/p>\n<p><span style=\"color: #cc99ff;\">El primero de los Bol\u00edvar en arribar a Venezuela fue Sim\u00f3n de Bol\u00edvar el cual, junto con su hijo, lleg\u00f3 a Caracas, treinta a\u00f1os despu\u00e9s de la fundaci\u00f3n de la ciudad, hacia <span style=\"color: #ffff99;\">1589<\/span> y por tener el mismo nombre se les distingui\u00f3 como Sim\u00f3n de Bol\u00edvar el Viejo y Simon de Bolivar el \u00abMozo\u00bb.<\/span><\/p>\n<p><span style=\"color: #cc99ff;\">Bol\u00edvar el Viejo se destac\u00f3 como <span style=\"color: #ffff99;\">Contador Real<\/span>, por privilegio especial del <span style=\"color: #ffff99;\">rey Felipe II<\/span>,\u00a0quien en el t\u00edtulo de nombramiento le reitera su amplia confianza como velador de la <span style=\"color: #ff99cc;\">Real Hacienda<\/span>, cargo que ejerci\u00f3 tanto \u00e9l como su hijo, en Margarita y Caracas.\u00a0Fue adem\u00e1s <span style=\"color: #ff99cc;\">Procurador General <\/span>de las ciudades de Caracas, Coro, Trujillo, Barquisimeto, Carora, El Tocuyo y Maracaibo\u00a0ante la Corte Espa\u00f1ola \u00a0entre <span style=\"color: #ff99cc;\">1590 y 1593<\/span>.<\/span><\/p>\n<p><span style=\"color: #cc99ff;\"><a href=\"http:\/\/www.tunaespana.es\/wp-content\/uploads\/2012\/04\/Tuna-Espa\u00f1a-Escudo-Simon-Bolivar-DDD.jpg\"><img decoding=\"async\" loading=\"lazy\" class=\"aligncenter size-medium wp-image-12785\" title=\"Tuna Espa\u00f1a Escudo Simon Bolivar DDD\" src=\"http:\/\/www.tunaespana.es\/wp-content\/uploads\/2012\/04\/Tuna-Espa\u00f1a-Escudo-Simon-Bolivar-DDD-211x300.jpg\" alt=\"\" width=\"211\" height=\"300\" srcset=\"https:\/\/www.tunaespana.es\/wp-content\/uploads\/2012\/04\/Tuna-Espa\u00f1a-Escudo-Simon-Bolivar-DDD-211x300.jpg 211w, https:\/\/www.tunaespana.es\/wp-content\/uploads\/2012\/04\/Tuna-Espa\u00f1a-Escudo-Simon-Bolivar-DDD.jpg 617w\" sizes=\"(max-width: 211px) 100vw, 211px\" \/><\/a><br \/>\n<\/span><\/p>\n<p><span style=\"color: #cc99ff;\">Entre sus logros para Caracas\u00a0est\u00e1 el haber gestionado en el Consejo de Indias\u00a0la concesi\u00f3n real del escudo que a\u00fan conserva, junto con el t\u00edtulo de <span style=\"color: #ff99cc;\">\u00ab<em>Muy noble y leal ciudad<\/em>\u00ab<\/span>.<\/span><\/p>\n<p style=\"text-align: center;\"><span style=\"color: #cc99ff;\"><span style=\"font-family: Georgia, 'Times New Roman', 'Bitstream Charter', Times, serif;\"><span style=\"font-size: small;\"><strong><br \/>\n<\/strong><\/span><\/span><\/span><\/p>\n<p style=\"text-align: center;\"><span style=\"color: #cc99ff;\"><span style=\"font-family: Georgia, 'Times New Roman', 'Bitstream Charter', Times, serif;\"><span style=\"font-size: small;\"><strong>En cuanto a la familia Palacios, \u00e9stos eran oriundos de la zona de <span style=\"color: #ff00ff;\">Miranda de Ebro en Burgos <\/span>(<span style=\"color: #ffff00;\">Espa\u00f1a<\/span>). El primero de los Palacios en llegar a Venezuela fue \u00a0Jose Palacios de Aguirre y Ariztia-Sojo y Ortiz de Zarate, natural de Miranda de Ebro en <span style=\"color: #ffcc99;\">1647<\/span>, que falleci\u00f3 en Caracas\u00a0en 1703.<br \/>\n<\/strong><\/span><\/span><\/span><\/p>\n<p style=\"text-align: center;\"><span style=\"color: #ffcc00;\">\u00a0<\/span><\/p>\n<pre><span style=\"color: #ffcc00;\"><a style=\"color: #ffcc00;\">C\/G<\/a>               <a style=\"color: #ffcc00;\">G7<\/a>\r\nSim\u00f3n Bol\u00edvar -Sim\u00f3n\r\n               <a style=\"color: #ffcc00;\">C\/G<\/a>\r\nCaraque\u00f1o americano\r\n               <a style=\"color: #ffcc00;\">G7<\/a>\r\nel suelo Venezolano\r\n                      <a style=\"color: #ffcc00;\">C\/G<\/a>\r\nle dio la fuerza a tu voz.\r\n\r\n                  <a style=\"color: #ffcc00;\">F<\/a>\r\nSim\u00f3n Bol\u00edvar- Sim\u00f3n\r\nD7\/F#            <a style=\"color: #ffcc00;\">G<\/a>\r\nnaci\u00f3 de tu Venezuela\r\n      <a style=\"color: #ffcc00;\">F<\/a>              <a style=\"color: #ffcc00;\">C\/G<\/a>\r\ny por todo el tiempo vuela\r\n     <a style=\"color: #ffcc00;\">G7<\/a>         <a style=\"color: #ffcc00;\">C\/G<\/a>\r\ncomo candela tu voz.\r\n\r\n                 <a style=\"color: #ffcc00;\">F<\/a>\r\nComo candela que va\r\nD7\/F#               <a style=\"color: #ffcc00;\">G<\/a>\r\nse\u00f1alando un rumbo cierto\r\n     <a style=\"color: #ffcc00;\">F<\/a>          <a style=\"color: #ffcc00;\">C\/G<\/a>\r\nen este suelo cubierto\r\n   <a style=\"color: #ffcc00;\">G7<\/a>                <a style=\"color: #ffcc00;\">C\/G<\/a>\r\nde muertos con dignidad\r\n\r\n\r\n<a style=\"color: #ffcc00;\">C\/G<\/a>               <a style=\"color: #ffcc00;\">G7<\/a>\r\nSim\u00f3n Bol\u00edvar- Sim\u00f3n\r\n                  <a style=\"color: #ffcc00;\">C\/G<\/a>\r\nredivivo en las memorias\r\n                           <a style=\"color: #ffcc00;\">G7<\/a>\r\nte abri\u00f3 otro tiempo la historia\r\n                      <a style=\"color: #ffcc00;\">C\/G<\/a>\r\nte espera el tiempo Sim\u00f3n.\r\n\r\n                   <a style=\"color: #ffcc00;\">F<\/a>\r\nSim\u00f3n Bol\u00edvar - raz\u00f3n\r\nD7\/F#               <a style=\"color: #ffcc00;\">G<\/a>\r\nraz\u00f3n de pueblo profunda\r\n       <a style=\"color: #ffcc00;\">F<\/a>          <a style=\"color: #ffcc00;\">C\/G<\/a>\r\nantes que todo se hunda\r\n       <a style=\"color: #ffcc00;\">G7<\/a>          <a style=\"color: #ffcc00;\">C\/G<\/a>\r\nvuelve de nuevo Sim\u00f3n.\r\n\r\n                   <a style=\"color: #ffcc00;\">F<\/a>\r\nSim\u00f3n Bol\u00edvar - Sim\u00f3n\r\nD7\/F#             <a style=\"color: #ffcc00;\">G<\/a>\r\nen el sur la voz amiga\r\n       <a style=\"color: #ffcc00;\">F<\/a>            <a style=\"color: #ffcc00;\">C\/G<\/a>\r\nes la voz de Jos\u00e9 Artigas\r\n         <a style=\"color: #ffcc00;\">G7<\/a>          <a style=\"color: #ffcc00;\">C\/G<\/a>\r\nque tambi\u00e9n ten\u00eda raz\u00f3n...\r\n\r\n\r\nRitmo:  P -6\u00aa\r\n       (i-m-a) apagado\r\n       (i-m-<a style=\"color: #ffcc00;\">A<\/a>)\r\n        P -5\u00aa\r\n       (i-m-<a style=\"color: #ffcc00;\">A<\/a>)\r\n\r\n<a href=\"http:\/\/www.tunaespana.es\/wp-content\/uploads\/2012\/04\/TunaEspa\u00f1a-Tuna-Espa\u00f1a-Don-Dudo-Certamen-Internacional-Tuna9-clarita-dism-Tuna-Universitaria-Ronda-La-Tuna.jpg\"><img decoding=\"async\" loading=\"lazy\" class=\"aligncenter size-full wp-image-28174\" src=\"http:\/\/www.tunaespana.es\/wp-content\/uploads\/2012\/04\/TunaEspa\u00f1a-Tuna-Espa\u00f1a-Don-Dudo-Certamen-Internacional-Tuna9-clarita-dism-Tuna-Universitaria-Ronda-La-Tuna.jpg\" alt=\"TunaEspa\u00f1a, Tuna Espa\u00f1a, Don Dudo, Certamen Internacional Tuna,9, clarita, dism, Tuna Universitaria, Ronda La Tuna\" width=\"774\" height=\"328\" srcset=\"https:\/\/www.tunaespana.es\/wp-content\/uploads\/2012\/04\/TunaEspa\u00f1a-Tuna-Espa\u00f1a-Don-Dudo-Certamen-Internacional-Tuna9-clarita-dism-Tuna-Universitaria-Ronda-La-Tuna.jpg 774w, https:\/\/www.tunaespana.es\/wp-content\/uploads\/2012\/04\/TunaEspa\u00f1a-Tuna-Espa\u00f1a-Don-Dudo-Certamen-Internacional-Tuna9-clarita-dism-Tuna-Universitaria-Ronda-La-Tuna-300x127.jpg 300w\" sizes=\"(max-width: 774px) 100vw, 774px\" \/><\/a>\r\n<\/span><\/pre>\n<p style=\"text-align: center;\"><span style=\"color: #cc99ff;\"><span style=\"font-family: Georgia, 'Times New Roman', 'Bitstream Charter', Times, serif;\"><span style=\"font-size: small;\"><span style=\"font-size: 18pt;\"><strong>Cuatro Venezolano<\/strong><\/span><\/span><\/span><\/span><\/p>\n<p style=\"text-align: center;\"><span style=\"color: #cc99ff;\"><span style=\"font-family: Georgia, 'Times New Roman', 'Bitstream Charter', Times, serif;\"><span style=\"font-size: small;\"><br \/>\n<strong><img decoding=\"async\" id=\"simon_bolivar_EKeyId1\" src=\"http:\/\/micuatro.com\/cuatroblog\/acordes\/v2\/ds.jpg\" alt=\"\" width=\"45\" \/><img decoding=\"async\" id=\"simon_bolivar_EKeyId2\" src=\"http:\/\/micuatro.com\/cuatroblog\/acordes\/v2\/ds7.jpg\" alt=\"\" width=\"45\" \/><img decoding=\"async\" id=\"simon_bolivar_EKeyId3\" src=\"http:\/\/micuatro.com\/cuatroblog\/acordes\/v2\/gs.jpg\" alt=\"\" width=\"45\" \/><img decoding=\"async\" id=\"simon_bolivar_EKeyId4\" src=\"http:\/\/micuatro.com\/cuatroblog\/acordes\/v2\/f7.jpg\" alt=\"\" width=\"45\" \/><img decoding=\"async\" id=\"simon_bolivar_EKeyId5\" src=\"http:\/\/micuatro.com\/cuatroblog\/acordes\/v2\/as.jpg\" alt=\"\" width=\"45\" \/><img decoding=\"async\" id=\"simon_bolivar_EKeyId6\" src=\"http:\/\/micuatro.com\/cuatroblog\/acordes\/v2\/gs.jpg\" alt=\"\" width=\"45\" \/><img decoding=\"async\" id=\"simon_bolivar_EKeyId7\" src=\"http:\/\/micuatro.com\/cuatroblog\/acordes\/v2\/ds.jpg\" alt=\"\" width=\"45\" \/><img decoding=\"async\" id=\"simon_bolivar_EKeyId8\" src=\"http:\/\/micuatro.com\/cuatroblog\/acordes\/v2\/as7.jpg\" alt=\"\" width=\"45\" \/><img decoding=\"async\" id=\"simon_bolivar_EKeyId9\" src=\"http:\/\/micuatro.com\/cuatroblog\/acordes\/v2\/ds.jpg\" alt=\"\" width=\"45\" \/><br \/>\n<\/strong><\/span><\/span><\/span><\/p>\n<p><strong> <img decoding=\"async\" id=\"simon_bolivar_EKeyId10\" src=\"http:\/\/micuatro.com\/cuatroblog\/acordes\/v2\/as7.jpg\" alt=\"\" width=\"45\" \/> <img decoding=\"async\" id=\"simon_bolivar_EKeyId11\" src=\"http:\/\/micuatro.com\/cuatroblog\/acordes\/v2\/ds.jpg\" alt=\"\" width=\"45\" \/><br \/>\nSim\u00f3n Bol\u00edvar Sim<span style=\"text-decoration: underline;\">\u00f3<\/span>n, caraque\u00f1o americ<span style=\"text-decoration: underline;\">a<\/span>no <\/strong><br \/>\n<strong> <img decoding=\"async\" id=\"simon_bolivar_EKeyId12\" src=\"http:\/\/micuatro.com\/cuatroblog\/acordes\/v2\/gs.jpg\" alt=\"\" width=\"45\" \/> <img decoding=\"async\" id=\"simon_bolivar_EKeyId13\" src=\"http:\/\/micuatro.com\/cuatroblog\/acordes\/v2\/as7.jpg\" alt=\"\" width=\"45\" \/> <img decoding=\"async\" id=\"simon_bolivar_EKeyId14\" src=\"http:\/\/micuatro.com\/cuatroblog\/acordes\/v2\/ds.jpg\" alt=\"\" width=\"45\" \/><br \/>\nel suel<span style=\"text-decoration: underline;\">o<\/span> venezol<span style=\"text-decoration: underline;\">a<\/span>no le dio la fuerza a tu v<span style=\"text-decoration: underline;\">o<\/span>z, <\/strong><\/p>\n<p><strong><img decoding=\"async\" id=\"simon_bolivar_EKeyId15\" src=\"http:\/\/micuatro.com\/cuatroblog\/acordes\/v2\/ds7.jpg\" alt=\"\" width=\"45\" \/> <img decoding=\"async\" id=\"simon_bolivar_EKeyId16\" src=\"http:\/\/micuatro.com\/cuatroblog\/acordes\/v2\/gs.jpg\" alt=\"\" width=\"45\" \/><img decoding=\"async\" id=\"simon_bolivar_EKeyId17\" src=\"http:\/\/micuatro.com\/cuatroblog\/acordes\/v2\/f7.jpg\" alt=\"\" width=\"45\" \/> <img decoding=\"async\" id=\"simon_bolivar_EKeyId18\" src=\"http:\/\/micuatro.com\/cuatroblog\/acordes\/v2\/as.jpg\" alt=\"\" width=\"45\" \/><br \/>\nSim\u00f3n Bol\u00edvar, Sim<span style=\"text-decoration: underline;\">\u00f3<\/span>n,\u00a0\u00a0 naci\u00f3 de tu Venezu<span style=\"text-decoration: underline;\">e<\/span>la, <\/strong><br \/>\n<strong> <img decoding=\"async\" id=\"simon_bolivar_EKeyId19\" src=\"http:\/\/micuatro.com\/cuatroblog\/acordes\/v2\/gs.jpg\" alt=\"\" width=\"45\" \/> <img decoding=\"async\" id=\"simon_bolivar_EKeyId20\" src=\"http:\/\/micuatro.com\/cuatroblog\/acordes\/v2\/ds.jpg\" alt=\"\" width=\"45\" \/> <img decoding=\"async\" id=\"simon_bolivar_EKeyId21\" src=\"http:\/\/micuatro.com\/cuatroblog\/acordes\/v2\/as7.jpg\" alt=\"\" width=\"45\" \/> <img decoding=\"async\" id=\"simon_bolivar_EKeyId22\" src=\"http:\/\/micuatro.com\/cuatroblog\/acordes\/v2\/ds.jpg\" alt=\"\" width=\"45\" \/><img decoding=\"async\" id=\"simon_bolivar_EKeyId23\" src=\"http:\/\/micuatro.com\/cuatroblog\/acordes\/v2\/ds7.jpg\" alt=\"\" width=\"45\" \/><br \/>\ny por t<span style=\"text-decoration: underline;\">o<\/span>do el tiempo vu<span style=\"text-decoration: underline;\">e<\/span>la como c<span style=\"text-decoration: underline;\">a<\/span>ndela tu v<span style=\"text-decoration: underline;\">o<\/span>z \u00a0\u00a0 <\/strong><br \/>\n<strong> <img decoding=\"async\" id=\"simon_bolivar_EKeyId24\" src=\"http:\/\/micuatro.com\/cuatroblog\/acordes\/v2\/gs.jpg\" alt=\"\" width=\"45\" \/><img decoding=\"async\" id=\"simon_bolivar_EKeyId25\" src=\"http:\/\/micuatro.com\/cuatroblog\/acordes\/v2\/f7.jpg\" alt=\"\" width=\"45\" \/> <img decoding=\"async\" id=\"simon_bolivar_EKeyId26\" src=\"http:\/\/micuatro.com\/cuatroblog\/acordes\/v2\/as.jpg\" alt=\"\" width=\"45\" \/> <img decoding=\"async\" id=\"simon_bolivar_EKeyId27\" src=\"http:\/\/micuatro.com\/cuatroblog\/acordes\/v2\/gs.jpg\" alt=\"\" width=\"45\" \/><br \/>\nComo candela que v<span style=\"text-decoration: underline;\">a<\/span>,\u00a0\u00a0\u00a0 se\u00f1alando un rumbo ci<span style=\"text-decoration: underline;\">e<\/span>rto en est<span style=\"text-decoration: underline;\">\u00e9<\/span> suelo <\/strong><br \/>\n<strong> <img decoding=\"async\" id=\"simon_bolivar_EKeyId28\" src=\"http:\/\/micuatro.com\/cuatroblog\/acordes\/v2\/ds.jpg\" alt=\"\" width=\"45\" \/> <img decoding=\"async\" id=\"simon_bolivar_EKeyId29\" src=\"http:\/\/micuatro.com\/cuatroblog\/acordes\/v2\/as7.jpg\" alt=\"\" width=\"45\" \/> <img decoding=\"async\" id=\"simon_bolivar_EKeyId30\" src=\"http:\/\/micuatro.com\/cuatroblog\/acordes\/v2\/ds.jpg\" alt=\"\" width=\"45\" \/><br \/>\ncubi<span style=\"text-decoration: underline;\">e<\/span>rto de muert<span style=\"text-decoration: underline;\">o<\/span>s con dignid<span style=\"text-decoration: underline;\">a<\/span>d <\/strong><\/p>\n<p><strong><img decoding=\"async\" id=\"simon_bolivar_EKeyId31\" src=\"http:\/\/micuatro.com\/cuatroblog\/acordes\/v2\/ds.jpg\" alt=\"\" width=\"45\" \/><img decoding=\"async\" id=\"simon_bolivar_EKeyId32\" src=\"http:\/\/micuatro.com\/cuatroblog\/acordes\/v2\/ds7.jpg\" alt=\"\" width=\"45\" \/><img decoding=\"async\" id=\"simon_bolivar_EKeyId33\" src=\"http:\/\/micuatro.com\/cuatroblog\/acordes\/v2\/gs.jpg\" alt=\"\" width=\"45\" \/><img decoding=\"async\" id=\"simon_bolivar_EKeyId34\" src=\"http:\/\/micuatro.com\/cuatroblog\/acordes\/v2\/f7.jpg\" alt=\"\" width=\"45\" \/><img decoding=\"async\" id=\"simon_bolivar_EKeyId35\" src=\"http:\/\/micuatro.com\/cuatroblog\/acordes\/v2\/as.jpg\" alt=\"\" width=\"45\" \/><img decoding=\"async\" id=\"simon_bolivar_EKeyId36\" src=\"http:\/\/micuatro.com\/cuatroblog\/acordes\/v2\/gs.jpg\" alt=\"\" width=\"45\" \/><img decoding=\"async\" id=\"simon_bolivar_EKeyId37\" src=\"http:\/\/micuatro.com\/cuatroblog\/acordes\/v2\/ds.jpg\" alt=\"\" width=\"45\" \/><img decoding=\"async\" id=\"simon_bolivar_EKeyId38\" src=\"http:\/\/micuatro.com\/cuatroblog\/acordes\/v2\/as7.jpg\" alt=\"\" width=\"45\" \/><img decoding=\"async\" id=\"simon_bolivar_EKeyId39\" src=\"http:\/\/micuatro.com\/cuatroblog\/acordes\/v2\/ds.jpg\" alt=\"\" width=\"45\" \/><br \/>\n<\/strong><\/p>\n<p><strong>Sim\u00f3n Bol\u00edvar Sim\u00f3n, revivido en las memorias <\/strong><br \/>\n<strong>que abri\u00f3 otro tiempo la historia, te espera el tiempo Sim\u00f3n <\/strong><\/p>\n<p><strong>Sim\u00f3n Bol\u00edvar raz\u00f3n, raz\u00f3n del pueblo profunda, <\/strong><br \/>\n<strong>antes que todo se hunda, vamos de nuevo Sim\u00f3n <\/strong><\/p>\n<p><strong>Sim\u00f3n Bol\u00edvar Sim\u00f3n, en el Sur la voz amiga, <\/strong><br \/>\n<strong>es la voz de Jos\u00e9 Artigas que tambi\u00e9n ten\u00eda raz\u00f3n <\/strong><\/p>\n<p><strong><img decoding=\"async\" id=\"simon_bolivar_EKeyId40\" src=\"http:\/\/micuatro.com\/cuatroblog\/acordes\/v2\/as7.jpg\" alt=\"\" width=\"45\" \/><img decoding=\"async\" id=\"simon_bolivar_EKeyId41\" src=\"http:\/\/micuatro.com\/cuatroblog\/acordes\/v2\/ds.jpg\" alt=\"\" width=\"45\" \/><\/strong><\/p>\n<p>&nbsp;<\/p>\n","protected":false},"excerpt":{"rendered":"<p>&nbsp; Sim\u00f3n Bol\u00edvar Autor:\u00a0 \u00a0M\u00fasica \u00a0 \u00a0y letra de\u00a0Rub\u00e9n Lena Interpretan: Los Sabande\u00f1os;\u00a0Grupo Inti Illimani TunaEspa\u00f1a (Don Dudo) www.TunaEspa\u00f1a.es \u00a0 www.TunaEspana.com Ritmo: Pasaje Folclore Venezolano Tablaturas Cuatro Venezolano [Tube]http:\/\/www.youtube.com\/watch?v=AObTf9yOdoQ[\/Tube] Sim\u00f3n Jos\u00e9 Antonio de la Sant\u00edsima Trinidad Bol\u00edvar y Palacios Ponte y Blanco, mejor conocido como\u00a0Sim\u00f3n Bol\u00edvar. Su padre, Juan Vicente Bolivar y Ponte-Andrade\u00a0y su madre [&hellip;]<\/p>\n","protected":false},"author":2,"featured_media":0,"comment_status":"closed","ping_status":"closed","sticky":false,"template":"","format":"standard","meta":[],"categories":[711,710,22,263],"tags":[],"_links":{"self":[{"href":"https:\/\/www.tunaespana.es\/index.php?rest_route=\/wp\/v2\/posts\/12781"}],"collection":[{"href":"https:\/\/www.tunaespana.es\/index.php?rest_route=\/wp\/v2\/posts"}],"about":[{"href":"https:\/\/www.tunaespana.es\/index.php?rest_route=\/wp\/v2\/types\/post"}],"author":[{"embeddable":true,"href":"https:\/\/www.tunaespana.es\/index.php?rest_route=\/wp\/v2\/users\/2"}],"replies":[{"embeddable":true,"href":"https:\/\/www.tunaespana.es\/index.php?rest_route=%2Fwp%2Fv2%2Fcomments&post=12781"}],"version-history":[{"count":6,"href":"https:\/\/www.tunaespana.es\/index.php?rest_route=\/wp\/v2\/posts\/12781\/revisions"}],"predecessor-version":[{"id":28176,"href":"https:\/\/www.tunaespana.es\/index.php?rest_route=\/wp\/v2\/posts\/12781\/revisions\/28176"}],"wp:attachment":[{"href":"https:\/\/www.tunaespana.es\/index.php?rest_route=%2Fwp%2Fv2%2Fmedia&parent=12781"}],"wp:term":[{"taxonomy":"category","embeddable":true,"href":"https:\/\/www.tunaespana.es\/index.php?rest_route=%2Fwp%2Fv2%2Fcategories&post=12781"},{"taxonomy":"post_tag","embeddable":true,"href":"https:\/\/www.tunaespana.es\/index.php?rest_route=%2Fwp%2Fv2%2Ftags&post=12781"}],"curies":[{"name":"wp","href":"https:\/\/api.w.org\/{rel}","templated":true}]}}