{"id":12839,"date":"2012-04-24T15:33:23","date_gmt":"2012-04-24T15:33:23","guid":{"rendered":"http:\/\/www.tunaespana.es\/?p=12839"},"modified":"2023-08-28T12:08:54","modified_gmt":"2023-08-28T10:08:54","slug":"la-murga-de-los-currelantes-acorde-guitarra-letra-musica-cancionero-tuna-tabulado","status":"publish","type":"post","link":"https:\/\/www.tunaespana.es\/?p=12839","title":{"rendered":"La murga de los currelantes,Acorde Guitarra, Letra Tabladura, Cancionero Tuna,carnaval de Cadiz, xxx"},"content":{"rendered":"<pre><strong>\u00a0<\/strong><\/pre>\n<p align=\"CENTER\"><span style=\"color: #ffff00;\"><span style=\"font-family: Georgia,Times New Roman,Bitstream Charter,Times,serif;\"><span style=\"font-size: medium;\">\u00a0<\/span><\/span><\/span><\/p>\n<p align=\"CENTER\"><span style=\"font-size: 28px; color: #ff0000;\"><strong>La Murga de los Currelantes<\/strong><\/span><\/p>\n<p align=\"CENTER\"><span style=\"color: #ffff00;\">Autor: Carlos Cano<\/span><\/p>\n<p align=\"CENTER\"><a href=\"http:\/\/www.tunaespana.es\/wp-content\/uploads\/2012\/04\/Tuna-Espa\u00f1a-Tunas-Universitarias-Tunas-y-estudiantinas-cancionero-tuna-certamen-Internacional-Tuna-Costa-Calida-buen-tunar-Don-Dudo-Don-Brillantes-musica-tuna-carnaval-cadiz.jpg\"><img decoding=\"async\" loading=\"lazy\" class=\"aligncenter size-full wp-image-23846\" src=\"http:\/\/www.tunaespana.es\/wp-content\/uploads\/2012\/04\/Tuna-Espa\u00f1a-Tunas-Universitarias-Tunas-y-estudiantinas-cancionero-tuna-certamen-Internacional-Tuna-Costa-Calida-buen-tunar-Don-Dudo-Don-Brillantes-musica-tuna-carnaval-cadiz.jpg\" alt=\"Tuna Espa\u00f1a , Tunas Universitarias, Tunas y estudiantinas, cancionero tuna, certamen Internacional Tuna Costa Calida, buen tunar, Don Dudo, Don Brillantes, musica tuna, carnaval cadiz\" width=\"323\" height=\"469\" srcset=\"https:\/\/www.tunaespana.es\/wp-content\/uploads\/2012\/04\/Tuna-Espa\u00f1a-Tunas-Universitarias-Tunas-y-estudiantinas-cancionero-tuna-certamen-Internacional-Tuna-Costa-Calida-buen-tunar-Don-Dudo-Don-Brillantes-musica-tuna-carnaval-cadiz.jpg 323w, https:\/\/www.tunaespana.es\/wp-content\/uploads\/2012\/04\/Tuna-Espa\u00f1a-Tunas-Universitarias-Tunas-y-estudiantinas-cancionero-tuna-certamen-Internacional-Tuna-Costa-Calida-buen-tunar-Don-Dudo-Don-Brillantes-musica-tuna-carnaval-cadiz-206x300.jpg 206w\" sizes=\"(max-width: 323px) 100vw, 323px\" \/><\/a><\/p>\n<p align=\"CENTER\"><span style=\"color: #0000ff;\">Interpretan: TunaEspa\u00f1a, Carlos Cano<br \/>\n<\/span><\/p>\n<p align=\"CENTER\"><span style=\"color: #0000ff;\"><span style=\"font-family: Georgia,Times New Roman,Bitstream Charter,Times,serif;\"><span style=\"font-size: medium;\">[Tube]http:\/\/www.youtube.com\/watch?v=PTcGk660Pjw[\/Tube]<\/span><\/span><\/span><\/p>\n<p align=\"CENTER\"><span style=\"color: #00ff00;\">TunaEspa\u00f1a (Don Dudo) www.TunaEspa\u00f1a.es <\/span><\/p>\n<p align=\"CENTER\"><span style=\"color: #ff00ff;\"><span style=\"font-family: Georgia,Times New Roman,Bitstream Charter,Times,serif;\"><span style=\"font-size: medium;\">Ritmo:Pasodoble<\/span><\/span><\/span><\/p>\n<p align=\"CENTER\"><span style=\"color: #0000ff;\"><span style=\"font-family: Georgia,Times New Roman,Bitstream Charter,Times,serif;\"><span style=\"font-size: medium;\">[Tube]http:\/\/www.youtube.com\/watch?v=_FmJLvCmaUc[\/Tube]<\/span><\/span><\/span><\/p>\n<p align=\"CENTER\"><span style=\"color: #0000ff;\"><span style=\"font-family: Georgia,Times New Roman,Bitstream Charter,Times,serif;\"><span style=\"font-size: medium;\">.<\/span><\/span><\/span><\/p>\n<pre>\r\n\r\n<span style=\"color: #cc99ff;\">INTROD.:  RE  LA7  RE  LA7 ...\r\n\r\n            LA7\r\n     \u00a1AY, SE\u00d1OR!, LA QUE ARMARON, LA QUE LIARON\r\n                RE           LA7              RE\r\n      CON LA \u201cSAL\u00cdA\u201d DE LA MASONER\u00cdA Y LA SUBVERSI\u00d3N,\r\n                      LA7                         RE\r\n      LA PELOTA, LOS TOROS, LA LOTERIA Y LAS QUINIELAS\r\n                         LA7           REm\r\n      EL \u201cSE\u00cdLLAT\u201d, LAS LETRAS, EL TELEVISOR\r\n\r\n           REm             DO\r\n      \u201cYUSPIQUINGLIS\u201d, EL TURISMO,\r\n                             FA\r\n      SOFICO-RENTA, LOS ALEMANES,\r\n                     DO              FA\r\n      BOMBAS EN PALOMARES, \u00a1VAYA POR DIOS!\r\n                       SIB                            LA\r\n      Y AHORA CON EL DESTAPE DE TETAS Y TROTA, LOS CAMUFLAJES,\r\n                         SIB            LA\r\n      LAS SERPIENTES CON TRAJE DE SANTURR\u00d3N.\r\n\r\n                        DO                                   FA\r\n      Y ES QUE LAS DENTADURAS YA NO EST\u00c1N DURAS \u201cPA\u201d ESTAS HUESURAS\r\n                    DO            FA\r\n      Y LLEGA LA ROTURA, Y EL PERSONAL\r\n                      SIB                                 LA\r\n      QUE \u201cASENTAO\u201d \u201cENDIQUELA\u201d C\u00d3MO SE JALAN DE CARCA A CARCA\r\n                           SIB                LA\r\n      MIENTRAS CUECE LAS HABAS SUELTA AL CANTAR:\r\n\r\n            (REm LA7 FA)                     LA7\r\n      MARIA,           COGE LA RIENDA A LA AUTONOMIA\r\n                                         REm\r\n      MARCELO, QUE LOS PARAOS QUIEREN CURRELO\r\n          RE  RE7                             SOLm\r\n      MANUEL,   \u00bfCON EL CACIQUE QU\u00c9 VAS A HACER?\r\n                                   REm\r\n      \u201cPOS\u201d LE VAMOS A DAR POR EL TRATRACATR\u00c1,\r\n                                   LA\r\n      PICO Y PALA, CHIN P\u00daN Y A CURRELAR.\r\n                  LA7                RE\r\n      PARA B\u00c1, PARA B\u00c1, PARA B\u00c1, PA PA. \r\n\r\n      (Estribillo):\r\n                      LA7-RE              LA7-RE\r\n      ESTO ES LA MURGA \u2018    LOS CURRELANTES\r\n                             LA             LA7\r\n      QUE AL RESPETABLE BUENAMENTE VA A EXPLICAR\r\n            LA7\r\n      EL MECANISMO, TIRA \u201cP\u2019ALANTE\u201d\r\n                                    RE\r\n      DE LA MANERA M\u00c1S BONITA Y POPULAR\r\n\r\n      SE ACABE EL PARO Y HAYA TRABAJO\r\n               RE7                   SOL\r\n      ESCUELA GRATIS, MEDICINA Y HOSPITAL\r\n                                    RE\r\n      QUE HAYA ALEGRIA Y NUNCA NOS FALTE\r\n                                 LA\r\n      QUE VUELVAN PRONTO LOS EMIGRANTES\r\n                   LA7          RE\r\n      QUE HAYA CULTURA Y \u201cPROSPERI\u00c1\u201d \r\n\r\n      MAROTO, SIEMBRA LA TIERRA, QUE NO ES UN COTO.\r\n\r\n      FALOTE, QUE YA ESTA BIEN DE CHUPAR DEL BOTE.\r\n\r\n      RAM\u00d3N, HAY QUE ACABAR CON TANTO BRIB\u00d3N.\r\n\r\n      \u201cPOS\u201d LE VAMOS A DAR CON EL TRATRACATR\u00c1,\r\n\r\n      PICO Y PALA, CHIM PUN Y A CURRELAR\r\n\r\n      PARA B\u00c1, PARA B\u00c1, PARA B\u00c1, PA PA. \r\n\r\n      (Al estribillo)<\/span><\/pre>\n<p>&nbsp;<\/p>\n","protected":false},"excerpt":{"rendered":"<p>\u00a0 \u00a0 La Murga de los Currelantes Autor: Carlos Cano Interpretan: TunaEspa\u00f1a, Carlos Cano [Tube]http:\/\/www.youtube.com\/watch?v=PTcGk660Pjw[\/Tube] TunaEspa\u00f1a (Don Dudo) www.TunaEspa\u00f1a.es Ritmo:Pasodoble [Tube]http:\/\/www.youtube.com\/watch?v=_FmJLvCmaUc[\/Tube] . INTROD.: RE LA7 RE LA7 &#8230; LA7 \u00a1AY, SE\u00d1OR!, LA QUE ARMARON, LA QUE LIARON RE LA7 RE CON LA \u201cSAL\u00cdA\u201d DE LA MASONER\u00cdA Y LA SUBVERSI\u00d3N, LA7 RE LA PELOTA, LOS TOROS, [&hellip;]<\/p>\n","protected":false},"author":2,"featured_media":0,"comment_status":"closed","ping_status":"closed","sticky":false,"template":"","format":"standard","meta":[],"categories":[30,263],"tags":[2111,856,3271,1581,1475,1881,3223,1901,1900,860,723,4865,3224],"_links":{"self":[{"href":"https:\/\/www.tunaespana.es\/index.php?rest_route=\/wp\/v2\/posts\/12839"}],"collection":[{"href":"https:\/\/www.tunaespana.es\/index.php?rest_route=\/wp\/v2\/posts"}],"about":[{"href":"https:\/\/www.tunaespana.es\/index.php?rest_route=\/wp\/v2\/types\/post"}],"author":[{"embeddable":true,"href":"https:\/\/www.tunaespana.es\/index.php?rest_route=\/wp\/v2\/users\/2"}],"replies":[{"embeddable":true,"href":"https:\/\/www.tunaespana.es\/index.php?rest_route=%2Fwp%2Fv2%2Fcomments&post=12839"}],"version-history":[{"count":7,"href":"https:\/\/www.tunaespana.es\/index.php?rest_route=\/wp\/v2\/posts\/12839\/revisions"}],"predecessor-version":[{"id":38497,"href":"https:\/\/www.tunaespana.es\/index.php?rest_route=\/wp\/v2\/posts\/12839\/revisions\/38497"}],"wp:attachment":[{"href":"https:\/\/www.tunaespana.es\/index.php?rest_route=%2Fwp%2Fv2%2Fmedia&parent=12839"}],"wp:term":[{"taxonomy":"category","embeddable":true,"href":"https:\/\/www.tunaespana.es\/index.php?rest_route=%2Fwp%2Fv2%2Fcategories&post=12839"},{"taxonomy":"post_tag","embeddable":true,"href":"https:\/\/www.tunaespana.es\/index.php?rest_route=%2Fwp%2Fv2%2Ftags&post=12839"}],"curies":[{"name":"wp","href":"https:\/\/api.w.org\/{rel}","templated":true}]}}