{"id":12906,"date":"2012-04-26T17:49:43","date_gmt":"2012-04-26T17:49:43","guid":{"rendered":"http:\/\/www.tunaespana.es\/?p=12906"},"modified":"2012-04-26T17:51:02","modified_gmt":"2012-04-26T17:51:02","slug":"pueblito-viejo-acorde-guitarra-letra-tablatura-cancionero-tunafolklore-colombiano","status":"publish","type":"post","link":"https:\/\/www.tunaespana.es\/?p=12906","title":{"rendered":"Pueblito Viejo (Acorde guitarra) (Letra Tablatura) cancionero Tuna;Folklore Colombiano"},"content":{"rendered":"<p>&nbsp;<\/p>\n<p style=\"text-align: center;\"><span style=\"color: #ff3366; font-size: xx-small;\"><span style=\"color: #ff0000;\"><strong><span style=\"font-size: x-large;\">Pueblito Viejo<\/span><\/strong><\/span><\/span><\/p>\n<p style=\"text-align: center;\"><span style=\"color: #ff3366; font-size: xx-small;\"><span style=\"color: #ff0000;\"><strong><span style=\"font-size: x-large;\"><br \/>\n<\/span><\/strong><\/span><\/span><\/p>\n<p style=\"text-align: center;\"><span style=\"color: #ffff00;\"><span style=\"font-family: Georgia, 'Times New Roman', 'Bitstream Charter', Times, serif;\"><span style=\"font-size: small;\">Autor:\u00a0 \u00a0M\u00fasica \u00a0 \u00a0y letra de Jose Alejandro Morales<\/span><\/span><\/span><\/p>\n<p style=\"text-align: center;\"><span style=\"color: #0047ff;\"><span style=\"font-family: Georgia, 'Times New Roman', 'Bitstream Charter', Times, serif;\"><span style=\"font-size: small;\">Interpretan: Garzon y Collazos<\/span><\/span><\/span><\/p>\n<p style=\"text-align: center;\"><span style=\"color: #23ff23;\"><span style=\"font-family: Georgia, 'Times New Roman', 'Bitstream Charter', Times, serif;\"><span style=\"font-size: small;\">TunaEspa\u00f1a (Don Dudo)  www.TunaEspa\u00f1a.es   \u00a0 www.TunaEspana.com<\/span><\/span><\/span><\/p>\n<p style=\"text-align: center;\"><span style=\"color: #ff950e;\"><span style=\"font-family: Georgia, 'Times New Roman', 'Bitstream Charter', Times, serif;\"><span style=\"font-size: small;\">Ritmo: vals<\/span><\/span><\/span><\/p>\n<p style=\"text-align: center;\"><span style=\"color: #ff00ff;\"><span style=\"font-family: Georgia, 'Times New Roman', 'Bitstream Charter', Times, serif;\"><span style=\"font-size: small;\">Folclore Colombiano<\/span><\/span><\/span><\/p>\n<p style=\"text-align: center;\"><span style=\"color: #ff00ff;\"><span style=\"font-family: Georgia, 'Times New Roman', 'Bitstream Charter', Times, serif;\"><span style=\"font-size: small;\"><span style=\"color: #0000ff;\">Enlace Youtube:\u00a0<a href=\"http:\/\/www.youtube.com\/watch?v=Kj76HDyaDCc\">pinche aqui para escuchar la canci\u00f3n<\/a><\/span><\/span><\/span><\/span><\/p>\n<p style=\"text-align: center;\"><span style=\"color: #ff00ff;\"><span style=\"font-family: Georgia, 'Times New Roman', 'Bitstream Charter', Times, serif;\"><span style=\"font-size: small;\"><span style=\"color: #0000ff;\"><br \/>\n<\/span><\/span><\/span><\/span><\/p>\n<p style=\"text-align: center;\"><span style=\"color: #cc99ff;\">El compositor Jos\u00e9 Alejandro Morales naci\u00f3 en Socorro, <span style=\"color: #ff00ff;\">Santander<\/span>, Colombia el 19 de marzo de <span style=\"color: #ccffff;\">1913<\/span> y falleci\u00f3 en Bogot\u00e1 el 22 de septiembre de <span style=\"color: #ccffff;\">1978<\/span>. Es quiz\u00e1s uno de los m\u00e1s grandes compositores de la m\u00fasica andina colombiana, debido, adem\u00e1s de la enorme cantidad de piezas que escribi\u00f3, a que una gran cantidad de sus obras son consideradas verdaderas joyas del folclore andino, como <span style=\"color: #ffcc99;\">\u00abCampesina <span style=\"color: #ff00ff;\">Santander<\/span>eana; Cenizas al Viento;\u00a0Pescador, lucero y R\u00edo&#8230;.. <\/span><\/span><\/p>\n<p style=\"text-align: center;\"><span style=\"color: #cc99ff;\"><a href=\"http:\/\/www.tunaespana.es\/wp-content\/uploads\/2012\/04\/Tuna-Espa\u00f1a-MoralesJoseA_2.jpg\"><img decoding=\"async\" loading=\"lazy\" class=\"aligncenter size-medium wp-image-12907\" title=\"Tuna Espa\u00f1a Morales,JoseA_2\" src=\"http:\/\/www.tunaespana.es\/wp-content\/uploads\/2012\/04\/Tuna-Espa\u00f1a-MoralesJoseA_2-136x300.jpg\" alt=\"\" width=\"136\" height=\"300\" \/><\/a><br \/>\n<\/span><\/p>\n<p style=\"text-align: center;\"><span style=\"color: #cc99ff;\">La carrera de compositor de Jos\u00e9 A. Morales\u00a0\u00a0comienza en Santander en 1936 con la composici\u00f3n de canciones y tangos, despu\u00e9s de haberse iniciado con m\u00fasicos profesionales del lugar y con el maestro Jos\u00e9 de Jes\u00fas Vargas.<\/span><\/p>\n<p style=\"text-align: left;\"><span style=\"color: #cc99ff;\"><span style=\"color: #ffff00;\">**<\/span><a rel=\"nofollow\" href=\"http:\/\/musicasdecolombia.blogspot.com\/search?q=morales\" target=\"_blank\">Jos\u00e9 A. Morales interpreta a Jos\u00e9 A. Morales<\/a><\/span><span style=\"color: #cc99ff;\"> en musicasdecolombia.blogspot.com <span style=\"color: #ccffcc;\">Notas de: Hern\u00e1n Restrepo D., originalmente en el disco RCA Victor LPC-516<\/span><\/span><\/p>\n<p style=\"text-align: left;\"><span style=\"color: #cc99ff;\"><span style=\"color: #ffff00;\">**<\/span><a rel=\"nofollow\" href=\"http:\/\/www.fundacionbat.com.co\/noticia.php?idnot=19\" target=\"_blank\">Jos\u00e9 Alejandro Morales<\/a><\/span><span style=\"color: #cc99ff;\">, Fundaci\u00f3n BAT Colombia<\/span><\/p>\n<p>&nbsp;<\/p>\n<pre><span style=\"font-size: medium; color: #cc99ff;\">             Am\r\nLunita consentida\r\nA7           Dm\r\nColgada del cielo\r\n             E7\r\nComo un farolito\r\n            Am\r\nQue puso mi Dios\r\n              A7\r\nPara que alumbraras\r\n             Dm\r\nLas noches calladas\r\n                Am\r\nDe este pueblo viejo\r\n   E7     Am\r\nDe mi coraz\u00f3n.\r\n\r\nA\r\nPueblito de mis cuitas\r\n\r\nDe casas peque\u00f1itas\r\n\r\nPor tus calles tranquilas\r\nF#7           Bm\r\nCorri\u00f3 mi juventud.\r\n\r\n                 E7\r\nEn ti aprend\u00ed a querer\r\n\r\nPor la primera vez\r\n\r\nY nunca me ense\u00f1aste\r\n               A\r\nLo es la ingratitud.\r\n\r\nA\r\nHoy que vuelvo a tus lares\r\n\r\nTrayendo mis cantares\r\n                A7\r\nY con el alma enferma\r\n            D\r\nDe tanto padecer,\r\n                 Dm\r\nQuiero pueblito viejo\r\nE7                  A\r\nMorirme aqu\u00ed en tu suelo\r\nF#m              Bm\r\nBajo la luz del cielo\r\n       E7          A\r\nQue un d\u00eda me vio nacer.<\/span><\/pre>\n<p>&nbsp;<\/p>\n","protected":false},"excerpt":{"rendered":"<p>&nbsp; Pueblito Viejo Autor:\u00a0 \u00a0M\u00fasica \u00a0 \u00a0y letra de Jose Alejandro Morales Interpretan: Garzon y Collazos TunaEspa\u00f1a (Don Dudo) www.TunaEspa\u00f1a.es \u00a0 www.TunaEspana.com Ritmo: vals Folclore Colombiano Enlace Youtube:\u00a0pinche aqui para escuchar la canci\u00f3n El compositor Jos\u00e9 Alejandro Morales naci\u00f3 en Socorro, Santander, Colombia el 19 de marzo de 1913 y falleci\u00f3 en Bogot\u00e1 el 22 [&hellip;]<\/p>\n","protected":false},"author":2,"featured_media":0,"comment_status":"closed","ping_status":"closed","sticky":false,"template":"","format":"standard","meta":[],"categories":[25,263],"tags":[],"_links":{"self":[{"href":"https:\/\/www.tunaespana.es\/index.php?rest_route=\/wp\/v2\/posts\/12906"}],"collection":[{"href":"https:\/\/www.tunaespana.es\/index.php?rest_route=\/wp\/v2\/posts"}],"about":[{"href":"https:\/\/www.tunaespana.es\/index.php?rest_route=\/wp\/v2\/types\/post"}],"author":[{"embeddable":true,"href":"https:\/\/www.tunaespana.es\/index.php?rest_route=\/wp\/v2\/users\/2"}],"replies":[{"embeddable":true,"href":"https:\/\/www.tunaespana.es\/index.php?rest_route=%2Fwp%2Fv2%2Fcomments&post=12906"}],"version-history":[{"count":3,"href":"https:\/\/www.tunaespana.es\/index.php?rest_route=\/wp\/v2\/posts\/12906\/revisions"}],"predecessor-version":[{"id":12910,"href":"https:\/\/www.tunaespana.es\/index.php?rest_route=\/wp\/v2\/posts\/12906\/revisions\/12910"}],"wp:attachment":[{"href":"https:\/\/www.tunaespana.es\/index.php?rest_route=%2Fwp%2Fv2%2Fmedia&parent=12906"}],"wp:term":[{"taxonomy":"category","embeddable":true,"href":"https:\/\/www.tunaespana.es\/index.php?rest_route=%2Fwp%2Fv2%2Fcategories&post=12906"},{"taxonomy":"post_tag","embeddable":true,"href":"https:\/\/www.tunaespana.es\/index.php?rest_route=%2Fwp%2Fv2%2Ftags&post=12906"}],"curies":[{"name":"wp","href":"https:\/\/api.w.org\/{rel}","templated":true}]}}