{"id":13324,"date":"2012-05-16T17:54:59","date_gmt":"2012-05-16T17:54:59","guid":{"rendered":"http:\/\/www.tunaespana.es\/?p=13324"},"modified":"2012-05-16T18:03:55","modified_gmt":"2012-05-16T18:03:55","slug":"de-camino-a-la-vereda-acorde-guitarra-letra-tablatura-cancionero-tuna-folklore-cubano","status":"publish","type":"post","link":"https:\/\/www.tunaespana.es\/?p=13324","title":{"rendered":"De camino a la vereda (Acorde guitarra) (Letra Tablatura) cancionero Tuna (Folklore Cubano)"},"content":{"rendered":"<p>&nbsp;<\/p>\n<p style=\"text-align: center;\"><span style=\"color: #ff3366; font-size: xx-small;\"><strong><span style=\"font-size: x-large;\">De camino a la vereda<\/span><\/strong><\/span><\/p>\n<p style=\"text-align: center;\"><span style=\"color: #ff3366; font-size: xx-small;\"><strong><span style=\"font-size: x-large;\"><br \/>\n<\/span><\/strong><\/span><\/p>\n<p style=\"text-align: center;\"><span style=\"color: #ffff00;\"><span style=\"font-family: Georgia, 'Times New Roman', 'Bitstream Charter', Times, serif;\"><span style=\"font-size: small;\">Autor:\u00a0 \u00a0<strong> <\/strong>Ibrahim Ferrer <\/span><\/span><\/span><\/p>\n<p style=\"text-align: center;\"><span style=\"color: #0047ff;\"><span style=\"font-family: Georgia, 'Times New Roman', 'Bitstream Charter', Times, serif;\"><span style=\"font-size: small;\">Interpretan: Buena Vista Club Social<\/span><\/span><\/span><\/p>\n<p style=\"text-align: center;\"><span style=\"color: #23ff23;\"><span style=\"font-family: Georgia, 'Times New Roman', 'Bitstream Charter', Times, serif;\"><span style=\"font-size: small;\">TunaEspa\u00f1a (Don Dudo)  www.TunaEspa\u00f1a.es   \u00a0 www.TunaEspana.com<\/span><\/span><\/span><\/p>\n<p style=\"text-align: center;\"><span style=\"color: #ff950e;\"><span style=\"font-family: Georgia, 'Times New Roman', 'Bitstream Charter', Times, serif;\"><span style=\"font-size: small;\">Ritmo: Son<\/span><\/span><\/span><\/p>\n<p style=\"text-align: center;\"><span style=\"color: #ff950e;\"><span style=\"font-family: Georgia, 'Times New Roman', 'Bitstream Charter', Times, serif;\"><span style=\"font-size: small;\">Folklore Cubano<\/span><\/span><\/span><\/p>\n<p style=\"text-align: center;\"><span style=\"color: #0000ff;\"><span style=\"font-family: Georgia, 'Times New Roman', 'Bitstream Charter', Times, serif;\"><span style=\"font-size: small;\">Enlace Youtube:\u00a0<a href=\"http:\/\/www.youtube.com\/watch?v=NueLgl52x2Q\">pinche aqui para escuchar la canci\u00f3n <\/a><\/span><\/span><\/span><\/p>\n<p>&nbsp;<\/p>\n<p>&nbsp;<\/p>\n<pre><span style=\"font-size: small; color: #cc99ff;\"><a>E<\/a>         <a>A<\/a>            <a>B7<\/a>        <a>E<\/a>\r\n!\u00d3\u00edgame compay! No deje camino por coger la vereda.\r\n\r\n<a>E<\/a>          <a>A<\/a>           <a>B7<\/a>\r\nUsted por enamorado\r\n                <a>E<\/a>\r\nTan viejo y con poco brillo\r\nUsted por enamorado\r\nTan viejo y con poco brillo\r\nEl pollo que tiene al lado\r\nLe ha hecho perder el trillo\r\n\r\n!\u00d3\u00edgame compay! No deje camino por coger la vereda.\r\n\r\nAy, pero yo como soy tan sencillo\r\nPongo en claro esta trovada\r\nYo como soy tan sencillo\r\nPongo en claro esta trovada\r\nCompay, yo no dejo el trillo\r\nPara meterme en ca~nada\r\n\r\n!\u00d3\u00edgame compay! No deje camino por coger la vereda.\r\n\r\nAy, pero estabamo\u00b4 comentando\r\nPor qu\u00e9 ha abandonado a Andrea\r\nEstabamo\u00b4 comentando\r\nPor qu\u00e9 ha abandonado a Andrea\r\nCompadre uste\u00b4 \u00b4ta cambiando\r\nDe camino por vereda.\r\n\r\n!\u00d3\u00edgame compay! No deje camino por coger la vereda.\r\n\r\nPero mire compadrito, uste\u00b4 ha \u00b4dejao\u00b4 a la\r\npobre Geraldina para meterse Dorotea.\r\nNo hables de tu marido mujer.\r\nMujer de malos sentimientos,\r\nTodo se te ha vuelto un cuento\r\nPorque no ha llegado la hora fatal.\r\n\r\n!\u00d3\u00edgame compay! No deje camino por coger la vereda.\r\n\r\nAy ay ay ay, canta y no llore\u00b4 Eliade\u00b4\r\nPorque cantando se alegran, cielito m\u00edo\r\nLos corazones.\r\n\r\nNo hables de tu marido mujer.\r\nMujer de malos sentimientos,\r\nTodo se te ha vuelto un cuento\r\nPorque no ha llegado la hora fatal.\r\n\r\nAy, h\u00fayanle, h\u00fayanle, h\u00fayanle al mayoral.\r\n\r\nPero ese senor est\u00e1 en el paso\r\nY no me deja pasar.\r\n\r\n<a>A<\/a> <a>LA<\/a> man... <a>A<\/a> <a>LA<\/a> man... <a>A<\/a> <a>LA<\/a> mancunch\u00e9vere,\r\nCamina como ch\u00e9vere ha matao su\r\nmadre, mam\u00e1<\/span><\/pre>\n<p>&nbsp;<\/p>\n","protected":false},"excerpt":{"rendered":"<p>&nbsp; De camino a la vereda Autor:\u00a0 \u00a0 Ibrahim Ferrer Interpretan: Buena Vista Club Social TunaEspa\u00f1a (Don Dudo) www.TunaEspa\u00f1a.es \u00a0 www.TunaEspana.com Ritmo: Son Folklore Cubano Enlace Youtube:\u00a0pinche aqui para escuchar la canci\u00f3n &nbsp; &nbsp; E A B7 E !\u00d3\u00edgame compay! No deje camino por coger la vereda. E A B7 Usted por enamorado E Tan [&hellip;]<\/p>\n","protected":false},"author":2,"featured_media":0,"comment_status":"closed","ping_status":"closed","sticky":false,"template":"","format":"standard","meta":[],"categories":[38,263],"tags":[],"_links":{"self":[{"href":"https:\/\/www.tunaespana.es\/index.php?rest_route=\/wp\/v2\/posts\/13324"}],"collection":[{"href":"https:\/\/www.tunaespana.es\/index.php?rest_route=\/wp\/v2\/posts"}],"about":[{"href":"https:\/\/www.tunaespana.es\/index.php?rest_route=\/wp\/v2\/types\/post"}],"author":[{"embeddable":true,"href":"https:\/\/www.tunaespana.es\/index.php?rest_route=\/wp\/v2\/users\/2"}],"replies":[{"embeddable":true,"href":"https:\/\/www.tunaespana.es\/index.php?rest_route=%2Fwp%2Fv2%2Fcomments&post=13324"}],"version-history":[{"count":3,"href":"https:\/\/www.tunaespana.es\/index.php?rest_route=\/wp\/v2\/posts\/13324\/revisions"}],"predecessor-version":[{"id":13330,"href":"https:\/\/www.tunaespana.es\/index.php?rest_route=\/wp\/v2\/posts\/13324\/revisions\/13330"}],"wp:attachment":[{"href":"https:\/\/www.tunaespana.es\/index.php?rest_route=%2Fwp%2Fv2%2Fmedia&parent=13324"}],"wp:term":[{"taxonomy":"category","embeddable":true,"href":"https:\/\/www.tunaespana.es\/index.php?rest_route=%2Fwp%2Fv2%2Fcategories&post=13324"},{"taxonomy":"post_tag","embeddable":true,"href":"https:\/\/www.tunaespana.es\/index.php?rest_route=%2Fwp%2Fv2%2Ftags&post=13324"}],"curies":[{"name":"wp","href":"https:\/\/api.w.org\/{rel}","templated":true}]}}