{"id":13406,"date":"2012-05-21T09:13:14","date_gmt":"2012-05-21T09:13:14","guid":{"rendered":"http:\/\/www.tunaespana.es\/?p=13406"},"modified":"2012-05-21T09:13:14","modified_gmt":"2012-05-21T09:13:14","slug":"tabu-acorde-guitarra-letra-tablatura-cancionero-tuna-musica-cubana","status":"publish","type":"post","link":"https:\/\/www.tunaespana.es\/?p=13406","title":{"rendered":"Tabu (Acorde guitarra) (Letra Tablatura) cancionero Tuna (Musica Cubana)"},"content":{"rendered":"<p>&nbsp;<\/p>\n<p style=\"text-align: center;\"><span style=\"color: #ff3366;\"><span style=\"font-size: xx-small;\"><strong><br \/>\n<\/strong><\/span><\/span><\/p>\n<p style=\"text-align: center;\"><span style=\"color: #ffff00; font-size: x-small;\"><br \/>\n<\/span><\/p>\n<p style=\"text-align: center;\"><span style=\"color: #ff0000;\"><strong><span style=\"font-size: x-large;\"><span style=\"font-family: Georgia, 'Times New Roman', 'Bitstream Charter', Times, serif;\"><strong>Tabu<\/strong><\/span><\/span><\/strong><\/span><\/p>\n<p style=\"text-align: center;\">&nbsp;<\/p>\n<p style=\"text-align: center;\"><span style=\"color: #ff0000;\"><span style=\"font-size: x-large;\"><span style=\"font-family: Georgia, 'Times New Roman', 'Bitstream Charter', Times, serif;\"><span style=\"color: #ffff00; font-size: small;\">Autor:\u00a0 \u00a0M\u00fasica \u00a0 \u00a0y letra de Margarita Lecuona<\/span><\/span><\/span><strong><span style=\"font-size: x-large;\"><span style=\"font-family: Georgia, 'Times New Roman', 'Bitstream Charter', Times, serif;\"><strong><br \/>\n<\/strong><\/span><\/span><\/strong><\/span><\/p>\n<p style=\"text-align: center;\"><span style=\"color: #0047ff;\"><span style=\"font-family: Georgia, 'Times New Roman', 'Bitstream Charter', Times, serif;\"><span style=\"font-size: small;\">Interpretan: <\/span><\/span><\/span><\/p>\n<p style=\"text-align: center;\"><span style=\"color: #23ff23;\"><span style=\"font-family: Georgia, 'Times New Roman', 'Bitstream Charter', Times, serif;\"><span style=\"font-size: small;\">TunaEspa\u00f1a (Don Dudo)  www.TunaEspa\u00f1a.es   \u00a0 www.TunaEspana.com<\/span><\/span><\/span><\/p>\n<p style=\"text-align: center;\"><span style=\"color: #ff950e;\"><span style=\"font-family: Georgia, 'Times New Roman', 'Bitstream Charter', Times, serif;\"><span style=\"font-size: small;\">Ritmo: AfroCubano<\/span><\/span><\/span><\/p>\n<p style=\"text-align: center;\"><span style=\"color: #ff00ff;\"><span style=\"font-family: Georgia, 'Times New Roman', 'Bitstream Charter', Times, serif;\"><span style=\"font-size: small;\">Musica Cubana<\/span><\/span><\/span><\/p>\n<p style=\"text-align: center;\"><span style=\"color: #0000ff;\"><span style=\"font-family: Georgia, 'Times New Roman', 'Bitstream Charter', Times, serif;\"><span style=\"font-size: small;\">Enlace Youtube:\u00a0<a href=\"http:\/\/www.youtube.com\/watch?v=kffI9EZ3-7E\">pinche aqui para escuchar la canci\u00f3n <\/a><\/span><\/span><\/span><\/p>\n<p style=\"text-align: center;\"><strong><a href=\"http:\/\/www.tunaespana.es\/wp-content\/uploads\/2012\/05\/Tuna-Espa\u00f1a-Margarita-Lecuona.jpg\"><img decoding=\"async\" loading=\"lazy\" class=\"aligncenter size-medium wp-image-13407\" title=\"Tuna Espa\u00f1a Margarita Lecuona\" src=\"http:\/\/www.tunaespana.es\/wp-content\/uploads\/2012\/05\/Tuna-Espa\u00f1a-Margarita-Lecuona-204x300.jpg\" alt=\"\" width=\"204\" height=\"300\" srcset=\"https:\/\/www.tunaespana.es\/wp-content\/uploads\/2012\/05\/Tuna-Espa\u00f1a-Margarita-Lecuona-204x300.jpg 204w, https:\/\/www.tunaespana.es\/wp-content\/uploads\/2012\/05\/Tuna-Espa\u00f1a-Margarita-Lecuona.jpg 310w\" sizes=\"(max-width: 204px) 100vw, 204px\" \/><\/a><br \/>\n<\/strong><span style=\"color: #ffcc99;\">Ya 102 a\u00f1os del nacimiento de la autora de dos cl\u00e1sicos del <span style=\"color: #ffff99;\">repertorio afrocubano<\/span> tan cultivado por los j\u00f3venes compositores que engrosaban las filas de quienes en el \u00e1mbito cultural, al arribar la d\u00e9cada de los a\u00f1os treinta y en el transcurso de esa etapa del siglo XX, hicieron florecer de muy diversas maneras el inter\u00e9s por las ra\u00edz africana. Me refiero a\u00a0<span style=\"color: #00ff00;\"><em>Babal\u00fa<\/em><\/span> y\u00a0<span style=\"color: #00ff00;\"><em>Tab\u00fa<\/em><\/span>, piezas nacidas de <span style=\"color: #00ff00;\">Margarita Lecuona<\/span>, por aquel entonces una inquieta \u00a0veintea\u00f1era.\u00a0Aunque -seg\u00fan se afirma en todos los trabajos que ofrecen informaci\u00f3n acerca de esta notable artista-su v\u00ednculo familiar con <span style=\"color: #ff00ff;\">Ernestina y Ernesto Lecuona<\/span> no era cercano, el solo hecho de \u00a0ser portadora de ese apellido debe haberle dado a sentir, desde siempre, unas ganas muy grandes de arte.<\/span><strong><br \/>\n<\/strong><\/p>\n<p>&nbsp;<\/p>\n<p><span style=\"font-size: small; color: #cc99ff;\">Dm<\/span><\/p>\n<p><span style=\"font-size: small; color: #cc99ff;\">Alma del \u00c1frica lejana<\/span><\/p>\n<p>&nbsp;<\/p>\n<p><span style=\"font-size: small; color: #cc99ff;\">Gm<\/span><\/p>\n<p><span style=\"font-size: small; color: #cc99ff;\">Llena mi pecho de candela<\/span><\/p>\n<p>&nbsp;<\/p>\n<p><span style=\"font-size: small; color: #cc99ff;\">Dm<\/span><\/p>\n<p><span style=\"font-size: small; color: #cc99ff;\">Alma del \u00c1frica lejana<\/span><\/p>\n<p>&nbsp;<\/p>\n<p><span style=\"font-size: small; color: #cc99ff;\">Gm<\/span><\/p>\n<p><span style=\"font-size: small; color: #cc99ff;\">Llena mi pecho de candela<\/span><\/p>\n<p>&nbsp;<\/p>\n<p><span style=\"font-size: small; color: #cc99ff;\">A7 \u00a0\u00a0\u00a0\u00a0\u00a0\u00a0\u00a0\u00a0\u00a0Gm \u00a0\u00a0\u00a0\u00a0A7<\/span><\/p>\n<p><span style=\"font-size: small; color: #cc99ff;\">El pobre congo hijo del esclavo<\/span><\/p>\n<p>&nbsp;<\/p>\n<p><span style=\"font-size: small; color: #cc99ff;\">A7 \u00a0\u00a0\u00a0\u00a0\u00a0\u00a0\u00a0\u00a0\u00a0Gm \u00a0\u00a0\u00a0\u00a0A7<\/span><\/p>\n<p><span style=\"font-size: small; color: #cc99ff;\">A\u00f1ora siempre las palmeras<\/span><\/p>\n<p>&nbsp;<\/p>\n<p><span style=\"font-size: small; color: #cc99ff;\">Dm<\/span><\/p>\n<p><span style=\"font-size: small; color: #cc99ff;\">Las oscas selvas primitivas<\/span><\/p>\n<p>&nbsp;<\/p>\n<p><span style=\"font-size: small; color: #cc99ff;\">Gm<\/span><\/p>\n<p><span style=\"font-size: small; color: #cc99ff;\">De dioses misterioses y de fieras<\/span><\/p>\n<p>&nbsp;<\/p>\n<p><span style=\"font-size: small; color: #cc99ff;\">Dm \u00a0\u00a0\u00a0\u00a0\u00a0\u00a0\u00a0\u00a0\u00a0\u00a0\u00a0\u00a0\u00a0\u00a0\u00a0\u00a0\u00a0A7 \u00a0\u00a0\u00a0\u00a0\u00a0\u00a0\u00a0\u00a0\u00a0Dm<\/span><\/p>\n<p><span style=\"font-size: small; color: #cc99ff;\">Oshun, If\u00e1, Obatal\u00e1, Chango, Yemay\u00e1<\/span><\/p>\n<p>&nbsp;<\/p>\n<p><span style=\"font-size: small; color: #cc99ff;\">Dm \u00a0\u00a0\u00a0\u00a0\u00a0\u00a0\u00a0\u00a0\u00a0\u00a0\u00a0\u00a0\u00a0\u00a0\u00a0\u00a0A7 \u00a0\u00a0\u00a0\u00a0\u00a0\u00a0\u00a0\u00a0\u00a0Dm<\/span><\/p>\n<p><span style=\"font-size: small; color: #cc99ff;\">Oshun, If\u00e1, Obatal\u00e1, Chango, Yemay\u00e1<\/span><\/p>\n<p>&nbsp;<\/p>\n<p><span style=\"font-size: small; color: #cc99ff;\">Dm<\/span><\/p>\n<p><span style=\"font-size: small; color: #cc99ff;\">Tierra del \u00c1frica a\u00f1orada<\/span><\/p>\n<p>&nbsp;<\/p>\n<p><span style=\"font-size: small; color: #cc99ff;\">Gm<\/span><\/p>\n<p><span style=\"font-size: small; color: #cc99ff;\">De rio caudaloso y cielo azul<\/span><\/p>\n<p>&nbsp;<\/p>\n<p><span style=\"font-size: small; color: #cc99ff;\">A7 \u00a0\u00a0\u00a0\u00a0\u00a0\u00a0Gm \u00a0\u00a0A7<\/span><\/p>\n<p><span style=\"font-size: small; color: #cc99ff;\">Y aqui si el negro mira la hembra blanca<\/span><\/p>\n<p>&nbsp;<\/p>\n<p><span style=\"font-size: small; color: #cc99ff;\">A7 \u00a0\u00a0\u00a0\u00a0\u00a0\u00a0Gm \u00a0\u00a0A7<\/span><\/p>\n<p><span style=\"font-size: small; color: #cc99ff;\">Y aqui si el negro mira la hembra blanca<\/span><\/p>\n<p>&nbsp;<\/p>\n<p><span style=\"font-size: small; color: #cc99ff;\">Dm \u00a0\u00a0\u00a0\u00a0\u00a0\u00a0\u00a0\u00a0Gm \u00a0\u00a0\u00a0\u00a0Dm<\/span><\/p>\n<p><span style=\"font-size: small; color: #cc99ff;\">Tab\u00fa, tab\u00fa, tab\u00fa (Bis)<\/span><\/p>\n<p>&nbsp;<\/p>\n<p><span style=\"font-size: small; color: #cc99ff;\">Dm \u00a0\u00a0\u00a0\u00a0\u00a0\u00a0\u00a0\u00a0\u00a0\u00a0\u00a0\u00a0\u00a0\u00a0\u00a0\u00a0\u00a0A7 \u00a0\u00a0\u00a0\u00a0\u00a0\u00a0\u00a0\u00a0\u00a0Dm<\/span><\/p>\n<p><span style=\"font-size: small; color: #cc99ff;\">Oshun, If\u00e1, Obatal\u00e1, Chango, Yemay\u00e1<\/span><\/p>\n<p>&nbsp;<\/p>\n<p><span style=\"font-size: small; color: #cc99ff;\">Dm \u00a0\u00a0\u00a0\u00a0\u00a0\u00a0\u00a0\u00a0\u00a0\u00a0\u00a0\u00a0\u00a0\u00a0\u00a0\u00a0A7 \u00a0\u00a0\u00a0\u00a0\u00a0\u00a0\u00a0\u00a0\u00a0\u00a0Dm<\/span><\/p>\n<p><span style=\"font-size: small; color: #cc99ff;\">Oshun, If\u00e1, Obatal\u00e1, Chango, Yemanj\u00e1<\/span><\/p>\n<p>&nbsp;<\/p>\n<p><span style=\"font-size: small; color: #cc99ff;\">A7 \u00a0\u00a0\u00a0\u00a0\u00a0\u00a0\u00a0Dm<\/span><\/p>\n<p><span style=\"font-size: small; color: #cc99ff;\">Oshun, If\u00e1, Obatal\u00e1 Chango, Yemanj\u00e1 (Bis)<\/span><\/p>\n<p>&nbsp;<\/p>\n<p>&nbsp;<\/p>\n","protected":false},"excerpt":{"rendered":"<p>&nbsp; Tabu &nbsp; Autor:\u00a0 \u00a0M\u00fasica \u00a0 \u00a0y letra de Margarita Lecuona Interpretan: TunaEspa\u00f1a (Don Dudo) www.TunaEspa\u00f1a.es \u00a0 www.TunaEspana.com Ritmo: AfroCubano Musica Cubana Enlace Youtube:\u00a0pinche aqui para escuchar la canci\u00f3n Ya 102 a\u00f1os del nacimiento de la autora de dos cl\u00e1sicos del repertorio afrocubano tan cultivado por los j\u00f3venes compositores que engrosaban las filas de quienes [&hellip;]<\/p>\n","protected":false},"author":2,"featured_media":0,"comment_status":"closed","ping_status":"closed","sticky":false,"template":"","format":"standard","meta":[],"categories":[21,263],"tags":[],"_links":{"self":[{"href":"https:\/\/www.tunaespana.es\/index.php?rest_route=\/wp\/v2\/posts\/13406"}],"collection":[{"href":"https:\/\/www.tunaespana.es\/index.php?rest_route=\/wp\/v2\/posts"}],"about":[{"href":"https:\/\/www.tunaespana.es\/index.php?rest_route=\/wp\/v2\/types\/post"}],"author":[{"embeddable":true,"href":"https:\/\/www.tunaespana.es\/index.php?rest_route=\/wp\/v2\/users\/2"}],"replies":[{"embeddable":true,"href":"https:\/\/www.tunaespana.es\/index.php?rest_route=%2Fwp%2Fv2%2Fcomments&post=13406"}],"version-history":[{"count":1,"href":"https:\/\/www.tunaespana.es\/index.php?rest_route=\/wp\/v2\/posts\/13406\/revisions"}],"predecessor-version":[{"id":13408,"href":"https:\/\/www.tunaespana.es\/index.php?rest_route=\/wp\/v2\/posts\/13406\/revisions\/13408"}],"wp:attachment":[{"href":"https:\/\/www.tunaespana.es\/index.php?rest_route=%2Fwp%2Fv2%2Fmedia&parent=13406"}],"wp:term":[{"taxonomy":"category","embeddable":true,"href":"https:\/\/www.tunaespana.es\/index.php?rest_route=%2Fwp%2Fv2%2Fcategories&post=13406"},{"taxonomy":"post_tag","embeddable":true,"href":"https:\/\/www.tunaespana.es\/index.php?rest_route=%2Fwp%2Fv2%2Ftags&post=13406"}],"curies":[{"name":"wp","href":"https:\/\/api.w.org\/{rel}","templated":true}]}}