{"id":13520,"date":"2012-05-22T17:43:16","date_gmt":"2012-05-22T17:43:16","guid":{"rendered":"http:\/\/www.tunaespana.es\/?p=13520"},"modified":"2012-05-22T17:50:42","modified_gmt":"2012-05-22T17:50:42","slug":"te-miro-a-la-cara-y-me-da-sed-acorde-guitarra-letra-tablatura-cancionero-tuna-folklore-chileno","status":"publish","type":"post","link":"https:\/\/www.tunaespana.es\/?p=13520","title":{"rendered":"Te miro a la cara y me da sed (Acorde guitarra) (Letra Tablatura) cancionero Tuna (Folklore Chileno)"},"content":{"rendered":"<p>&nbsp;<\/p>\n<p>&nbsp;<\/p>\n<p style=\"text-align: center;\"><span style=\"color: #ff3366; font-size: xx-small;\"><strong><span style=\"font-size: x-large;\">Te miro a la cara y me da sed<\/span><\/strong><\/span><\/p>\n<p style=\"text-align: center;\"><span style=\"color: #ff3366; font-size: xx-small;\"><strong><span style=\"font-size: x-large;\"><br \/>\n<\/span><\/strong><\/span><\/p>\n<p style=\"text-align: center;\"><span style=\"color: #ffff00;\"><span style=\"font-family: Georgia, 'Times New Roman', 'Bitstream Charter', Times, serif;\"><span style=\"font-size: small;\">Autor:\u00a0 \u00a0M\u00fasica \u00a0 \u00a0y letra de Marcial Campos<\/span><\/span><\/span><\/p>\n<p style=\"text-align: center;\"><span style=\"color: #0047ff;\"><span style=\"font-family: Georgia, 'Times New Roman', 'Bitstream Charter', Times, serif;\"><span style=\"font-size: small;\">Interpretan: Los Hermanos Campos <\/span><\/span><\/span><\/p>\n<p style=\"text-align: center;\"><span style=\"color: #23ff23;\"><span style=\"font-family: Georgia, 'Times New Roman', 'Bitstream Charter', Times, serif;\"><span style=\"font-size: small;\">TunaEspa\u00f1a (Don Dudo)  www.TunaEspa\u00f1a.es   \u00a0 www.TunaEspana.com<\/span><\/span><\/span><\/p>\n<p style=\"text-align: center;\"><span style=\"color: #ff950e;\"><span style=\"font-family: Georgia, 'Times New Roman', 'Bitstream Charter', Times, serif;\"><span style=\"font-size: small;\">Ritmo: Cueca<\/span><\/span><\/span><\/p>\n<p style=\"text-align: center;\"><span style=\"color: #ff00ff;\"><span style=\"font-family: Georgia, 'Times New Roman', 'Bitstream Charter', Times, serif;\"><span style=\"font-size: small;\">Folclore  Chileno<\/span><\/span><\/span><\/p>\n<p style=\"text-align: center;\"><span style=\"color: #0000ff;\"><span style=\"font-family: Georgia, 'Times New Roman', 'Bitstream Charter', Times, serif;\"><span style=\"font-size: small;\">Enlace Youtube:\u00a0<a href=\"http:\/\/www.youtube.com\/watch?v=-74-AGcLfjY&amp;feature=related\">pinche aqui para escuchar la canci\u00f3n <\/a><\/span><\/span><\/span><\/p>\n<p>&nbsp;<\/p>\n<p><a href=\"http:\/\/www.tunaespana.es\/wp-content\/uploads\/2012\/05\/Tuna-Espa\u00f1a-marcial-y-Eleodoro-Campos.jpg\"><img decoding=\"async\" loading=\"lazy\" class=\"aligncenter size-full wp-image-13521\" title=\"Tuna Espa\u00f1a marcial y Eleodoro Campos\" src=\"http:\/\/www.tunaespana.es\/wp-content\/uploads\/2012\/05\/Tuna-Espa\u00f1a-marcial-y-Eleodoro-Campos.jpg\" alt=\"\" width=\"300\" height=\"264\" \/><\/a><\/p>\n<p style=\"text-align: center;\"><span style=\"color: #ffcc99;\">El autor de esta famosa cueca chilena es el recordado <span style=\"color: #ff99cc;\">Marcial Campos<\/span>, quien dej\u00f3 para siempre su guitarra, sus silbidos, sus p\u00edcaras letras, porque el 17 de junio, 2010 falleci\u00f3 en un hospital de la capital chilena.<\/span><\/p>\n<p style=\"text-align: center;\"><span style=\"color: #ffcc99;\">El recordado d\u00fao folcl\u00f3rico que form\u00f3 con su hermano Eleodoro es, sin lugar a dudas, uno de los \u00edconos de la cueca, m\u00e1s de trescientas composiciones atestiguan el legado que Marcial y Eleodoro,\u00a0<em><span style=\"color: #ff99cc;\">Los Hermanos Campos<\/span>,<\/em> dejaron para siempre en el alma nacional. Sus cuecas, n\u00famero obligado de las ramadas en las Fiestas Patrias, son ya un cl\u00e1sico de la m\u00fasica chilena, por su humor,<span style=\"color: #ccffcc;\"> su picard\u00eda<\/span> y la chilenidad que brota en cada comp\u00e1s.<\/span><\/p>\n<p style=\"text-align: center;\"><span style=\"color: #00ff00;\">**M\u00e1s de 60 a\u00f1os tocando y cantando cueca y m\u00e1s de 1000 cuecas grabadas**<\/span><\/p>\n<p style=\"text-align: center;\"><span style=\"color: #00ff00;\"><br \/>\n<\/span><\/p>\n<p>&nbsp;<\/p>\n<p><span style=\"font-size: small; color: #cc99ff;\">Andai<sup>1 <\/sup>con&#8230;<\/span><\/p>\n<p><span style=\"font-size: small; color: #cc99ff;\"> <\/span><span style=\"color: #ffcc99;\">mi \u00a0 \u00a0 \u00a0 \u00a0 \u00a0si7<\/span><br \/>\n<span style=\"font-size: small; color: #cc99ff;\">andaii con la ca\u00f1a mala<sup>2 <\/sup><\/span><\/p>\n<p><span style=\"font-size: small; color: #cc99ff;\"> <\/span> <span style=\"color: #ffcc99;\"> mi<\/span><br \/>\n<span style=\"font-size: small; color: #cc99ff;\">te miro la cara y me da sed<\/span><\/p>\n<p><span style=\"font-size: small; color: #cc99ff;\"> <\/span> <span style=\"color: #ffcc99;\"> si7<\/span><br \/>\n<span style=\"font-size: small; color: #cc99ff;\">\u00a1chupai como contratado..!<\/span><br \/>\n<span style=\"font-size: small; color: #cc99ff;\">Te miro la cara y me da sed,<\/span><br \/>\n<span style=\"font-size: small; color: #cc99ff;\">\u00a1chupai como contratado..!<\/span><\/p>\n<p><span style=\"font-size: small; color: #cc99ff;\">Soy<sup>3 <\/sup>bolse&#8230; soi bolsero!<sup>4 <\/sup><\/span><br \/>\n<span style=\"font-size: small; color: #cc99ff;\">pediqueaoo&#8230;<sup>5 <\/sup><\/span><br \/>\n<span style=\"font-size: small; color: #cc99ff;\">Te miro la cara y me da sed<\/span><br \/>\n<span style=\"font-size: small; color: #cc99ff;\">Andai con la ca\u00f1a mala&#8230;<\/span><\/p>\n<p><span style=\"font-size: small; color: #cc99ff;\">Te miro la cara y me da sed<\/span><br \/>\n<span style=\"font-size: small; color: #cc99ff;\">\u00a1Chupai como contratado!<\/span><\/p>\n<p><span style=\"font-size: small; color: #cc99ff;\">Vay tirando la foca<sup>6 <\/sup><\/span><br \/>\n<span style=\"font-size: small; color: #cc99ff;\">y m\u00e1s fuerte que un volc\u00e1n,<\/span><br \/>\n<span style=\"font-size: small; color: #cc99ff;\">\u00a1Te miro la cara y me da sed,<\/span><br \/>\n<span style=\"font-size: small; color: #cc99ff;\">no te podis controlar..!<\/span><br \/>\n<span style=\"font-size: small; color: #cc99ff;\">Te miro la cara y me da sed,<\/span><br \/>\n<span style=\"font-size: small; color: #cc99ff;\">\u00a1y m\u00e1s fuerte que un volc\u00e1n..!<\/span><\/p>\n<p><span style=\"font-size: small; color: #cc99ff;\">Te curai<sup>7 <\/sup>en cualquier lado<\/span><br \/>\n<span style=\"font-size: small; color: #cc99ff;\">Te miro la cara y me da sed,<\/span><br \/>\n<span style=\"font-size: small; color: #cc99ff;\">\u00a1Tomai hasta bigoteado..!<sup>8 <\/sup><\/span><br \/>\n<span style=\"font-size: small; color: #cc99ff;\">Y si te sigo mirando,<\/span><br \/>\n<span style=\"font-size: small; color: #cc99ff;\">Me voy a salir curando&#8230;<\/span><\/p>\n<p>&nbsp;<\/p>\n","protected":false},"excerpt":{"rendered":"<p>&nbsp; &nbsp; Te miro a la cara y me da sed Autor:\u00a0 \u00a0M\u00fasica \u00a0 \u00a0y letra de Marcial Campos Interpretan: Los Hermanos Campos TunaEspa\u00f1a (Don Dudo) www.TunaEspa\u00f1a.es \u00a0 www.TunaEspana.com Ritmo: Cueca Folclore Chileno Enlace Youtube:\u00a0pinche aqui para escuchar la canci\u00f3n &nbsp; El autor de esta famosa cueca chilena es el recordado Marcial Campos, quien dej\u00f3 [&hellip;]<\/p>\n","protected":false},"author":2,"featured_media":0,"comment_status":"closed","ping_status":"closed","sticky":false,"template":"","format":"standard","meta":[],"categories":[715,21,263],"tags":[],"_links":{"self":[{"href":"https:\/\/www.tunaespana.es\/index.php?rest_route=\/wp\/v2\/posts\/13520"}],"collection":[{"href":"https:\/\/www.tunaespana.es\/index.php?rest_route=\/wp\/v2\/posts"}],"about":[{"href":"https:\/\/www.tunaespana.es\/index.php?rest_route=\/wp\/v2\/types\/post"}],"author":[{"embeddable":true,"href":"https:\/\/www.tunaespana.es\/index.php?rest_route=\/wp\/v2\/users\/2"}],"replies":[{"embeddable":true,"href":"https:\/\/www.tunaespana.es\/index.php?rest_route=%2Fwp%2Fv2%2Fcomments&post=13520"}],"version-history":[{"count":4,"href":"https:\/\/www.tunaespana.es\/index.php?rest_route=\/wp\/v2\/posts\/13520\/revisions"}],"predecessor-version":[{"id":13525,"href":"https:\/\/www.tunaespana.es\/index.php?rest_route=\/wp\/v2\/posts\/13520\/revisions\/13525"}],"wp:attachment":[{"href":"https:\/\/www.tunaespana.es\/index.php?rest_route=%2Fwp%2Fv2%2Fmedia&parent=13520"}],"wp:term":[{"taxonomy":"category","embeddable":true,"href":"https:\/\/www.tunaespana.es\/index.php?rest_route=%2Fwp%2Fv2%2Fcategories&post=13520"},{"taxonomy":"post_tag","embeddable":true,"href":"https:\/\/www.tunaespana.es\/index.php?rest_route=%2Fwp%2Fv2%2Ftags&post=13520"}],"curies":[{"name":"wp","href":"https:\/\/api.w.org\/{rel}","templated":true}]}}