{"id":13718,"date":"2012-06-11T15:51:28","date_gmt":"2012-06-11T15:51:28","guid":{"rendered":"http:\/\/www.tunaespana.es\/?p=13718"},"modified":"2012-06-11T15:56:02","modified_gmt":"2012-06-11T15:56:02","slug":"adan-garcia-acorde-guitarra-letra-tablatura-cancionero-tuna-folklore-latinoamericano","status":"publish","type":"post","link":"https:\/\/www.tunaespana.es\/?p=13718","title":{"rendered":"Adan Garc\u00eda (Acorde guitarra) (Letra Tablatura) cancionero Tuna (Folklore LatinoAmericano)"},"content":{"rendered":"<p>&nbsp;<\/p>\n<p style=\"text-align: center;\"><span style=\"color: #ff3366; font-size: xx-small;\"><strong><span style=\"font-size: x-large;\">Adan Garc\u00eda<\/span><\/strong><\/span><\/p>\n<p style=\"text-align: center;\"><span style=\"color: #ff3366; font-size: xx-small;\"><strong><span style=\"font-size: x-large;\"><br \/>\n<\/span><\/strong><\/span><\/p>\n<p style=\"text-align: center;\"><span style=\"color: #ffff00;\"><span style=\"font-family: Georgia, 'Times New Roman', 'Bitstream Charter', Times, serif;\"><span style=\"font-size: small;\">Autor:\u00a0 \u00a0M\u00fasica \u00a0 \u00a0y letra de\u00a0Rub\u00e9n Blades<\/span><\/span><\/span><\/p>\n<p style=\"text-align: center;\"><span style=\"color: #0047ff;\"><span style=\"font-family: Georgia, 'Times New Roman', 'Bitstream Charter', Times, serif;\"><span style=\"font-size: small;\">Interpretan: Ruben Blades<\/span><\/span><\/span><\/p>\n<p style=\"text-align: center;\"><span style=\"color: #23ff23;\"><span style=\"font-family: Georgia, 'Times New Roman', 'Bitstream Charter', Times, serif;\"><span style=\"font-size: small;\">TunaEspa\u00f1a (Don Dudo)  www.TunaEspa\u00f1a.es   \u00a0 www.TunaEspana.com<\/span><\/span><\/span><\/p>\n<p style=\"text-align: center;\"><span style=\"color: #ff00ff;\"><span style=\"font-family: Georgia, 'Times New Roman', 'Bitstream Charter', Times, serif;\"><span style=\"font-size: small;\">Ritmo: Salsa<\/span><\/span><\/span><\/p>\n<p style=\"text-align: center;\"><span style=\"color: #ff950e;\"><span style=\"font-family: Georgia, 'Times New Roman', 'Bitstream Charter', Times, serif;\"><span style=\"font-size: small;\">Folklore LatinoAmericano<\/span><\/span><\/span><\/p>\n<p style=\"text-align: center;\"><span style=\"color: #0000ff;\"><span style=\"font-family: Georgia, 'Times New Roman', 'Bitstream Charter', Times, serif;\"><span style=\"font-size: small;\">Enlace Youtube:\u00a0<a href=\"http:\/\/www.youtube.com\/watch?v=-LHhj75ywA8\">pinche aqui para escuchar la canci\u00f3n <\/a><\/span><\/span><\/span><\/p>\n<p>&nbsp;<\/p>\n<pre><span style=\"font-size: small; color: #cc99ff;\">Intro:\r\n\r\n<em>e|-------------------------------------------------------------------|<\/em>\r\n<em>B|-14-15-14-17--17-15-14---12-14-12-15-------------------------------|<\/em>\r\n<em>G|---------------------------------------14-16-14--17-17--14-13---14-|<\/em>\r\n<em>D|-------------------------------------------------------------------|<\/em>\r\n<em>A|-------------------------------------------------------------------|<\/em>\r\n<em>E|-------------------------------------------------------------------|<\/em>\r\n\r\nverso 1:\r\n<a>A<\/a>                                     <a>D<\/a>       <a>E<\/a>\r\nEl \u00faltimo d\u00eda en la vida de Ad\u00e1n Garc\u00eda lo hall\u00f3 como todos\r\n        <a>D<\/a>        <a>A<\/a>         <a>F#m<\/a>\r\nlos otros de su pasado: so\u00f1ando ganarse el 'Gordo' en la\r\n     <a>D<\/a>           <a>E<\/a>         <a>D<\/a>                 <a>A<\/a>\r\nLoter\u00eda, los hijos y la mujer durmiendo a su lado.\r\n<a>A<\/a>                                 <a>D<\/a>        <a>E<\/a>               <a>D<\/a>\r\nAd\u00e1n sali\u00f3 de su casa, al mediod\u00eda, despu\u00e9s de una discusi\u00f3n\r\n            <a>A<\/a>       <a>F#m<\/a>                                   <a>D<\/a>\r\nmuy acalorada: su esposa quer\u00eda pedirle plata a los suegros,\r\n    <a>E<\/a>                 <a>D<\/a>                 <a>A<\/a>\r\ny Ad\u00e1n besaba a sus hijos mientras gritaba:  \r\n\r\ncoro:\r\n<a>E<\/a>                                     <a>D<\/a>\r\n'Esto se acab\u00f3, vida. La ilusi\u00f3n se fu\u00e9, vieja, y el tiempo\r\n <a>A<\/a>                       <a>E<\/a>                        <a>D<\/a>\r\nes mi enemigo. En vez de vivir con miedo, mejor es morir\r\n                        <a>A<\/a>\r\nsonriendo, con el recuerdo vivo'.   \r\n\r\nverso 2:\r\n<a>A<\/a>                                          <a>D<\/a>      <a>E<\/a>\r\nPor \u00faltima vez entr\u00f3 en la tienda del barrio y le fiaron un\r\n  <a>D<\/a>                <a>A<\/a>    <a>F#m<\/a>                                      <a>D<\/a>\r\npaquete de cigarrillos. Por la Avenida Central lo vieron andando,\r\n   <a>E<\/a>                     <a>D<\/a>                <a>A<\/a>\r\n'sin rumbo, las manos dentro de los bolsillos'.\r\n <a>A<\/a>                                      <a>D<\/a>\r\n'Desde que a Ad\u00e1n lo botaron de su trabajo', dijo un vecino,\r\n  <a>E<\/a>                   <a>D<\/a>                   <a>A<\/a>  <a>F#m<\/a>\r\n'not\u00e9 en su forma de ser un cambio muy raro. \u00c9l, siempre muy\r\n                            <a>D<\/a>       <a>E<\/a>               <a>D<\/a>                 <a>A<\/a>\r\nvivaracho, ahora andaba quieto. Pero en la tranquilidad del desesperado.' (INTRO) \r\n\r\nverso 3:\r\n\r\nDice el parte policial que Ad\u00e1n lleg\u00f3 a un Banco y le grit\u00f3 a la\r\ncajera que le entregara todo el dinero que ella en su caja tuviera\r\ny que si no lo hac\u00eda pronto, \u00e9l la mataba.\r\n'El hombre me amenaz\u00f3 con una pistola', dijo una do\u00f1a, 'por eso\r\nes que le daba lo que \u00e9l quisiera. Por la clase de salario que aqu\u00ed\r\nme pagan no voy a arriesgar la vida que Dios me diera.'   \r\n\r\nverso 4:\r\nCuentan que al salir Ad\u00e1n corriendo del Banco se hall\u00f3 con una\r\npatrulla parqueada al frente; que no le hizo caso al guardia que le di\u00f3\r\nel 'Alto'; que iba, 'gritando y sonriendo como un demente'.\r\nAl otro d\u00eda, los peri\u00f3dicos publicaban la foto de su cad\u00e1ver en\r\ncalzoncillos. La viuda de Ad\u00e1n ley\u00f3, en la primera plana:\r\n'LADR\u00d3N USABA EL REVOLVER DE AGUA DE SU CHIQUILLO'.   \r\n\r\n'Esto se acab\u00f3, vida. La ilusi\u00f3n se fu\u00e9, vieja. El tiempo es mi enemigo.\r\nY yo, pa' vivir con miedo, prefiero morir sonriendo, con el recuerdo vivo'.<\/span><\/pre>\n<p>&nbsp;<\/p>\n","protected":false},"excerpt":{"rendered":"<p>&nbsp; Adan Garc\u00eda Autor:\u00a0 \u00a0M\u00fasica \u00a0 \u00a0y letra de\u00a0Rub\u00e9n Blades Interpretan: Ruben Blades TunaEspa\u00f1a (Don Dudo) www.TunaEspa\u00f1a.es \u00a0 www.TunaEspana.com Ritmo: Salsa Folklore LatinoAmericano Enlace Youtube:\u00a0pinche aqui para escuchar la canci\u00f3n &nbsp; Intro: e|&#8212;&#8212;&#8212;&#8212;&#8212;&#8212;&#8212;&#8212;&#8212;&#8212;&#8212;&#8212;&#8212;&#8212;&#8212;&#8212;&#8212;&#8212;&#8212;&#8212;&#8212;&#8212;-| B|-14-15-14-17&#8211;17-15-14&#8212;12-14-12-15&#8212;&#8212;&#8212;&#8212;&#8212;&#8212;&#8212;&#8212;&#8212;&#8212;-| G|&#8212;&#8212;&#8212;&#8212;&#8212;&#8212;&#8212;&#8212;&#8212;&#8212;&#8212;&#8212;&#8212;14-16-14&#8211;17-17&#8211;14-13&#8212;14-| D|&#8212;&#8212;&#8212;&#8212;&#8212;&#8212;&#8212;&#8212;&#8212;&#8212;&#8212;&#8212;&#8212;&#8212;&#8212;&#8212;&#8212;&#8212;&#8212;&#8212;&#8212;&#8212;-| A|&#8212;&#8212;&#8212;&#8212;&#8212;&#8212;&#8212;&#8212;&#8212;&#8212;&#8212;&#8212;&#8212;&#8212;&#8212;&#8212;&#8212;&#8212;&#8212;&#8212;&#8212;&#8212;-| E|&#8212;&#8212;&#8212;&#8212;&#8212;&#8212;&#8212;&#8212;&#8212;&#8212;&#8212;&#8212;&#8212;&#8212;&#8212;&#8212;&#8212;&#8212;&#8212;&#8212;&#8212;&#8212;-| verso 1: A D E El \u00faltimo d\u00eda en la vida de Ad\u00e1n Garc\u00eda lo hall\u00f3 como [&hellip;]<\/p>\n","protected":false},"author":2,"featured_media":0,"comment_status":"closed","ping_status":"closed","sticky":false,"template":"","format":"standard","meta":[],"categories":[42,263],"tags":[],"_links":{"self":[{"href":"https:\/\/www.tunaespana.es\/index.php?rest_route=\/wp\/v2\/posts\/13718"}],"collection":[{"href":"https:\/\/www.tunaespana.es\/index.php?rest_route=\/wp\/v2\/posts"}],"about":[{"href":"https:\/\/www.tunaespana.es\/index.php?rest_route=\/wp\/v2\/types\/post"}],"author":[{"embeddable":true,"href":"https:\/\/www.tunaespana.es\/index.php?rest_route=\/wp\/v2\/users\/2"}],"replies":[{"embeddable":true,"href":"https:\/\/www.tunaespana.es\/index.php?rest_route=%2Fwp%2Fv2%2Fcomments&post=13718"}],"version-history":[{"count":2,"href":"https:\/\/www.tunaespana.es\/index.php?rest_route=\/wp\/v2\/posts\/13718\/revisions"}],"predecessor-version":[{"id":13723,"href":"https:\/\/www.tunaespana.es\/index.php?rest_route=\/wp\/v2\/posts\/13718\/revisions\/13723"}],"wp:attachment":[{"href":"https:\/\/www.tunaespana.es\/index.php?rest_route=%2Fwp%2Fv2%2Fmedia&parent=13718"}],"wp:term":[{"taxonomy":"category","embeddable":true,"href":"https:\/\/www.tunaespana.es\/index.php?rest_route=%2Fwp%2Fv2%2Fcategories&post=13718"},{"taxonomy":"post_tag","embeddable":true,"href":"https:\/\/www.tunaespana.es\/index.php?rest_route=%2Fwp%2Fv2%2Ftags&post=13718"}],"curies":[{"name":"wp","href":"https:\/\/api.w.org\/{rel}","templated":true}]}}