{"id":14261,"date":"2012-07-07T18:10:46","date_gmt":"2012-07-07T18:10:46","guid":{"rendered":"http:\/\/www.tunaespana.es\/?p=14261"},"modified":"2014-03-19T16:42:18","modified_gmt":"2014-03-19T16:42:18","slug":"alma-guarani-acorde-guitarra-letra-tablatura-cancionero-tuna-folklore-latinoamericano","status":"publish","type":"post","link":"https:\/\/www.tunaespana.es\/?p=14261","title":{"rendered":"Alma Guarani,Acorde Guitarra, Letra Tabladura, Cancionero Tuna,Chamame"},"content":{"rendered":"<p>&nbsp;<\/p>\n<p style=\"text-align: center;\"><span style=\"color: #ff0000;\"><strong><span style=\"font-size: x-large;\">Alma Guarani<\/span><\/strong><\/span><\/p>\n<p style=\"text-align: center;\"><span style=\"color: #ff0000;\"><strong><span style=\"font-size: x-large;\"><a href=\"http:\/\/www.tunaespana.es\/wp-content\/uploads\/2012\/07\/Tuna-Espa\u00f1a-Tunas-Universitarias-estudiantinas-cancionero-tuna-certamen-Internacional-Costa-Calida-buen-tunar-musica-tuna-Don-Dudo-canciones-de-tuna-musica-de-tunaBuen-TunarJuntamento.jpg\"><img decoding=\"async\" loading=\"lazy\" class=\"aligncenter size-full wp-image-24326\" alt=\"Tuna Espa\u00f1a , Tunas Universitarias, estudiantinas, cancionero tuna, certamen Internacional  Costa Calida, buen tunar, musica tuna, Don Dudo, canciones de tuna, musica de tuna,Buen Tunar,Juntamento,\" src=\"http:\/\/www.tunaespana.es\/wp-content\/uploads\/2012\/07\/Tuna-Espa\u00f1a-Tunas-Universitarias-estudiantinas-cancionero-tuna-certamen-Internacional-Costa-Calida-buen-tunar-musica-tuna-Don-Dudo-canciones-de-tuna-musica-de-tunaBuen-TunarJuntamento.jpg\" width=\"615\" height=\"260\" srcset=\"https:\/\/www.tunaespana.es\/wp-content\/uploads\/2012\/07\/Tuna-Espa\u00f1a-Tunas-Universitarias-estudiantinas-cancionero-tuna-certamen-Internacional-Costa-Calida-buen-tunar-musica-tuna-Don-Dudo-canciones-de-tuna-musica-de-tunaBuen-TunarJuntamento.jpg 615w, https:\/\/www.tunaespana.es\/wp-content\/uploads\/2012\/07\/Tuna-Espa\u00f1a-Tunas-Universitarias-estudiantinas-cancionero-tuna-certamen-Internacional-Costa-Calida-buen-tunar-musica-tuna-Don-Dudo-canciones-de-tuna-musica-de-tunaBuen-TunarJuntamento-300x126.jpg 300w\" sizes=\"(max-width: 615px) 100vw, 615px\" \/><\/a><br \/>\n<\/span><\/strong><\/span><\/p>\n<p style=\"text-align: center;\"><span style=\"color: #ffff00;\"><span style=\"font-family: Georgia, 'Times New Roman', 'Bitstream Charter', Times, serif;\"><span style=\"font-size: small;\">Autor:\u00a0 \u00a0M\u00fasica \u00a0 \u00a0y letra de\u00a0Damasio Esquivel- Osvaldo sosa Cordero<\/span><\/span><\/span><\/p>\n<p style=\"text-align: center;\"><span style=\"color: #0047ff;\"><span style=\"font-family: Georgia, 'Times New Roman', 'Bitstream Charter', Times, serif;\"><span style=\"font-size: small;\">Interpretan:\u00a0Ramona Galarza, Horacio Guarany, Trio Los Paraguayos (<\/span><\/span><\/span><span style=\"color: #3366ff;\">Luis Alberto del Paran\u00e1),<\/span><\/p>\n<p align=\"CENTER\"><span style=\"color: #0000ff;\">Los de Imaguar\u00e9<\/span><\/p>\n<p style=\"text-align: center;\"><span style=\"color: #23ff23;\"><span style=\"font-family: Georgia, 'Times New Roman', 'Bitstream Charter', Times, serif;\"><span style=\"font-size: small;\">TunaEspa\u00f1a (Don Dudo) www.TunaEspa\u00f1a.es \u00a0 www.TunaEspana.com<\/span><\/span><\/span><\/p>\n<p style=\"text-align: center;\"><span style=\"color: #ff00ff;\"><span style=\"font-family: Georgia, 'Times New Roman', 'Bitstream Charter', Times, serif;\"><span style=\"font-size: small;\">Ritmo: Guarania \/Chamame<br \/>\n<\/span><\/span><\/span><\/p>\n<p align=\"CENTER\"><span style=\"color: #0000ff;\"><span style=\"font-family: Georgia,Times New Roman,Bitstream Charter,Times,serif;\"><span style=\"font-size: medium;\">[Tube]http:\/\/www.youtube.com\/watch?v=sQbIcOdgMlw[\/Tube]<\/span><\/span><\/span><\/p>\n<p style=\"text-align: center;\"><span style=\"font-size: small; color: #cc99ff;\"><span style=\"color: #99cc00;\">Ramona Galarza <\/span>(Corrientes, prov. hom., 1936), conocida como <span style=\"color: #99cc00;\">la novia del Paran\u00e1<\/span>, es una conocida cantante de <span style=\"color: #ccffcc;\">chamam\u00e9 y m\u00fasica litorale\u00f1a, de Argentina<\/span>. <\/span><\/p>\n<pre><span style=\"font-size: small; color: #cc99ff;\"><a>LAm<\/a>           <a>MI<\/a>\r\nRaza del guayaki...\r\n                       <a>LAm<\/a>\r\nla selva no te ha olvidado\r\n              <a>LA7<\/a>\r\nTu alma guaran\u00ed...\r\n                       <a>REm<\/a>\r\nperdura en el suelo amado\r\n                               <a>LAm<\/a>\r\nY desde el verdor del monte natal\r\n                               <a>MI<\/a>\r\nLa brisa sutil del tiempo estival\r\n                               <a>LAm<\/a>\r\nNos vuelve a traer tu voz secular.\r\n\r\nEs la misma que ayer...\r\nechaba a volar al viento\r\nCuitas de un querer...\r\ncon hondo y nativo acento\r\n\r\nEs la voz racial que no morir\u00e1\r\nMientras que el crisol de alg\u00fan m'barac\u00e1\r\nSu pena o su amor...convierta en cantar...\r\n\r\n          <a>SOL<\/a>\r\nAlma guaran\u00ed...\r\n                     <a>DO<\/a>\r\nquietud de los naranjales\r\n           <a>SOL<\/a>\r\nAlma guaran\u00ed...\r\n                   <a>MI<\/a>\r\nlamento de los yerbales...\r\n       <a>REm<\/a>        <a>LAm<\/a>\r\nVibra tu...tradici\u00f3n...\r\n       <a>MI<\/a>             <a>LAm<\/a>\r\nen la luz...y en la flor.\r\n                       <a>REm<\/a>\r\nLo mismo que el manantial\r\n                            <a>LAm<\/a>\r\nsin ning\u00fan rumor aflorando vas\r\n                                  <a>MI<\/a>\r\nY en riego de amor bendiciendo est\u00e1s\r\n                           <a>LAm<\/a>\r\nAlma guaran\u00ed la heredad natal...<\/span><\/pre>\n<p style=\"text-align: center;\"><span style=\"font-size: small; color: #cc99ff;\"><br \/>\n<\/span><\/p>\n<p>&nbsp;<\/p>\n<p align=\"CENTER\"><span style=\"color: #0000ff;\"><span style=\"font-family: Georgia,Times New Roman,Bitstream Charter,Times,serif;\"><span style=\"font-size: medium;\">[Tube]http:\/\/www.youtube.com\/watch?v=wB07OPcyMqI[\/Tube]<\/span><\/span><\/span><\/p>\n<pre><span style=\"color: #ff00ff;\">OTRO TONO<\/span>\r\n\r\n<span style=\"color: #ff00ff;\">I\r\n <a><span style=\"color: #ff00ff;\">Dm<\/span><\/a>           <a><span style=\"color: #ff00ff;\">A<\/span><\/a>\r\nRaza del guayak\u00ed\r\n                      <a><span style=\"color: #ff00ff;\">Dm<\/span><\/a>\r\nla selva no te ha olvidado\r\n             <a><span style=\"color: #ff00ff;\">D7<\/span><\/a>\r\nTu alma guaran\u00ed\r\n                      <a><span style=\"color: #ff00ff;\">Gm<\/span><\/a>\r\nperdura en el suelo amado.\r\n\r\nY desde el verdor\r\n             <a><span style=\"color: #ff00ff;\">Dm<\/span><\/a>\r\ndel monte natal\r\n<a><span style=\"color: #ff00ff;\">LA<\/span><\/a> brisa sutil\r\n                <a><span style=\"color: #ff00ff;\">A7<\/span><\/a>\r\ndel tiempo estival\r\nNos vuelve a traer\r\n            <a><span style=\"color: #ff00ff;\">Dm<\/span><\/a>\r\ntu voz secular.\r\n\r\nI\r\nEs la misma que ayer\r\nechaba a volar al viento\r\ncuitas de un querer\r\ncon hondo y nativo acento\r\nes la voz racial que no morir\u00e1\r\nmientras el crisol de algun mbarac\u00e1\r\nsu penoso amor convierta en cantar.\r\n\r\nII\r\n          <a><span style=\"color: #ff00ff;\">C7<\/span><\/a>\r\nAlma guaran\u00ed\r\n     <a><span style=\"color: #ff00ff;\">A#<\/span><\/a>              <a><span style=\"color: #ff00ff;\">F<\/span><\/a>\r\nquietud en los naranjales\r\n          <a><span style=\"color: #ff00ff;\">C7<\/span><\/a>\r\nAlma guaran\u00ed\r\n   <a><span style=\"color: #ff00ff;\">A#<\/span><\/a>              <a><span style=\"color: #ff00ff;\">A7<\/span><\/a>   <a><span style=\"color: #ff00ff;\">D7<\/span><\/a>\r\nlamento de los yerbales\r\n      <a><span style=\"color: #ff00ff;\">Gm<\/span><\/a>        <a><span style=\"color: #ff00ff;\">Dm<\/span><\/a>\r\nVibra tu tradici\u00f3n\r\n       <a><span style=\"color: #ff00ff;\">A7<\/span><\/a>           <a><span style=\"color: #ff00ff;\">Dm<\/span><\/a>\r\nen la luz y en la flor...\r\n\r\n    <a><span style=\"color: #ff00ff;\">D7<\/span><\/a>                <a><span style=\"color: #ff00ff;\">Gm<\/span><\/a>\r\nLo mismo que el manantial\r\n              <a><span style=\"color: #ff00ff;\">C7<\/span><\/a>            <a><span style=\"color: #ff00ff;\">F<\/span><\/a>\r\nsin ningun rumor aflorando vas,\r\n                <a><span style=\"color: #ff00ff;\">A#<\/span><\/a>               <a><span style=\"color: #ff00ff;\">Gm<\/span><\/a>\r\nY en riego de amor bendiciendo est\u00e1s\r\n           <a><span style=\"color: #ff00ff;\">A7<\/span><\/a>               <a><span style=\"color: #ff00ff;\">Dm<\/span><\/a>\r\nAlma guaran\u00ed, la heredad natal...<\/span><\/pre>\n","protected":false},"excerpt":{"rendered":"<p>&nbsp; Alma Guarani Autor:\u00a0 \u00a0M\u00fasica \u00a0 \u00a0y letra de\u00a0Damasio Esquivel- Osvaldo sosa Cordero Interpretan:\u00a0Ramona Galarza, Horacio Guarany, Trio Los Paraguayos (Luis Alberto del Paran\u00e1), Los de Imaguar\u00e9 TunaEspa\u00f1a (Don Dudo) www.TunaEspa\u00f1a.es \u00a0 www.TunaEspana.com Ritmo: Guarania \/Chamame [Tube]http:\/\/www.youtube.com\/watch?v=sQbIcOdgMlw[\/Tube] Ramona Galarza (Corrientes, prov. hom., 1936), conocida como la novia del Paran\u00e1, es una conocida cantante de chamam\u00e9 [&hellip;]<\/p>\n","protected":false},"author":2,"featured_media":0,"comment_status":"closed","ping_status":"closed","sticky":false,"template":"","format":"standard","meta":[],"categories":[42,263],"tags":[2111,856,3685,3271,1581,1475,3223,1052,3686,4854,795,3675,2199,4852,3680,860,3683,4881,3684,723,4865,3224],"_links":{"self":[{"href":"https:\/\/www.tunaespana.es\/index.php?rest_route=\/wp\/v2\/posts\/14261"}],"collection":[{"href":"https:\/\/www.tunaespana.es\/index.php?rest_route=\/wp\/v2\/posts"}],"about":[{"href":"https:\/\/www.tunaespana.es\/index.php?rest_route=\/wp\/v2\/types\/post"}],"author":[{"embeddable":true,"href":"https:\/\/www.tunaespana.es\/index.php?rest_route=\/wp\/v2\/users\/2"}],"replies":[{"embeddable":true,"href":"https:\/\/www.tunaespana.es\/index.php?rest_route=%2Fwp%2Fv2%2Fcomments&post=14261"}],"version-history":[{"count":8,"href":"https:\/\/www.tunaespana.es\/index.php?rest_route=\/wp\/v2\/posts\/14261\/revisions"}],"predecessor-version":[{"id":24329,"href":"https:\/\/www.tunaespana.es\/index.php?rest_route=\/wp\/v2\/posts\/14261\/revisions\/24329"}],"wp:attachment":[{"href":"https:\/\/www.tunaespana.es\/index.php?rest_route=%2Fwp%2Fv2%2Fmedia&parent=14261"}],"wp:term":[{"taxonomy":"category","embeddable":true,"href":"https:\/\/www.tunaespana.es\/index.php?rest_route=%2Fwp%2Fv2%2Fcategories&post=14261"},{"taxonomy":"post_tag","embeddable":true,"href":"https:\/\/www.tunaespana.es\/index.php?rest_route=%2Fwp%2Fv2%2Ftags&post=14261"}],"curies":[{"name":"wp","href":"https:\/\/api.w.org\/{rel}","templated":true}]}}