{"id":14590,"date":"2012-07-24T17:23:45","date_gmt":"2012-07-24T17:23:45","guid":{"rendered":"http:\/\/www.tunaespana.es\/?p=14590"},"modified":"2014-04-16T16:23:35","modified_gmt":"2014-04-16T16:23:35","slug":"viva-mi-patria-bolivia-acorde-guitarra-letra-tablatura-cancionero-tuna-popular-boliviana","status":"publish","type":"post","link":"https:\/\/www.tunaespana.es\/?p=14590","title":{"rendered":"Viva mi patria Bolivia ,Acorde Guitarra, Letra Tabladura, Cancionero Tuna, Folclore Boliviano"},"content":{"rendered":"<p style=\"text-align: center;\">\n<p style=\"text-align: center;\">\n<pre><span style=\"font-size: x-large; color: #ff0000;\"><strong>              Viva mi patria Bolivia\r\n<a href=\"http:\/\/www.tunaespana.es\/wp-content\/uploads\/2012\/07\/02-TunaEspa\u00f1a-Tuna-Derecho-Albacete-Don-Dudo-dism-tunos.com-Cancionero-Tuna.jpg\"><img decoding=\"async\" loading=\"lazy\" class=\"aligncenter size-full wp-image-25055\" alt=\"02, TunaEspa\u00f1a, Tuna Derecho Albacete, Don Dudo, dism, tunos.com, Cancionero Tuna\" src=\"http:\/\/www.tunaespana.es\/wp-content\/uploads\/2012\/07\/02-TunaEspa\u00f1a-Tuna-Derecho-Albacete-Don-Dudo-dism-tunos.com-Cancionero-Tuna.jpg\" width=\"601\" height=\"438\" srcset=\"https:\/\/www.tunaespana.es\/wp-content\/uploads\/2012\/07\/02-TunaEspa\u00f1a-Tuna-Derecho-Albacete-Don-Dudo-dism-tunos.com-Cancionero-Tuna.jpg 601w, https:\/\/www.tunaespana.es\/wp-content\/uploads\/2012\/07\/02-TunaEspa\u00f1a-Tuna-Derecho-Albacete-Don-Dudo-dism-tunos.com-Cancionero-Tuna-300x218.jpg 300w\" sizes=\"(max-width: 601px) 100vw, 601px\" \/><\/a>\r\n<\/strong><\/span><\/pre>\n<p style=\"text-align: center;\"><span style=\"color: #ffff00;\"><span style=\"font-family: Georgia, 'Times New Roman', 'Bitstream Charter', Times, serif;\"><span style=\"font-size: small;\">Autor:\u00a0 \u00a0M\u00fasica \u00a0 \u00a0y letra de\u00a0Apolinar camacho<\/span><\/span><\/span><\/p>\n<p style=\"text-align: center;\"><span style=\"color: #0047ff;\"><span style=\"font-family: Georgia, 'Times New Roman', 'Bitstream Charter', Times, serif;\"><span style=\"font-size: small;\">Interpretan:\u00a0Los Kory Huayras<\/span><\/span><\/span><\/p>\n<p style=\"text-align: center;\"><span style=\"color: #23ff23;\"><span style=\"font-family: Georgia, 'Times New Roman', 'Bitstream Charter', Times, serif;\"><span style=\"font-size: small;\">TunaEspa\u00f1a (Don Dudo) www.TunaEspa\u00f1a.es \u00a0 www.TunaEspana.com<\/span><\/span><\/span><\/p>\n<p style=\"text-align: center;\"><span style=\"color: #ff00ff;\"><span style=\"font-family: Georgia, 'Times New Roman', 'Bitstream Charter', Times, serif;\"><span style=\"font-size: small;\">Ritmo: <\/span><\/span><\/span><\/p>\n<p style=\"text-align: center;\"><span style=\"color: #ff950e;\"><span style=\"font-family: Georgia, 'Times New Roman', 'Bitstream Charter', Times, serif;\"><span style=\"font-size: small;\">Folklore <\/span><\/span><\/span><\/p>\n<p align=\"CENTER\"><span style=\"color: #0000ff;\"><span style=\"font-family: Georgia,Times New Roman,Bitstream Charter,Times,serif;\"><span style=\"font-size: small;\">[Tube]http:\/\/www.youtube.com\/watch?v=ZmyBQmWxpYE[\/Tube]<\/span><\/span><\/span><\/p>\n<p>&nbsp;<\/p>\n<p>&nbsp;<\/p>\n<pre><a>\r\n<span style=\"font-size: small; color: #cc99ff;\">Am<\/span><\/a><span style=\"font-size: small; color: #cc99ff;\">                <a>E7<\/a>\r\nViva mi patria Bolivia\r\n             <a>Am<\/a>\r\nuna gran naci\u00f3n\r\n<a>G<\/a>                 <a>C<\/a>\r\npor ella doy mi vida\r\n<a>E7<\/a>             <a>Am<\/a>\r\ntambi\u00e9n mi coraz\u00f3n\r\n\r\n<a>Am<\/a>                <a>E7<\/a>\r\nEsta canci\u00f3n que yo canto\r\n               <a>Am<\/a>\r\nla brindo con amor\r\n<a>G<\/a>                 <a>C<\/a>\r\na mi patria Bolivia\r\n<a>E7<\/a>             <a>Am<\/a>\r\nque quiero con pasi\u00f3n\r\n\r\n<a>Am<\/a>                 <a>E7<\/a>\r\nLa llevo en mi coraz\u00f3n\r\n                    <a>Am<\/a>\r\ny le doy mi inspiraci\u00f3n\r\n<a>G<\/a>                    <a>C<\/a>\r\nquiere a mi patria Bolivia\r\n<a>E7<\/a>             <a>Am<\/a>\r\ncomo la quiero yo\r\n<\/span><\/pre>\n<p>&nbsp;<\/p>\n<p>&nbsp;<\/p>\n","protected":false},"excerpt":{"rendered":"<p>Viva mi patria Bolivia Autor:\u00a0 \u00a0M\u00fasica \u00a0 \u00a0y letra de\u00a0Apolinar camacho Interpretan:\u00a0Los Kory Huayras TunaEspa\u00f1a (Don Dudo) www.TunaEspa\u00f1a.es \u00a0 www.TunaEspana.com Ritmo: Folklore [Tube]http:\/\/www.youtube.com\/watch?v=ZmyBQmWxpYE[\/Tube] &nbsp; &nbsp; Am E7 Viva mi patria Bolivia Am una gran naci\u00f3n G C por ella doy mi vida E7 Am tambi\u00e9n mi coraz\u00f3n Am E7 Esta canci\u00f3n que yo canto Am [&hellip;]<\/p>\n","protected":false},"author":2,"featured_media":0,"comment_status":"closed","ping_status":"closed","sticky":false,"template":"","format":"standard","meta":[],"categories":[263,19],"tags":[856,833,731,724,721,835,861,871,722,867,836,739,728,726,866,852,727,865,853,857,834,734,752,869,868,860,870,862,864,863,737,738,754,723,858,854,859,747,748,745,746],"_links":{"self":[{"href":"https:\/\/www.tunaespana.es\/index.php?rest_route=\/wp\/v2\/posts\/14590"}],"collection":[{"href":"https:\/\/www.tunaespana.es\/index.php?rest_route=\/wp\/v2\/posts"}],"about":[{"href":"https:\/\/www.tunaespana.es\/index.php?rest_route=\/wp\/v2\/types\/post"}],"author":[{"embeddable":true,"href":"https:\/\/www.tunaespana.es\/index.php?rest_route=\/wp\/v2\/users\/2"}],"replies":[{"embeddable":true,"href":"https:\/\/www.tunaespana.es\/index.php?rest_route=%2Fwp%2Fv2%2Fcomments&post=14590"}],"version-history":[{"count":8,"href":"https:\/\/www.tunaespana.es\/index.php?rest_route=\/wp\/v2\/posts\/14590\/revisions"}],"predecessor-version":[{"id":25056,"href":"https:\/\/www.tunaespana.es\/index.php?rest_route=\/wp\/v2\/posts\/14590\/revisions\/25056"}],"wp:attachment":[{"href":"https:\/\/www.tunaespana.es\/index.php?rest_route=%2Fwp%2Fv2%2Fmedia&parent=14590"}],"wp:term":[{"taxonomy":"category","embeddable":true,"href":"https:\/\/www.tunaespana.es\/index.php?rest_route=%2Fwp%2Fv2%2Fcategories&post=14590"},{"taxonomy":"post_tag","embeddable":true,"href":"https:\/\/www.tunaespana.es\/index.php?rest_route=%2Fwp%2Fv2%2Ftags&post=14590"}],"curies":[{"name":"wp","href":"https:\/\/api.w.org\/{rel}","templated":true}]}}