{"id":1472,"date":"2011-06-02T17:35:48","date_gmt":"2011-06-02T17:35:48","guid":{"rendered":"http:\/\/www.tunaespana.com\/wp\/?p=1472"},"modified":"2023-08-17T19:24:39","modified_gmt":"2023-08-17T17:24:39","slug":"ahora-seremos-felices","status":"publish","type":"post","link":"https:\/\/www.tunaespana.es\/?p=1472","title":{"rendered":"Ahora seremos felices ,Acorde Guitarra, Letra Tabladura, Cancionero Tuna,"},"content":{"rendered":"<p>&nbsp;<\/p>\n<p style=\"text-align: center;\"><span style=\"color: #ff0000; font-size: x-large;\">Ahora seremos felices<span style=\"font-size: small;\">; <span style=\"font-size: x-small;\">1939<\/span><\/span><\/span><\/p>\n<p style=\"text-align: center;\"><span style=\"color: #ffff00; font-size: medium;\">Autor: Rafael Hernandez<\/span><\/p>\n<p style=\"text-align: center;\"><a href=\"http:\/\/www.tunaespana.es\/wp-content\/uploads\/2014\/04\/Don-DudoCancionero-tuna-canciones-de-tuna-musica-de-tuna-Alfredo-Sadel-Tuna-Espa\u00f1a-Tito-Rodriguez.jpg\"><img decoding=\"async\" loading=\"lazy\" class=\"aligncenter size-full wp-image-25248\" src=\"http:\/\/www.tunaespana.es\/wp-content\/uploads\/2014\/04\/Don-DudoCancionero-tuna-canciones-de-tuna-musica-de-tuna-Alfredo-Sadel-Tuna-Espa\u00f1a-Tito-Rodriguez.jpg\" alt=\"Don Dudo,Cancionero tuna, canciones de tuna, musica de tuna, Alfredo Sadel, Tuna Espa\u00f1a, Tito Rodriguez\" width=\"256\" height=\"473\" srcset=\"https:\/\/www.tunaespana.es\/wp-content\/uploads\/2014\/04\/Don-DudoCancionero-tuna-canciones-de-tuna-musica-de-tuna-Alfredo-Sadel-Tuna-Espa\u00f1a-Tito-Rodriguez.jpg 256w, https:\/\/www.tunaespana.es\/wp-content\/uploads\/2014\/04\/Don-DudoCancionero-tuna-canciones-de-tuna-musica-de-tuna-Alfredo-Sadel-Tuna-Espa\u00f1a-Tito-Rodriguez-162x300.jpg 162w\" sizes=\"(max-width: 256px) 100vw, 256px\" \/><\/a><\/p>\n<p><span style=\"color: #3366ff; font-size: medium;\">Interpretan: Juan Arvizu, Trio Caribe, Joe Valle, Los Panchos, Gilberto Monroig, Trio Monterrey, Tito Rodriguez, Jhonny Albino y su Trio, TunaEspa\u00f1a, Trio Irakitan, Gregorio Barrios<br \/>\n<\/span><\/p>\n<p style=\"text-align: center;\"><span style=\"font-size: medium; color: #00ff00;\">Don Dudo<\/span><\/p>\n<p style=\"text-align: center;\"><span style=\"font-size: medium; color: #00ff00;\"> www.TunaEspana.com \u00a0 \u00a0www.TunaEspa\u00f1a.es<\/span><\/p>\n<p style=\"text-align: center;\"><span style=\"font-size: medium; color: #ffcc00;\">Bolero ritmico<\/span><\/p>\n<p style=\"text-align: center;\"><span style=\"font-size: medium; color: #ff00ff;\">Puerto Rico<\/span><\/p>\n<p style=\"text-align: center;\"><span style=\"color: #0000ff; font-size: medium;\">Enlace Youtube: <a href=\"http:\/\/www.youtube.com\/watch?v=iA49LK01qgs\">pinche aqui para escuchar la canci\u00f3n<\/a><\/span><\/p>\n<p align=\"CENTER\"><span style=\"color: #0000ff;\"><span style=\"font-family: Georgia,Times New Roman,Bitstream Charter,Times,serif;\"><span style=\"font-size: medium;\">[Tube]http:\/\/www.youtube.com\/watch?v=1l2vMfkX6sc[\/Tube]<\/span><\/span><\/span><\/p>\n<div><\/div>\n<p>&nbsp;<\/p>\n<div>Cuando se habla de las canciones populares de los <span style=\"color: #00ff00;\">a\u00f1os 40 al 50 <\/span>puede asegurarse que ellas giraron en torno a <span style=\"color: #00ff00;\">tres voces <\/span>mexicanas comandantes de la popularidad en todos los pa\u00edses americanos: <span style=\"color: #ff00ff;\">Dr. Alfonso Ortiz Tirado<\/span>, <span style=\"color: #00ff00;\">Juan Arvizu<\/span> y <span style=\"color: #ffcc00;\">Pedro Vargas<\/span>.<\/div>\n<p>&nbsp;<\/p>\n<div><\/div>\n<div>En el a\u00f1o <span style=\"color: #00ff00;\">1939<\/span>, <span style=\"color: #00ff00;\">Juan Arvizu <\/span>protagoniz\u00f3 en La Habana la pel\u00edcula <span style=\"color: #00ffff;\">\u201cAhora Seremos Felices\u201d <\/span>para la cual se aprovecharon tres circunstancias que garantizaban su \u00e9xito comercial. La popularidad del tenor mexicano que en ese momento viv\u00eda sus mejores momentos. Eran los d\u00edas en que los <span style=\"color: #00ffff;\">discos RCA V\u00edctor<\/span> de Juan Arvizu sonaban triunfalmente de punta a punta de la Am\u00e9rica. Cuando el bolero, en su plenitud lo hab\u00eda hecho uno de los interpretes rom\u00e1nticos favoritos de la juventud. Cuando la voz expresiva de Arvizu era garant\u00eda de \u00e9xito para cualquier melod\u00eda que grabara. La triunfal acogida que el publico dispensaba a la canci\u00f3n de <span style=\"color: #00ffff;\">Rafael Hern\u00e1ndez<\/span> que toda la Am\u00e9rica\u00a0 tarareaba y que sirvi\u00f3 de titulo al film. La simpat\u00eda de una estrellita centroamericana, vert\u00eda maravillosa de los escenarios fr\u00edvolos <span style=\"color: #00ffff;\">\u00abMapy Cortez\u00bb<\/span> y al hecho de que las <span style=\"color: #00ffff;\">grandes orquestas cubanas <\/span>eran por esa misma \u00e9poca las favoritas de los aficionados a la m\u00fasica popular. Y la <span style=\"color: #00ffff;\">Habana la capital mundial <\/span>de la alegr\u00eda.<\/div>\n<div><\/div>\n<p>&nbsp;<\/p>\n<p>&nbsp;<\/p>\n<p><span style=\"color: #cc99ff;\">G\u00a0\u00a0\u00a0\u00a0\u00a0\u00a0\u00a0\u00a0\u00a0\u00a0\u00a0\u00a0\u00a0\u00a0\u00a0 D7\u00a0\u00a0\u00a0\u00a0\u00a0\u00a0\u00a0\u00a0\u00a0\u00a0\u00a0\u00a0\u00a0\u00a0\u00a0\u00a0\u00a0\u00a0\u00a0\u00a0\u00a0 G<\/span><br \/>\n<span style=\"color: #cc99ff;\">Yo tengo ya la casita, que tanto te promet\u00ed,<\/span><\/p>\n<p><span style=\"color: #cc99ff;\"> G7\u00a0\u00a0\u00a0\u00a0\u00a0 C\u00a0\u00a0\u00a0\u00a0\u00a0 D7\u00a0\u00a0\u00a0\u00a0\u00a0\u00a0 G<\/span><br \/>\n<span style=\"color: #cc99ff;\">Y llena de margaritas, para t\u00ed, para t\u00ed,<\/span><\/p>\n<p><span style=\"color: #cc99ff;\"> D7\u00a0\u00a0\u00a0\u00a0\u00a0\u00a0\u00a0\u00a0\u00a0\u00a0\u00a0\u00a0\u00a0\u00a0\u00a0\u00a0\u00a0\u00a0\u00a0\u00a0\u00a0 G<\/span><br \/>\n<span style=\"color: #cc99ff;\">ser\u00e1 un refugio de amores, ser\u00e1 una cosa ideal,<\/span><\/p>\n<p><span style=\"color: #cc99ff;\"> G7\u00a0\u00a0\u00a0\u00a0\u00a0\u00a0 C\u00a0\u00a0\u00a0\u00a0\u00a0\u00a0 D7\u00a0\u00a0\u00a0\u00a0\u00a0\u00a0\u00a0\u00a0\u00a0\u00a0\u00a0\u00a0\u00a0\u00a0\u00a0\u00a0\u00a0\u00a0 G\u00a0\u00a0 G7<\/span><br \/>\n<span style=\"color: #cc99ff;\">y entre romances y flores, formaremos nuestro hogar;<\/span><\/p>\n<p><span style=\"color: #cc99ff;\"> C\u00a0\u00a0\u00a0 Cm\u00a0\u00a0\u00a0\u00a0\u00a0\u00a0\u00a0\u00a0\u00a0\u00a0\u00a0\u00a0\u00a0\u00a0\u00a0\u00a0\u00a0\u00a0 G<\/span><br \/>\n<span style=\"color: #cc99ff;\">Ahora seremos felices,\u00a0 ahora podremos cantar,<\/span><\/p>\n<p><span style=\"color: #cc99ff;\"> Am\u00a0\u00a0 D7\u00a0\u00a0\u00a0\u00a0\u00a0\u00a0\u00a0\u00a0\u00a0\u00a0\u00a0\u00a0\u00a0\u00a0\u00a0\u00a0\u00a0\u00a0\u00a0\u00a0 G\u00a0 G7<\/span><br \/>\n<span style=\"color: #cc99ff;\">aquella canci\u00f3n que dice as\u00ed, con su ritmo tropical:<\/span><\/p>\n<p><span style=\"color: #cc99ff;\"> C\u00a0\u00a0\u00a0\u00a0 Cm\u00a0\u00a0\u00a0\u00a0\u00a0\u00a0\u00a0\u00a0\u00a0\u00a0 G<\/span><br \/>\n<span style=\"color: #cc99ff;\">Laralalalalal\u00e1,\u00a0 laralalalal\u00e1,<\/span><\/p>\n<p><span style=\"color: #cc99ff;\"> Am\u00a0\u00a0 D7\u00a0\u00a0\u00a0\u00a0\u00a0\u00a0\u00a0\u00a0\u00a0\u00a0\u00a0\u00a0\u00a0\u00a0\u00a0\u00a0\u00a0\u00a0 G<\/span><br \/>\n<span style=\"color: #cc99ff;\">que Dios nos de mucha vida negra, y mucha felicidad.<\/span><\/p>\n<p><span style=\"color: #cc99ff;\"> D7\u00a0\u00a0\u00a0\u00a0\u00a0\u00a0\u00a0\u00a0\u00a0\u00a0\u00a0\u00a0\u00a0\u00a0\u00a0\u00a0\u00a0\u00a0\u00a0 G<\/span><br \/>\n<span style=\"color: #cc99ff;\">Para completar la dicha Y nuestra felicidad,<\/span><\/p>\n<p><span style=\"color: #cc99ff;\"> G7\u00a0\u00a0\u00a0\u00a0\u00a0\u00a0 C\u00a0\u00a0\u00a0\u00a0\u00a0 D7\u00a0\u00a0\u00a0\u00a0\u00a0\u00a0\u00a0\u00a0 G<\/span><br \/>\n<span style=\"color: #cc99ff;\">hace falta una cosita, \u00bfque ser\u00e1? \u00bfque ser\u00e1?<\/span><\/p>\n<p><span style=\"color: #cc99ff;\"> D7\u00a0\u00a0\u00a0\u00a0\u00a0\u00a0\u00a0\u00a0\u00a0\u00a0\u00a0\u00a0\u00a0\u00a0\u00a0\u00a0\u00a0\u00a0\u00a0\u00a0\u00a0\u00a0\u00a0\u00a0 G<\/span><br \/>\n<span style=\"color: #cc99ff;\">ser\u00e1 una cosita chiquita, por cierto muy singular,<\/span><\/p>\n<p><span style=\"color: #cc99ff;\"> G7\u00a0\u00a0\u00a0\u00a0\u00a0\u00a0 C\u00a0\u00a0\u00a0\u00a0 D7\u00a0\u00a0\u00a0\u00a0\u00a0\u00a0\u00a0\u00a0\u00a0\u00a0\u00a0\u00a0\u00a0\u00a0\u00a0\u00a0\u00a0\u00a0\u00a0\u00a0 G\u00a0\u00a0 G7<\/span><br \/>\n<span style=\"color: #cc99ff;\">es como una mu\u00f1equita, que alegrar\u00e1 nuestro hogar;<\/span><\/p>\n<p><span style=\"color: #cc99ff;\"> C\u00a0\u00a0\u00a0 Cm\u00a0\u00a0\u00a0\u00a0\u00a0\u00a0\u00a0\u00a0\u00a0\u00a0\u00a0\u00a0\u00a0\u00a0\u00a0\u00a0\u00a0\u00a0 G<\/span><br \/>\n<span style=\"color: #cc99ff;\">Ahora seremos felices,\u00a0 ahora podremos cantar,<\/span><\/p>\n<p><span style=\"color: #cc99ff;\"> Am\u00a0\u00a0 D7\u00a0\u00a0\u00a0\u00a0\u00a0\u00a0\u00a0\u00a0\u00a0\u00a0\u00a0\u00a0\u00a0\u00a0\u00a0\u00a0\u00a0\u00a0\u00a0\u00a0 G\u00a0 G7<\/span><br \/>\n<span style=\"color: #cc99ff;\">aquella canci\u00f3n que dice as\u00ed, con su ritmo tropical:<\/span><\/p>\n<p><span style=\"color: #cc99ff;\"> C\u00a0\u00a0\u00a0\u00a0 Cm\u00a0\u00a0\u00a0\u00a0\u00a0\u00a0\u00a0\u00a0\u00a0\u00a0 G<\/span><br \/>\n<span style=\"color: #cc99ff;\">Laralalalalal\u00e1,\u00a0 laralalalal\u00e1,<\/span><\/p>\n<p><span style=\"color: #cc99ff;\"> Am\u00a0\u00a0 D7\u00a0\u00a0\u00a0\u00a0\u00a0\u00a0\u00a0\u00a0\u00a0\u00a0\u00a0\u00a0\u00a0\u00a0\u00a0\u00a0\u00a0\u00a0 G<\/span><br \/>\n<span style=\"color: #cc99ff;\">que Dios nos de mucha vida negra, y mucha felicidad.<\/span><\/p>\n<p><a href=\"http:\/\/www.tunaespana.es\/wp-content\/uploads\/2011\/06\/TunaEspa\u00f1a-Don-Visedo-Don-Perdi-dismcancionero-tuna.jpg\"><img decoding=\"async\" loading=\"lazy\" class=\"aligncenter size-full wp-image-23315\" src=\"http:\/\/www.tunaespana.es\/wp-content\/uploads\/2011\/06\/TunaEspa\u00f1a-Don-Visedo-Don-Perdi-dismcancionero-tuna.jpg\" alt=\"TunaEspa\u00f1a, Don Visedo, Don Perdi, dism,cancionero tuna\" width=\"312\" height=\"357\" srcset=\"https:\/\/www.tunaespana.es\/wp-content\/uploads\/2011\/06\/TunaEspa\u00f1a-Don-Visedo-Don-Perdi-dismcancionero-tuna.jpg 312w, https:\/\/www.tunaespana.es\/wp-content\/uploads\/2011\/06\/TunaEspa\u00f1a-Don-Visedo-Don-Perdi-dismcancionero-tuna-262x300.jpg 262w\" sizes=\"(max-width: 312px) 100vw, 312px\" \/><\/a><\/p>\n<p><span style=\"font-size: 24px; color: #ff00ff;\"><em><strong>Version Trio Irakitan<\/strong><\/em><\/span><\/p>\n<div id=\"cifra_cnt\">\n<pre id=\"ct_tom_cifra\"><span style=\"color: #ff00ff;\">Tono:F<a id=\"cifra_troca_tom\" title=\"alterar o tom da cifra\" href=\"http:\/\/cifraclub.com\/trio-irakitan\/ahora-seremos-felices\/#\"><\/a>\r\n\t\t<\/span><\/pre>\n<pre id=\"ct_cifra\"><span style=\"color: #ff00ff;\">(intro)\r\n        <b>F7<\/b>        <b>Bbmaj8<\/b>  <b>Bb6<\/b>\r\nLa la la la la la la la   la\r\n<b>Eb7<\/b>               <b>Abmaj7<\/b> <b>Gm7<\/b> <b>Fmaj7<\/b>\r\nLa la la la la la la\r\n\r\n        <b>Gm7<\/b>       <b>C7<\/b>  <b>Gm7<\/b>\r\nYo tengo ya la casita\r\n          <b>C7<\/b>      <b>Fmaj7<\/b>  <b>F6<\/b>\r\nQue tanto te promet\u00ed\r\n        <b>F7<\/b>      <b>Bbmaj7<\/b>   <b>Bb6<\/b>\r\nY llena de margari     - tas\r\n<b>C7<\/b>       <b>Fmaj7<\/b>  <b>F6<\/b>\r\nPara t\u00ed, para   m\u00ed\r\n\r\n        <b>Gm7<\/b>          <b>C7<\/b>    <b>Gm7<\/b>\r\nSer\u00e1 un refugio de amores,\r\n         <b>C7<\/b>    <b>Fmaj7<\/b>  <b>F6<\/b>\r\nSer\u00e1 una cosa ideal\r\n           <b>F7<\/b>        <b>Bb6<\/b>\r\nY entre romances y flores\r\n<b>C7<\/b>          <b>Fmaj7<\/b>        <b>F6<\/b>\r\nFormaremos nuestro hogar\r\n\r\n        <b>F7<\/b>      <b>Bbmaj7<\/b> <b>Bb6<\/b>\r\nAhora seremos feli   - ces\r\n        <b>Eb7<\/b>      <b>Abmaj7<\/b> <b>C7<\/b> <b>Fmaj7<\/b>\r\nAhora podemos cantar\r\n           <b>Dm7<\/b>      <b>Gm7<\/b>        <b>C7<\/b>\r\nAquella canci\u00f3n que dice as\u00ed\r\n       <b>Gm7<\/b>    <b>C7<\/b>  <b>Fmaj7<\/b> <b>F7<\/b>\r\nCon su ritmo tropical\r\n\r\n         <b>F7<\/b>       <b>Bbmaj7<\/b>  <b>Bb6<\/b>  <b>Eb7<\/b>\r\nLa la la la la la la  la  la\r\n        <b>Eb7<\/b>      <b>Abmaj7<\/b> <b>C6<\/b> <b>Fmaj7<\/b>\r\nLa la la la la la la\r\n             <b>Fmaj7<\/b>    <b>Gm7<\/b>        <b>C7<\/b>\r\nQue dios nos d\u00e9 mucha vida negra\r\n        <b>Gm7<\/b> <b>C7<\/b>   <b>Fmaj7<\/b>\r\nY mucha fe- licidad\r\n\r\n             <b>Fmaj7<\/b>    <b>Gm7<\/b>        <b>C7<\/b>\r\nQue dios nos d\u00e9 mucha vida negra\r\n        <b>Gm7<\/b> <b>C7<\/b>   <b>Fmaj7<\/b>\r\nY mucha fe- licidad\r\n\r\nPara completar la dicha\r\nY nuestra felicidad\r\nHace falta una cosita\r\n\u00bfqu\u00e9 ser\u00e1, qu\u00e9 ser\u00e1?\r\n\r\nSer\u00e1 una cosa chiquita\r\nPor cierto muy singular\r\nEs como una mu\u00f1equita\r\nQue alegrar\u00e1 nuestro hogar\r\n\r\nAhora seremos felices\r\nAhora podemos cantar\r\nAquella canci\u00f3n que dice as\u00ed\r\nCon su ritmo tropical\r\n\r\nLa la la la la la la la la\r\nLa la la la la la la\r\nQue dios nos d\u00e9 mucha vida, negra\r\nY mucha felicidad\r\n\r\n             <b>Fmaj7<\/b>    <b>Gm7<\/b>        <b>C7<\/b>\r\nQue dios nos d\u00e9 mucha vida negra\r\n        <b>Gm7<\/b> <b>C7<\/b>   <b>Fmaj7<\/b>\r\nY mucha fe- licidad             <b>Fmaj7<\/b>    <b>Gm7<\/b>        <b>C7<\/b>\r\nQue dios nos d\u00e9 mucha vida negra\r\n        <b>Gm7<\/b> <b>C7<\/b>   <b>Fmaj7<\/b> <b>Abmaj7<\/b> <b>G7<\/b> <b>F#maj7<\/b> <b>Fmaj7<\/b>\r\nY mucha fe- licidad<\/span><\/pre>\n<\/div>\n<p>&nbsp;<\/p>\n","protected":false},"excerpt":{"rendered":"<p>&nbsp; Ahora seremos felices; 1939 Autor: Rafael Hernandez Interpretan: Juan Arvizu, Trio Caribe, Joe Valle, Los Panchos, Gilberto Monroig, Trio Monterrey, Tito Rodriguez, Jhonny Albino y su Trio, TunaEspa\u00f1a, Trio Irakitan, Gregorio Barrios Don Dudo www.TunaEspana.com \u00a0 \u00a0www.TunaEspa\u00f1a.es Bolero ritmico Puerto Rico Enlace Youtube: pinche aqui para escuchar la canci\u00f3n [Tube]http:\/\/www.youtube.com\/watch?v=1l2vMfkX6sc[\/Tube] &nbsp; Cuando se habla [&hellip;]<\/p>\n","protected":false},"author":2,"featured_media":0,"comment_status":"open","ping_status":"open","sticky":false,"template":"","format":"standard","meta":[],"categories":[59,42,274,58,57,47,564,263],"tags":[3480,4873,3483,3482,4612,750,929,4631,3481,1328,4887,4865],"_links":{"self":[{"href":"https:\/\/www.tunaespana.es\/index.php?rest_route=\/wp\/v2\/posts\/1472"}],"collection":[{"href":"https:\/\/www.tunaespana.es\/index.php?rest_route=\/wp\/v2\/posts"}],"about":[{"href":"https:\/\/www.tunaespana.es\/index.php?rest_route=\/wp\/v2\/types\/post"}],"author":[{"embeddable":true,"href":"https:\/\/www.tunaespana.es\/index.php?rest_route=\/wp\/v2\/users\/2"}],"replies":[{"embeddable":true,"href":"https:\/\/www.tunaespana.es\/index.php?rest_route=%2Fwp%2Fv2%2Fcomments&post=1472"}],"version-history":[{"count":16,"href":"https:\/\/www.tunaespana.es\/index.php?rest_route=\/wp\/v2\/posts\/1472\/revisions"}],"predecessor-version":[{"id":37958,"href":"https:\/\/www.tunaespana.es\/index.php?rest_route=\/wp\/v2\/posts\/1472\/revisions\/37958"}],"wp:attachment":[{"href":"https:\/\/www.tunaespana.es\/index.php?rest_route=%2Fwp%2Fv2%2Fmedia&parent=1472"}],"wp:term":[{"taxonomy":"category","embeddable":true,"href":"https:\/\/www.tunaespana.es\/index.php?rest_route=%2Fwp%2Fv2%2Fcategories&post=1472"},{"taxonomy":"post_tag","embeddable":true,"href":"https:\/\/www.tunaespana.es\/index.php?rest_route=%2Fwp%2Fv2%2Ftags&post=1472"}],"curies":[{"name":"wp","href":"https:\/\/api.w.org\/{rel}","templated":true}]}}