{"id":15096,"date":"2012-08-18T16:54:11","date_gmt":"2012-08-18T16:54:11","guid":{"rendered":"http:\/\/www.tunaespana.es\/?p=15096"},"modified":"2023-08-24T19:10:40","modified_gmt":"2023-08-24T17:10:40","slug":"esquina-al-campo-acorde-guitarra-letra-tablatura-cancionero-tuna-folklore-argentino","status":"publish","type":"post","link":"https:\/\/www.tunaespana.es\/?p=15096","title":{"rendered":"Esquina al campo (Acorde guitarra) (Letra Tablatura) cancionero Tuna (Folklore Argentino)"},"content":{"rendered":"<p style=\"text-align: center;\"><span style=\"font-size: x-large; color: #ff0000;\"><strong>Esquina al campo<\/strong><\/span><\/p>\n<p style=\"text-align: center;\"><span style=\"color: #ffff00;\"><span style=\"font-family: Georgia, 'Times New Roman', 'Bitstream Charter', Times, serif;\"><span style=\"font-size: medium;\">Autor:\u00a0 \u00a0M\u00fasica \u00a0 \u00a0y letra de \u00a0<\/span><\/span><\/span><span style=\"color: #ffff00;\">Juan Carlos \u00abCanqui\u00bb Chazarreta\u00a0<\/span><\/p>\n<p style=\"text-align: center;\"><span style=\"color: #0047ff;\"><span style=\"font-family: Georgia, 'Times New Roman', 'Bitstream Charter', Times, serif;\"><span style=\"font-size: medium;\">Interpretan: Los Chalchaleros,\u00a0Hernan Figueroa Reyes,\u00a0Alfredo Abalos<\/span><\/span><\/span><\/p>\n<p style=\"text-align: center;\"><span style=\"color: #23ff23;\"><span style=\"font-family: Georgia, 'Times New Roman', 'Bitstream Charter', Times, serif;\"><span style=\"font-size: medium;\">TunaEspa\u00f1a (Don Dudo) www.TunaEspa\u00f1a.es \u00a0 www.TunaEspana.com<\/span><\/span><\/span><\/p>\n<p style=\"text-align: center;\"><span style=\"color: #ff00ff;\"><span style=\"font-family: Georgia, 'Times New Roman', 'Bitstream Charter', Times, serif;\"><span style=\"font-size: medium;\">Ritmo: Zamba<\/span><\/span><\/span><\/p>\n<p style=\"text-align: center;\"><span style=\"color: #ff950e;\"><span style=\"font-family: Georgia, 'Times New Roman', 'Bitstream Charter', Times, serif;\"><span style=\"font-size: medium;\">Folklore Argentino<\/span><\/span><\/span><\/p>\n<p style=\"text-align: center;\" align=\"LEFT\"><span style=\"color: #0000ff;\"><span style=\"font-family: Georgia, 'Times New Roman', 'Bitstream Charter', Times, serif;\"><span style=\"font-size: medium;\"><span style=\"color: #000080;\"><span style=\"color: #0000ff;\">Enlace Youtube:\u00a0<a href=\"http:\/\/www.youtube.com\/watch?v=A5P-to7ezbU\">Pinche Aqui para escuchar la Canci\u00f3n<\/a><\/span><\/span><\/span><\/span><\/span><\/p>\n<p style=\"text-align: center;\" align=\"LEFT\">\n<div style=\"text-align: center;\"><span style=\"color: #ffcc99;\"><span style=\"color: #ffcc99;\">Juan Carlos Chazarreta, \u201cCanqui\u201d, fue conocido musicalmente por su apelativo que recuerda al l\u00edder ind\u00edgena T\u00fapac Amaru (Gabriel C\u00f3ndor Canqui). Compositor,y bailar\u00edn \u00a0naci\u00f3 en Santiago, en 1929 y falleci\u00f3 el 22 de mayo de 2006, a los 77 a\u00f1os, en Mar del Plata.\u00a0Es autor entre otras composiciones de \u00abLa vuelta del santiague\u00f1o\u00bb, \u00abcoplitas para mi Santiago<\/span><\/span><span style=\"color: #ffcc99;\">\u00bb y \u00abZambita del musiquero\u201d.<\/span><\/div>\n<div style=\"text-align: center;\"><span style=\"color: #ffcc00;\">Su canci\u00f3n m\u00e1s conocida, la zamba \u00abEsquina al campo\u00bb est\u00e1 dedicada a la esquina de las calles Jujuy y La Plata, de la capital santiague\u00f1a, a la que defini\u00f3 con mucho acierto como \u00abrefugio de musiqueros\u00bb.<\/span><\/div>\n<div style=\"text-align: center;\"><\/div>\n<pre><span style=\"font-size: medium; color: #cc99ff;\">(G) D7 D7 G<\/span>\r\n<span style=\"font-size: medium; color: #cc99ff;\"> G D7 D7 G (D7) G<\/span>\r\n\r\n<span style=\"font-size: medium; color: #cc99ff;\"> G (D7) G<\/span>\r\n<span style=\"font-size: medium; color: #cc99ff;\">Si por la Jujuy y la Plata, <\/span>\r\n<span style=\"font-size: medium; color: #cc99ff;\"> (A7) D<\/span>\r\n<span style=\"font-size: medium; color: #cc99ff;\">de noche empiezo a silbar, <\/span>\r\n<span style=\"font-size: medium; color: #cc99ff;\"> C (D7) G |<\/span>\r\n<span style=\"font-size: medium; color: #cc99ff;\">esquina de mi Santiago: |<\/span>\r\n<span style=\"font-size: medium; color: #cc99ff;\"> (C) G (D7) G | Bis<\/span>\r\n<span style=\"font-size: medium; color: #cc99ff;\">la zamba m\u00e1s zamba me vendr\u00e1 a buscar. |<\/span>\r\n\r\n<span style=\"font-size: medium; color: #cc99ff;\">Se llamaba Esquina al campo, <\/span>\r\n<span style=\"font-size: medium; color: #cc99ff;\">cuando el campo halle cantor <\/span>\r\n<span style=\"font-size: medium; color: #cc99ff;\">y un sentir bien santiague\u00f1o <\/span>\r\n<span style=\"font-size: medium; color: #cc99ff;\">en manos rugosas, velay, floreci\u00f3. <\/span>\r\n\r\n<span style=\"font-size: medium; color: #cc99ff;\"> G7 C<\/span>\r\n<span style=\"font-size: medium; color: #cc99ff;\"> Esquina al campo, como mistoles <\/span>\r\n<span style=\"font-size: medium; color: #cc99ff;\"> D7 G<\/span>\r\n<span style=\"font-size: medium; color: #cc99ff;\"> tienen las coplas armadas all\u00ed: <\/span>\r\n<span style=\"font-size: medium; color: #cc99ff;\"> C (D7) G |<\/span>\r\n<span style=\"font-size: medium; color: #cc99ff;\"> maduraban en verano, |<\/span>\r\n<span style=\"font-size: medium; color: #cc99ff;\"> (C) G (D7) G | Bis<\/span>\r\n<span style=\"font-size: medium; color: #cc99ff;\"> con un ciego al arpa y otro al viol\u00edn. | <\/span>\r\n\r\n<span style=\"font-size: medium; color: #cc99ff;\">Refugio de musiqueros, <\/span>\r\n<span style=\"font-size: medium; color: #cc99ff;\">sonora esquina que fue, <\/span>\r\n<span style=\"font-size: medium; color: #cc99ff;\">tan s\u00f3lo de recordarte, <\/span>\r\n<span style=\"font-size: medium; color: #cc99ff;\">mi canto despierta; la calle tambi\u00e9n. <\/span>\r\n\r\n<span style=\"font-size: medium; color: #cc99ff;\">Viejos churos de mi pago, <\/span>\r\n<span style=\"font-size: medium; color: #cc99ff;\">de estilo humilde y gentil. <\/span>\r\n<span style=\"font-size: medium; color: #cc99ff;\">Sus arpas bordaron notas, <\/span>\r\n<span style=\"font-size: medium; color: #cc99ff;\">que guardan las noches zamberas de aqu\u00ed. <\/span>\r\n\r\n<span style=\"font-size: medium; color: #cc99ff;\"> Esquina al campo, como mistoles...<\/span><\/pre>\n","protected":false},"excerpt":{"rendered":"<p>Esquina al campo Autor:\u00a0 \u00a0M\u00fasica \u00a0 \u00a0y letra de \u00a0Juan Carlos \u00abCanqui\u00bb Chazarreta\u00a0 Interpretan: Los Chalchaleros,\u00a0Hernan Figueroa Reyes,\u00a0Alfredo Abalos TunaEspa\u00f1a (Don Dudo) www.TunaEspa\u00f1a.es \u00a0 www.TunaEspana.com Ritmo: Zamba Folklore Argentino Enlace Youtube:\u00a0Pinche Aqui para escuchar la Canci\u00f3n Juan Carlos Chazarreta, \u201cCanqui\u201d, fue conocido musicalmente por su apelativo que recuerda al l\u00edder ind\u00edgena T\u00fapac Amaru (Gabriel C\u00f3ndor [&hellip;]<\/p>\n","protected":false},"author":2,"featured_media":0,"comment_status":"closed","ping_status":"closed","sticky":false,"template":"","format":"standard","meta":[],"categories":[37,263],"tags":[856,1086,847,861,855,1016,848,1015,739,728,852,846,1014,853,800,1085,857,4766,851,849,860,850,862,864,863,737,983,738,978,723,858,854,859,747,748,745,746,4694],"_links":{"self":[{"href":"https:\/\/www.tunaespana.es\/index.php?rest_route=\/wp\/v2\/posts\/15096"}],"collection":[{"href":"https:\/\/www.tunaespana.es\/index.php?rest_route=\/wp\/v2\/posts"}],"about":[{"href":"https:\/\/www.tunaespana.es\/index.php?rest_route=\/wp\/v2\/types\/post"}],"author":[{"embeddable":true,"href":"https:\/\/www.tunaespana.es\/index.php?rest_route=\/wp\/v2\/users\/2"}],"replies":[{"embeddable":true,"href":"https:\/\/www.tunaespana.es\/index.php?rest_route=%2Fwp%2Fv2%2Fcomments&post=15096"}],"version-history":[{"count":6,"href":"https:\/\/www.tunaespana.es\/index.php?rest_route=\/wp\/v2\/posts\/15096\/revisions"}],"predecessor-version":[{"id":38369,"href":"https:\/\/www.tunaespana.es\/index.php?rest_route=\/wp\/v2\/posts\/15096\/revisions\/38369"}],"wp:attachment":[{"href":"https:\/\/www.tunaespana.es\/index.php?rest_route=%2Fwp%2Fv2%2Fmedia&parent=15096"}],"wp:term":[{"taxonomy":"category","embeddable":true,"href":"https:\/\/www.tunaespana.es\/index.php?rest_route=%2Fwp%2Fv2%2Fcategories&post=15096"},{"taxonomy":"post_tag","embeddable":true,"href":"https:\/\/www.tunaespana.es\/index.php?rest_route=%2Fwp%2Fv2%2Ftags&post=15096"}],"curies":[{"name":"wp","href":"https:\/\/api.w.org\/{rel}","templated":true}]}}