{"id":15786,"date":"2012-09-08T17:09:26","date_gmt":"2012-09-08T17:09:26","guid":{"rendered":"http:\/\/www.tunaespana.es\/?p=15786"},"modified":"2012-09-08T17:09:26","modified_gmt":"2012-09-08T17:09:26","slug":"lia-acorde-guitarra-letra-tablatura-cancionero-tuna-espana","status":"publish","type":"post","link":"https:\/\/www.tunaespana.es\/?p=15786","title":{"rendered":"L\u00eda (Acorde guitarra) (Letra Tablatura) cancionero Tuna (Espa\u00f1a)"},"content":{"rendered":"<p align=\"CENTER\"><span style=\"font-size: x-large;\"><strong><span style=\"color: #ff3366;\"><span style=\"font-family: Georgia, 'Times New Roman', 'Bitstream Charter', Times, serif;\">L\u00eda<\/span><\/span><\/strong><\/span><\/p>\n<p align=\"CENTER\"><span style=\"color: #ffff00;\"><span style=\"font-family: Georgia, 'Times New Roman', 'Bitstream Charter', Times, serif;\"><span style=\"font-size: medium;\">Autor:\u00a0 \u00a0M\u00fasica \u00a0 \u00a0y letra de\u00a0 <\/span><\/span><\/span><\/p>\n<p align=\"CENTER\"><span style=\"font-size: medium;\"><span style=\"color: #0047ff;\"><span style=\"font-family: Georgia, 'Times New Roman', 'Bitstream Charter', Times, serif;\">Interpretan: <\/span><\/span><span style=\"color: #2300dc;\"><span style=\"font-family: Georgia, 'Times New Roman', 'Bitstream Charter', Times, serif;\">Ana Belen<\/span><\/span><\/span><\/p>\n<p align=\"CENTER\"><span style=\"color: #23ff23;\"><span style=\"font-family: Georgia, 'Times New Roman', 'Bitstream Charter', Times, serif;\"><span style=\"font-size: medium;\">TunaEspa\u00f1a (Don Dudo) www.TunaEspa\u00f1a.es \u00a0 www.TunaEspana.com<\/span><\/span><\/span><\/p>\n<p align=\"CENTER\"><span style=\"color: #ff00ff;\"><span style=\"font-family: Georgia, 'Times New Roman', 'Bitstream Charter', Times, serif;\"><span style=\"font-size: medium;\">Ritmo: <\/span><\/span><\/span><\/p>\n<p align=\"CENTER\"><span style=\"color: #ff950e;\"><span style=\"font-family: Georgia, 'Times New Roman', 'Bitstream Charter', Times, serif;\"><span style=\"font-size: medium;\">Folklore <\/span><\/span><\/span><\/p>\n<p align=\"CENTER\"><span style=\"color: #0000ff;\"><span style=\"font-family: Georgia, 'Times New Roman', 'Bitstream Charter', Times, serif;\"><span style=\"font-size: medium;\">Enlace Youtube:\u00a0<a href=\"http:\/\/www.youtube.com\/watch?v=qqwyjH8ODFA\">Pinche Aqui para escuchar la Canci\u00f3n<\/a><\/span><\/span><\/span><\/p>\n<p align=\"CENTER\">\n<p align=\"CENTER\">\n<pre><a>Em<\/a>-3                   <a>Am<\/a>              <a>D7+6<\/a>       <a>D7<\/a>\r\nL\u00eda con tu pelo de dred\u00f3n de terciopelo que me pueda guarecer\r\n<a>GM7<\/a>                   <a>C7<\/a>    <a>B7<\/a>\r\nsi me encuentra en cueros el amanecer.\r\n<a>Em<\/a>-3                       <a>Am<\/a>                     <a>D7+6<\/a>        <a>D7<\/a>\r\nL\u00eda con tus labios a los mios repirando en el vac\u00edo aprender\u00e9\r\n     <a>GM7<\/a>        <a>C7<\/a>      <a>B7<\/a>     <a>Em<\/a>-3\r\ncomo por la boca muere y mata el pez.\r\n\r\n<a>D<\/a>-6      <a>D<\/a>-5            <a>Am+7<\/a>  <a>Am<\/a> <a>Am+4<\/a>   <a>B7<\/a>\r\nLias telara\u00f1a que enmara\u00f1a mi raz\u00f3n que te quiero mucho\r\n         <a>Em<\/a>-3\r\ny es sin ton ni son.\r\n<a>D<\/a>-6       <a>D<\/a>-5      <a>Am+7<\/a>    <a>Am<\/a>  <a>Am+4<\/a>       <a>B7<\/a>\r\nL\u00edas cada d\u00eda con el d\u00eda posterior y entre d\u00eda y d\u00eda.\r\n\r\n<a>Em<\/a>-3          <a>Am<\/a>   <a>Em<\/a>-3             <a>Am<\/a>  <a>Em<\/a>-3   <a>C<\/a>                <a>B7<\/a> <a>C7<\/a> <a>B7<\/a>\r\nL\u00eda con tus brazos un nudo de dos lazos que me ate a tu pecho amor.\r\n<a>Em<\/a>-3          <a>Am<\/a>  <a>Em<\/a>-3             <a>Am<\/a>   <a>C7<\/a>              <a>B7<\/a>  <a>Em<\/a>-3\r\nL\u00eda con tus besos la parte de mis sesos que manda en mi coraz\u00f3n.\r\n\r\n<a>Em<\/a>-3                   <a>Am<\/a>                       <a>D7+6<\/a>         <a>D7<\/a>\r\nL\u00edas dos miradas a mi falda por debajo de mi espalda y digo yo\r\n       <a>GM7<\/a>           <a>C7<\/a>        <a>B7<\/a>\r\nque mejor que el ojo pongas la intenci\u00f3n.\r\n<a>Em<\/a>-3                    <a>Am<\/a>                       <a>D7+6<\/a>       <a>D7<\/a>\r\nL\u00edame a la pata de la cama no te quedes con las ganas de saber\r\n       <a>GM7<\/a>           <a>C7<\/a>            <a>B7<\/a>\r\ncuanto amor nos cabe de una sola vez.\r\n<a>D<\/a>-6      <a>D<\/a>-5           <a>Am+7<\/a>         <a>Am<\/a>  <a>Am+4<\/a>   <a>B7<\/a>\r\nL\u00edas cigarrillos de cari\u00f1o y sin papel para que los fume\r\n             <a>Em<\/a>-3\r\ndentro de tu piel.\r\n<a>D<\/a>-6        <a>D<\/a>-5               <a>Am+7<\/a>     <a>Am<\/a>   <a>Am+4<\/a>      <a>B7<\/a>\r\nL\u00edas la cruzeta de esta pobre marioneta y entre l\u00edo y l\u00edo, l\u00eda l\u00eda\r\n\r\nCoro.\r\n\r\nL\u00edas cada d\u00eda con el d\u00eda posterior y entre d\u00eda y d\u00eda.\r\n\r\nCoro.<\/pre>\n","protected":false},"excerpt":{"rendered":"<p>L\u00eda Autor:\u00a0 \u00a0M\u00fasica \u00a0 \u00a0y letra de\u00a0 Interpretan: Ana Belen TunaEspa\u00f1a (Don Dudo) www.TunaEspa\u00f1a.es \u00a0 www.TunaEspana.com Ritmo: Folklore Enlace Youtube:\u00a0Pinche Aqui para escuchar la Canci\u00f3n Em-3 Am D7+6 D7 L\u00eda con tu pelo de dred\u00f3n de terciopelo que me pueda guarecer GM7 C7 B7 si me encuentra en cueros el amanecer. Em-3 Am D7+6 D7 [&hellip;]<\/p>\n","protected":false},"author":2,"featured_media":0,"comment_status":"closed","ping_status":"closed","sticky":false,"template":"","format":"standard","meta":[],"categories":[30,263],"tags":[1325],"_links":{"self":[{"href":"https:\/\/www.tunaespana.es\/index.php?rest_route=\/wp\/v2\/posts\/15786"}],"collection":[{"href":"https:\/\/www.tunaespana.es\/index.php?rest_route=\/wp\/v2\/posts"}],"about":[{"href":"https:\/\/www.tunaespana.es\/index.php?rest_route=\/wp\/v2\/types\/post"}],"author":[{"embeddable":true,"href":"https:\/\/www.tunaespana.es\/index.php?rest_route=\/wp\/v2\/users\/2"}],"replies":[{"embeddable":true,"href":"https:\/\/www.tunaespana.es\/index.php?rest_route=%2Fwp%2Fv2%2Fcomments&post=15786"}],"version-history":[{"count":1,"href":"https:\/\/www.tunaespana.es\/index.php?rest_route=\/wp\/v2\/posts\/15786\/revisions"}],"predecessor-version":[{"id":15787,"href":"https:\/\/www.tunaespana.es\/index.php?rest_route=\/wp\/v2\/posts\/15786\/revisions\/15787"}],"wp:attachment":[{"href":"https:\/\/www.tunaespana.es\/index.php?rest_route=%2Fwp%2Fv2%2Fmedia&parent=15786"}],"wp:term":[{"taxonomy":"category","embeddable":true,"href":"https:\/\/www.tunaespana.es\/index.php?rest_route=%2Fwp%2Fv2%2Fcategories&post=15786"},{"taxonomy":"post_tag","embeddable":true,"href":"https:\/\/www.tunaespana.es\/index.php?rest_route=%2Fwp%2Fv2%2Ftags&post=15786"}],"curies":[{"name":"wp","href":"https:\/\/api.w.org\/{rel}","templated":true}]}}