{"id":15920,"date":"2012-09-15T16:51:02","date_gmt":"2012-09-15T16:51:02","guid":{"rendered":"http:\/\/www.tunaespana.es\/?p=15920"},"modified":"2012-09-15T16:51:02","modified_gmt":"2012-09-15T16:51:02","slug":"santafesino-de-veras-acorde-guitarra-letra-tablatura-cancionero-tuna-folclore-argentino","status":"publish","type":"post","link":"https:\/\/www.tunaespana.es\/?p=15920","title":{"rendered":"Santafesino de veras (Acorde guitarra) (Letra Tablatura) cancionero Tuna (Folclore Argentino)"},"content":{"rendered":"<p style=\"text-align: center;\"><span style=\"font-size: x-large;\"><strong><span style=\"color: #ff3366;\"><span style=\"font-family: Georgia, 'Times New Roman', 'Bitstream Charter', Times, serif;\">Santafesino de veras<\/span><\/span><\/strong><\/span><\/p>\n<p style=\"text-align: center;\"><span style=\"color: #ffff00;\"><span style=\"font-family: Georgia, 'Times New Roman', 'Bitstream Charter', Times, serif;\"><span style=\"font-size: medium;\">Autor:\u00a0 \u00a0M\u00fasica \u00a0 <span style=\"font-size: large;\">Ariel Ramirez<\/span>\u00a0y letra de Felix Luna<\/span><\/span><\/span><\/p>\n<p style=\"text-align: center;\"><span style=\"color: #0047ff;\"><span style=\"font-family: Georgia, 'Times New Roman', 'Bitstream Charter', Times, serif;\"><span style=\"font-size: medium;\">Interpretan: Los Chalchaleros<\/span><\/span><\/span><\/p>\n<p style=\"text-align: center;\"><span style=\"color: #23ff23;\"><span style=\"font-family: Georgia, 'Times New Roman', 'Bitstream Charter', Times, serif;\"><span style=\"font-size: medium;\">TunaEspa\u00f1a (Don Dudo) www.TunaEspa\u00f1a.es \u00a0 www.TunaEspana.com<\/span><\/span><\/span><\/p>\n<p style=\"text-align: center;\"><span style=\"color: #ff00ff;\"><span style=\"font-family: Georgia, 'Times New Roman', 'Bitstream Charter', Times, serif;\"><span style=\"font-size: medium;\">Ritmo: Chamane<\/span><\/span><\/span><\/p>\n<p style=\"text-align: center;\"><span style=\"color: #ff950e;\"><span style=\"font-family: Georgia, 'Times New Roman', 'Bitstream Charter', Times, serif;\"><span style=\"font-size: medium;\">Folklore Argentino<\/span><\/span><\/span><\/p>\n<p style=\"text-align: center;\" align=\"LEFT\"><span style=\"color: #0000ff;\"><span style=\"font-family: Georgia, 'Times New Roman', 'Bitstream Charter', Times, serif;\"><span style=\"font-size: medium;\"><span style=\"color: #000080;\"><span style=\"color: #0000ff;\">Enlace Youtube:\u00a0<a href=\"http:\/\/www.youtube.com\/watch?v=uL9Q1w5PRWY\">Pinche Aqui para escuchar la Canci\u00f3n<\/a><\/span><\/span><\/span><\/span><\/span><\/p>\n<p style=\"text-align: center;\" align=\"LEFT\">\n<p style=\"text-align: center;\" align=\"LEFT\">\n<pre>Intro: <a>E<\/a> <a>D<\/a> <a>A<\/a> <a>E7<\/a> <a>A<\/a> <a>E<\/a> <a>D<\/a> <a>A<\/a> <a>E7<\/a> <a>A<\/a>\r\n\r\n   <a>A<\/a>       <a>A\u00b0<\/a>  <a>E7<\/a>\r\nPaisano santafesino\r\n  <a>A7<\/a>              <a>D<\/a>\r\nNacido en los pajonales\r\n   <a>G7<\/a>              <a>C<\/a>\r\nDonde beben los sauzales\r\n   <a>E<\/a>   <a>E7<\/a>         <a>A<\/a>\r\nLa luz del Carcara\u00f1\u00e1...\r\n\r\nCrec\u00ed donde crece el peje\r\nA orillas de esta ribera,\r\nSantafesino de veras\r\nDel r\u00edo Carcara\u00f1\u00e1.\r\n\r\n       <a>A<\/a>             <a>E7<\/a>\r\n    Me llaman el cabur\u00e9\r\n        <a>E7<\/a>            <a>A<\/a>\r\n    Y a veces el guaran\u00ed,\r\n       <a>A<\/a>          <a>A\u00b0<\/a>    <a>E<\/a>\r\n    Porque soy de Santa Fe\r\n           <a>D<\/a>    <a>C#m<\/a>    <a>E7<\/a>   <a>A<\/a>\r\n    Que es el lugar donde nac\u00ed.\r\n\r\n    La polka y el chamam\u00e9\r\n    Se han compuesto para m\u00ed,\r\n    Donde suena la acordiona\r\n    All\u00ed salgo a relucir.\r\n\r\nMe mojan los aguaceros\r\nMe cortan las pajas bravas,\r\nMe queman las sudestadas\r\nDel r\u00edo Carcara\u00f1\u00e1.\r\n\r\nMi vida son estos pagos\r\nQue defienden los chajases\r\nY oscurecen los biguases\r\nY aroma el jacarand\u00e1.\r\n\r\n    Aqu\u00ed siempre quedar\u00e9,\r\n    La guitarra me dir\u00e1,\r\n    Mi recuerdo en la acordiona\r\n    Para siempre quedar\u00e1.\r\n\r\n    La muerte me ha de llevar\r\n    Cantando este chamam\u00e9.\r\n    Si muero ser\u00e1 cantando\r\n    Mi amor por mi Santa Fe.\r\n\r\n   <a>A<\/a>          <a>A\u00b0<\/a>    <a>E7<\/a>\r\nPorque soy de Santa Fe\r\n       <a>D<\/a>    <a>C#m<\/a>    <a>E7<\/a>   <a>A<\/a>\r\nQue es el lugar donde nac\u00ed.<\/pre>\n","protected":false},"excerpt":{"rendered":"<p>Santafesino de veras Autor:\u00a0 \u00a0M\u00fasica \u00a0 Ariel Ramirez\u00a0y letra de Felix Luna Interpretan: Los Chalchaleros TunaEspa\u00f1a (Don Dudo) www.TunaEspa\u00f1a.es \u00a0 www.TunaEspana.com Ritmo: Chamane Folklore Argentino Enlace Youtube:\u00a0Pinche Aqui para escuchar la Canci\u00f3n Intro: E D A E7 A E D A E7 A A A\u00b0 E7 Paisano santafesino A7 D Nacido en los pajonales G7 [&hellip;]<\/p>\n","protected":false},"author":2,"featured_media":0,"comment_status":"closed","ping_status":"closed","sticky":false,"template":"","format":"standard","meta":[],"categories":[22,263],"tags":[856,1384,847,861,855,1016,848,1388,1015,739,728,1385,852,846,1014,853,857,4766,851,849,860,850,862,864,863,737,983,738,978,723,858,854,859,747,748,745,746],"_links":{"self":[{"href":"https:\/\/www.tunaespana.es\/index.php?rest_route=\/wp\/v2\/posts\/15920"}],"collection":[{"href":"https:\/\/www.tunaespana.es\/index.php?rest_route=\/wp\/v2\/posts"}],"about":[{"href":"https:\/\/www.tunaespana.es\/index.php?rest_route=\/wp\/v2\/types\/post"}],"author":[{"embeddable":true,"href":"https:\/\/www.tunaespana.es\/index.php?rest_route=\/wp\/v2\/users\/2"}],"replies":[{"embeddable":true,"href":"https:\/\/www.tunaespana.es\/index.php?rest_route=%2Fwp%2Fv2%2Fcomments&post=15920"}],"version-history":[{"count":1,"href":"https:\/\/www.tunaespana.es\/index.php?rest_route=\/wp\/v2\/posts\/15920\/revisions"}],"predecessor-version":[{"id":15921,"href":"https:\/\/www.tunaespana.es\/index.php?rest_route=\/wp\/v2\/posts\/15920\/revisions\/15921"}],"wp:attachment":[{"href":"https:\/\/www.tunaespana.es\/index.php?rest_route=%2Fwp%2Fv2%2Fmedia&parent=15920"}],"wp:term":[{"taxonomy":"category","embeddable":true,"href":"https:\/\/www.tunaespana.es\/index.php?rest_route=%2Fwp%2Fv2%2Fcategories&post=15920"},{"taxonomy":"post_tag","embeddable":true,"href":"https:\/\/www.tunaespana.es\/index.php?rest_route=%2Fwp%2Fv2%2Ftags&post=15920"}],"curies":[{"name":"wp","href":"https:\/\/api.w.org\/{rel}","templated":true}]}}