{"id":15995,"date":"2012-09-21T10:59:07","date_gmt":"2012-09-21T10:59:07","guid":{"rendered":"http:\/\/www.tunaespana.es\/?p=15995"},"modified":"2015-05-07T17:08:42","modified_gmt":"2015-05-07T17:08:42","slug":"la-viajerita-acorde-guitarra-letra-tablatura-cancionero-tuna-folclore-argentino","status":"publish","type":"post","link":"https:\/\/www.tunaespana.es\/?p=15995","title":{"rendered":"La Viajerita,Acorde Guitarra, Letra Tabladura, Cancionero Tuna,Folclore Argentino"},"content":{"rendered":"<p style=\"text-align: center;\"><span style=\"font-size: x-large;\"><strong><span style=\"color: #ff3366;\"><span style=\"font-family: Georgia, 'Times New Roman', 'Bitstream Charter', Times, serif;\">La Viajerita<\/span><\/span><\/strong><\/span><\/p>\n<p style=\"text-align: center;\"><a href=\"http:\/\/www.tunaespana.es\/wp-content\/uploads\/2015\/04\/TunaEspa\u00f1a-Musica-de-Tuna-Bautizo-Tuna-Juntamento-III-Don-Paco-Pasacalles-Tuna.jpg\"><img decoding=\"async\" loading=\"lazy\" class=\"aligncenter size-full wp-image-29382\" src=\"http:\/\/www.tunaespana.es\/wp-content\/uploads\/2015\/04\/TunaEspa\u00f1a-Musica-de-Tuna-Bautizo-Tuna-Juntamento-III-Don-Paco-Pasacalles-Tuna.jpg\" alt=\"TunaEspa\u00f1a, Musica de Tuna, Bautizo Tuna, Juntamento III, Don Paco, Pasacalles Tuna\" width=\"283\" height=\"431\" srcset=\"https:\/\/www.tunaespana.es\/wp-content\/uploads\/2015\/04\/TunaEspa\u00f1a-Musica-de-Tuna-Bautizo-Tuna-Juntamento-III-Don-Paco-Pasacalles-Tuna.jpg 283w, https:\/\/www.tunaespana.es\/wp-content\/uploads\/2015\/04\/TunaEspa\u00f1a-Musica-de-Tuna-Bautizo-Tuna-Juntamento-III-Don-Paco-Pasacalles-Tuna-196x300.jpg 196w\" sizes=\"(max-width: 283px) 100vw, 283px\" \/><\/a><\/p>\n<p style=\"text-align: center;\"><span style=\"color: #ffff00;\"><span style=\"font-family: Georgia, 'Times New Roman', 'Bitstream Charter', Times, serif;\"><span style=\"font-size: medium;\">Autor:\u00a0 Atahualpa Yupanqui<\/span><\/span><\/span><\/p>\n<p style=\"text-align: center;\"><span style=\"color: #0047ff;\"><span style=\"font-family: Georgia, 'Times New Roman', 'Bitstream Charter', Times, serif;\"><span style=\"font-size: medium;\">Interpretan: <span style=\"color: #0000ff;\"> Atahualpa Yupanqui, Coqui Sosa<\/span><\/span><\/span><\/span><\/p>\n<p style=\"text-align: center;\"><span style=\"color: #23ff23;\"><span style=\"font-family: Georgia, 'Times New Roman', 'Bitstream Charter', Times, serif;\"><span style=\"font-size: medium;\">TunaEspa\u00f1a (Don Dudo) www.TunaEspa\u00f1a.es \u00a0 www.TunaEspana.com<\/span><\/span><\/span><\/p>\n<p style=\"text-align: center;\"><span style=\"color: #ff00ff;\"><span style=\"font-family: Georgia, 'Times New Roman', 'Bitstream Charter', Times, serif;\"><span style=\"font-size: medium;\">Ritmo: Zamba<\/span><\/span><\/span><\/p>\n<p style=\"text-align: center;\"><span style=\"color: #ff950e;\"><span style=\"font-family: Georgia, 'Times New Roman', 'Bitstream Charter', Times, serif;\"><span style=\"font-size: medium;\">Folklore Argentino<\/span><\/span><\/span><\/p>\n<p align=\"CENTER\"><span style=\"color: #0000ff;\"><span style=\"font-family: Georgia,Times New Roman,Bitstream Charter,Times,serif;\"><span style=\"font-size: small;\">[Tube]https:\/\/www.youtube.com\/watch?v=gNXuREcf-j4[\/Tube]<\/span><\/span><\/span><\/p>\n<p style=\"text-align: center;\" align=\"LEFT\"><span style=\"color: #cc99ff;\"><span style=\"color: #ffcc99;\"><strong>H\u00e9ctor Roberto Chavero<\/strong><\/span>, m\u00e1s conocido como <strong><span style=\"color: #ff9900;\">Atahualpa Yupanqui<\/span><\/strong>, naci\u00f3 el 31 de enero de 1908 en Pergamino, provincia de Buenos Aires de Madre <span style=\"color: #ff0000;\">Es<\/span><span style=\"color: #ffff00;\">pa\u00f1o<\/span><span style=\"color: #ff0000;\">la<\/span>. Y a los <span style=\"color: #ffcc99;\">catorce a\u00f1os<\/span> de edad comenz\u00f3 a escribir bajo el seud\u00f3nimo de Atahualpa Yupanqui, que en quechua significa\u00a0<span style=\"color: #00ffff;\"><strong>\u201cel que viene de viejas tierras para decir algo\u201d<\/strong><\/span>\u00a0(Ata: viene; Ku: de lejos; Alpa: tierra; Yupanqui: narrar\u00e1s, has de contar). El joven Atahualpa\u00a0<strong>comienza a tomar clases de guitarra<\/strong>\u00a0con el maestro\u00a0<span style=\"color: #ccffcc;\"><strong>Bautista Almir\u00f3n<\/strong><\/span>.\u00a0<\/span><\/p>\n<p><span style=\"color: #cc99ff;\">\u00a0El legado de Yupanqui incluye\u00a0<strong>m\u00e1s de 350 canciones<\/strong>.\u00a0<em>La alabanza, La a\u00f1era, El arriero, Basta ya, Cachilo dormido, Camino del indio, Coplas del payador perseguido, Los ejes de mi carreta, Los hermanos, Indiecito dormido, Luna tucumana, Milonga del solitario, Piedra y camino, El poeta, Las preguntitas<\/em>\u00a0y\u00a0<em>T\u00fa que puedes<\/em>, son algunas de las m\u00e1s famosas.<\/span><\/p>\n<p><span style=\"color: #cc99ff;\">Como escritor, public\u00f3\u00a0<em>Piedra sola<\/em>\u00a0(1940),\u00a0<em>Aires indios<\/em>\u00a0(1943),\u00a0<em>Cerro Bayo<\/em>\u00a0(1953),\u00a0<em>Guitarra<\/em>\u00a0(1960),\u00a0<em>El canto del viento<\/em>(1965),\u00a0<em>El payador perseguido<\/em>\u00a0(1972) y\u00a0<em>La Capataza<\/em>, (1992). Sin embargo Atahualpa dec\u00eda:\u00a0<span style=\"color: #ffcc99;\"><strong>\u00abNo me gusta que me confundan. En mi pa\u00eds hay grandes escritores y poetas. Yo, a veces, le arrimo el boch\u00edn a la poes\u00eda. Es s\u00f3lo una arrimada. No me comparen. Pegar un grito en el cerro no es acercarse al serm\u00f3n de la monta\u00f1a\u00bb<\/strong>.<\/span><\/span><\/p>\n<pre><span style=\"color: #cc99ff;\"><a style=\"color: #cc99ff;\">Am<\/a>        <a style=\"color: #cc99ff;\">E7<\/a> <a style=\"color: #cc99ff;\">Am<\/a> \r\nDesde los cerros \r\n<a style=\"color: #cc99ff;\">Am<\/a>        <a style=\"color: #cc99ff;\">E7<\/a>   <a style=\"color: #cc99ff;\">Am<\/a> \r\nbaja esta z\u00e1mbita, \r\n <a style=\"color: #cc99ff;\">F<\/a>                <a style=\"color: #cc99ff;\">C<\/a> \r\npor eso la llamo yo \r\n        <a style=\"color: #cc99ff;\">E7<\/a>          <a style=\"color: #cc99ff;\">Am<\/a> \r\nla viajerita, palomitay. \r\n\r\n<a style=\"color: #cc99ff;\">Am<\/a>         <a style=\"color: #cc99ff;\">E7<\/a> <a style=\"color: #cc99ff;\">Am<\/a> \r\nSendas de arena, \r\n<a style=\"color: #cc99ff;\">Am<\/a>       <a style=\"color: #cc99ff;\">E7<\/a> <a style=\"color: #cc99ff;\">Am<\/a> \r\narcos floridos, \r\n <a style=\"color: #cc99ff;\">F<\/a>                  <a style=\"color: #cc99ff;\">C<\/a> \r\ny un coraz\u00f3n que pena \r\n         <a style=\"color: #cc99ff;\">E7<\/a>          <a style=\"color: #cc99ff;\">Am<\/a> \r\npor un olvido, palomitay. \r\n\r\n <a style=\"color: #cc99ff;\">G7<\/a>          <a style=\"color: #cc99ff;\">C<\/a> \r\n\u00a1Ay, viajerita! \r\n<a style=\"color: #cc99ff;\">G7<\/a>          <a style=\"color: #cc99ff;\">C<\/a> \r\nel alba asoma, \r\n  <a style=\"color: #cc99ff;\">F<\/a>                 <a style=\"color: #cc99ff;\">C<\/a> \r\ntrayendo de los cerros, \r\n           <a style=\"color: #cc99ff;\">E7<\/a>          <a style=\"color: #cc99ff;\">Am<\/a> \r\nfrescor y aroma, palomitay. \r\n\r\n<a style=\"color: #cc99ff;\">Am<\/a>          <a style=\"color: #cc99ff;\">E7<\/a> <a style=\"color: #cc99ff;\">Am<\/a> \r\nYo soy de arriba, \r\n<a style=\"color: #cc99ff;\">Am<\/a>        <a style=\"color: #cc99ff;\">E7<\/a> <a style=\"color: #cc99ff;\">Am<\/a> \r\nsoy de Gochula, \r\n <a style=\"color: #cc99ff;\">F<\/a>                   <a style=\"color: #cc99ff;\">C<\/a> \r\nranchitos, montes, r\u00edos, \r\n        <a style=\"color: #cc99ff;\">E7<\/a>           <a style=\"color: #cc99ff;\">Am<\/a> \r\nsoles y lunas, palomitay. \r\n\r\n<a style=\"color: #cc99ff;\">Am<\/a>          <a style=\"color: #cc99ff;\">E7<\/a> <a style=\"color: #cc99ff;\">Am<\/a> \r\nHasta el Pachivi, \r\n<a style=\"color: #cc99ff;\">Am<\/a>        <a style=\"color: #cc99ff;\">E7<\/a>  <a style=\"color: #cc99ff;\">Am<\/a> \r\nvoy los domingos, \r\n<a style=\"color: #cc99ff;\">F<\/a>                     <a style=\"color: #cc99ff;\">C<\/a> \r\ny por la noche al cerro, \r\n         <a style=\"color: #cc99ff;\">E7<\/a>          <a style=\"color: #cc99ff;\">Am<\/a> \r\nvuelvo solito, palomitay. \r\n\r\n\u00a1Ay, viajerita!...<\/span><\/pre>\n<p style=\"text-align: center;\" align=\"LEFT\"><span style=\"color: #cc99ff;\"><span style=\"font-family: Georgia,'Times New Roman','Bitstream Charter',Times,serif;\"><span style=\"font-size: medium;\"><br \/>\n<\/span><\/span><\/span><\/p>\n","protected":false},"excerpt":{"rendered":"<p>La Viajerita Autor:\u00a0 Atahualpa Yupanqui Interpretan: Atahualpa Yupanqui, Coqui Sosa TunaEspa\u00f1a (Don Dudo) www.TunaEspa\u00f1a.es \u00a0 www.TunaEspana.com Ritmo: Zamba Folklore Argentino [Tube]https:\/\/www.youtube.com\/watch?v=gNXuREcf-j4[\/Tube] H\u00e9ctor Roberto Chavero, m\u00e1s conocido como Atahualpa Yupanqui, naci\u00f3 el 31 de enero de 1908 en Pergamino, provincia de Buenos Aires de Madre Espa\u00f1ola. Y a los catorce a\u00f1os de edad comenz\u00f3 a escribir [&hellip;]<\/p>\n","protected":false},"author":2,"featured_media":0,"comment_status":"closed","ping_status":"closed","sticky":false,"template":"","format":"standard","meta":[],"categories":[30,263],"tags":[856,4735,847,861,855,1016,848,1015,4391,739,728,852,846,1014,853,857,851,849,860,850,862,864,863,737,983,738,978,723,858,854,859,747,748,745,746,4694],"_links":{"self":[{"href":"https:\/\/www.tunaespana.es\/index.php?rest_route=\/wp\/v2\/posts\/15995"}],"collection":[{"href":"https:\/\/www.tunaespana.es\/index.php?rest_route=\/wp\/v2\/posts"}],"about":[{"href":"https:\/\/www.tunaespana.es\/index.php?rest_route=\/wp\/v2\/types\/post"}],"author":[{"embeddable":true,"href":"https:\/\/www.tunaespana.es\/index.php?rest_route=\/wp\/v2\/users\/2"}],"replies":[{"embeddable":true,"href":"https:\/\/www.tunaespana.es\/index.php?rest_route=%2Fwp%2Fv2%2Fcomments&post=15995"}],"version-history":[{"count":5,"href":"https:\/\/www.tunaespana.es\/index.php?rest_route=\/wp\/v2\/posts\/15995\/revisions"}],"predecessor-version":[{"id":29510,"href":"https:\/\/www.tunaespana.es\/index.php?rest_route=\/wp\/v2\/posts\/15995\/revisions\/29510"}],"wp:attachment":[{"href":"https:\/\/www.tunaespana.es\/index.php?rest_route=%2Fwp%2Fv2%2Fmedia&parent=15995"}],"wp:term":[{"taxonomy":"category","embeddable":true,"href":"https:\/\/www.tunaespana.es\/index.php?rest_route=%2Fwp%2Fv2%2Fcategories&post=15995"},{"taxonomy":"post_tag","embeddable":true,"href":"https:\/\/www.tunaespana.es\/index.php?rest_route=%2Fwp%2Fv2%2Ftags&post=15995"}],"curies":[{"name":"wp","href":"https:\/\/api.w.org\/{rel}","templated":true}]}}