{"id":16053,"date":"2012-09-22T07:16:08","date_gmt":"2012-09-22T07:16:08","guid":{"rendered":"http:\/\/www.tunaespana.es\/?p=16053"},"modified":"2014-06-15T16:04:33","modified_gmt":"2014-06-15T16:04:33","slug":"inolvidablemente-acorde-guitarra-letra-tablatura-cancionero-tuna-bolero","status":"publish","type":"post","link":"https:\/\/www.tunaespana.es\/?p=16053","title":{"rendered":"Inolvidablemente,Acorde Guitarra, Letra Tabladura, Cancionero Tuna,  bolero xx"},"content":{"rendered":"<p align=\"CENTER\">.<\/p>\n<p align=\"CENTER\"><span style=\"font-size: x-large;\"><strong><span style=\"color: #ff3366;\"><span style=\"font-family: Georgia, 'Times New Roman', 'Bitstream Charter', Times, serif;\">Inolvidablemente<\/span><\/span><\/strong><\/span><\/p>\n<p style=\"line-height: 0.5cm; widows: 2; orphans: 2;\" align=\"CENTER\"><span style=\"color: #00ff00;\">\u00a0<\/span><\/p>\n<p style=\"margin-bottom: 0cm; font-style: normal; font-weight: normal; line-height: 0.5cm; widows: 2; orphans: 2;\" align=\"CENTER\"><span style=\"color: #0000ff;\"><span style=\"font-family: Georgia,Times New Roman,Bitstream Charter,Times,serif;\"><span style=\"font-size: small;\">[Tube]http:\/\/www.youtube.com\/watch?v=NyWXNBHiONY[\/Tube]<\/span><\/span><\/span><\/p>\n<p align=\"CENTER\"><span style=\"color: #ffff00;\"><span style=\"font-family: Georgia, 'Times New Roman', 'Bitstream Charter', Times, serif;\"><span style=\"font-size: medium;\">Autor: \u00a0\u00a0<\/span><\/span><\/span><span style=\"color: #ffff00;\"><span style=\"font-family: 'Times New Roman', serif;\"><em>Julio <\/em><\/span>Gutierrez,<\/span><em>\u00a0<span style=\"color: #ffff00;\">1944<\/span><\/em><\/p>\n<p align=\"CENTER\"><span style=\"color: #0047ff;\"><span style=\"font-family: Georgia, 'Times New Roman', 'Bitstream Charter', Times, serif;\"><span style=\"font-size: medium;\">Interpretan: Tito Rodriguez, Cheo Feliciano,Luis Miguel,<span style=\"color: #0000ff;\">\u00a0<\/span><\/span><\/span><\/span><span style=\"color: #0000ff;\"><em style=\"font-family: 'Times New Roman', serif;\"><strong>Betty Misiego , Antonio Machin,\u00a0<\/strong><\/em><\/span><\/p>\n<p align=\"CENTER\"><span style=\"color: #0047ff;\"><span style=\"font-family: Georgia, 'Times New Roman', 'Bitstream Charter', Times, serif;\"><span style=\"font-size: large;\">Bebo Valdes &amp; Diego el Cigala<\/span><\/span><\/span><\/p>\n<p align=\"CENTER\"><span style=\"color: #23ff23;\"><span style=\"font-family: Georgia, 'Times New Roman', 'Bitstream Charter', Times, serif;\"><span style=\"font-size: medium;\"><span style=\"color: #00ff00;\">Don Dudo (TunaEspa\u00f1a)<\/span><\/span><\/span><\/span><\/p>\n<p align=\"CENTER\"><span style=\"color: #ff00ff;\"><span style=\"font-family: Georgia, 'Times New Roman', 'Bitstream Charter', Times, serif;\"><span style=\"font-size: medium;\">Ritmo: Bolero<\/span><\/span><\/span><\/p>\n<p align=\"CENTER\"><span style=\"color: #0000ff;\"><span style=\"font-family: Georgia, 'Times New Roman', 'Bitstream Charter', Times, serif;\"><span style=\"font-size: medium;\">Enlace Youtube:\u00a0<a href=\"http:\/\/www.youtube.com\/watch?v=_99vKGzn4Sw\">Pinche Aqui para escuchar la Canci\u00f3n<\/a><\/span><\/span><\/span><\/p>\n<p align=\"CENTER\"><a href=\"http:\/\/www.tunaespana.es\/wp-content\/uploads\/2012\/09\/Tuna-Espa\u00f1a-Julio-Gutierrez.jpg\"><img decoding=\"async\" loading=\"lazy\" class=\"aligncenter size-medium wp-image-16056\" title=\"Tuna Espa\u00f1a Julio Gutierrez\" src=\"http:\/\/www.tunaespana.es\/wp-content\/uploads\/2012\/09\/Tuna-Espa\u00f1a-Julio-Gutierrez-241x300.jpg\" alt=\"\" width=\"241\" height=\"300\" srcset=\"https:\/\/www.tunaespana.es\/wp-content\/uploads\/2012\/09\/Tuna-Espa\u00f1a-Julio-Gutierrez-241x300.jpg 241w, https:\/\/www.tunaespana.es\/wp-content\/uploads\/2012\/09\/Tuna-Espa\u00f1a-Julio-Gutierrez.jpg 403w\" sizes=\"(max-width: 241px) 100vw, 241px\" \/><\/a><\/p>\n<p align=\"CENTER\"><span style=\"color: #cc99ff;\"><strong><span style=\"color: #ff00ff;\">Julio Guti\u00e9rrez<\/span> <\/strong>Compositor, pianista y director. nacio el 18 de enero de 1918 en Manzanillo, y murio en Nueva York, 15 de noviembre de 1990.<\/span><\/p>\n<p align=\"CENTER\"><span style=\"color: #cc99ff;\">Compuso algunas obras en esa etapa manzanillera. Se radic\u00f3 en La Habana en 1940 y comenz\u00f3 a trabajar como pianista en una de las mejores agrupaciones que entonces ten\u00eda la capital, la Orquesta Casino de la Playa. En 1948 form\u00f3 una jazz band, con la que trabaj\u00f3 en radio, televisi\u00f3n y cabarets.<\/span><\/p>\n<p align=\"CENTER\"><span style=\"color: #cc99ff;\">Es impresionante la lista de int\u00e9rpretes con los que trabaj\u00f3, al igual que con los que grab\u00f3 discos. Fund\u00f3 el sello de discos J &amp; G. Entre sus obras: <span style=\"color: #ffcc99;\">\u00abLlanto de luna\u00bb, \u00abInolvidable\u00bb, \u00abQu\u00e9 es lo que pasa\u00bb, \u00abSe acab\u00f3\u00bb, \u00abDesconfianza\u00bb, \u00abUn poquito de tu amor\u00bb, \u00abArriba\u00bb, \u00abM\u00edrame M\u00e1s\u00bb, \u00abUn mambo para t\u00ed\u00bb, \u00abAl ritmo del cha ch\u00e1\u00bb<\/span>.<\/span><\/p>\n<p align=\"CENTER\"><a href=\"http:\/\/www.tunaespana.es\/wp-content\/uploads\/2012\/09\/Pedro-Cano-Don-Dudo-TunaEspa\u00f1a-Tuna-Universitaria-Pintor-Pedro-Cano-Don-Participio-Disminu-2.jpg\"><img decoding=\"async\" loading=\"lazy\" class=\"aligncenter size-full wp-image-19588\" src=\"http:\/\/www.tunaespana.es\/wp-content\/uploads\/2012\/09\/Pedro-Cano-Don-Dudo-TunaEspa\u00f1a-Tuna-Universitaria-Pintor-Pedro-Cano-Don-Participio-Disminu-2.jpg\" alt=\"Pedro Cano, Don Dudo, TunaEspa\u00f1a, Tuna Universitaria, Pintor Pedro Cano, Don Participio, Disminu 2\" width=\"560\" height=\"216\" srcset=\"https:\/\/www.tunaespana.es\/wp-content\/uploads\/2012\/09\/Pedro-Cano-Don-Dudo-TunaEspa\u00f1a-Tuna-Universitaria-Pintor-Pedro-Cano-Don-Participio-Disminu-2.jpg 560w, https:\/\/www.tunaespana.es\/wp-content\/uploads\/2012\/09\/Pedro-Cano-Don-Dudo-TunaEspa\u00f1a-Tuna-Universitaria-Pintor-Pedro-Cano-Don-Participio-Disminu-2-300x115.jpg 300w\" sizes=\"(max-width: 560px) 100vw, 560px\" \/><\/a><\/p>\n<pre><span style=\"color: #cc99ff; font-size: 16px;\">     <a><span style=\"color: #cc99ff;\">LAm<\/span><\/a>\r\nEn la vida hay amores\r\n     <a><span style=\"color: #cc99ff;\">MI7<\/span><\/a>             <a><span style=\"color: #cc99ff;\">LAm<\/span><\/a>\r\nQue nunca pueden olvidarse\r\n    <a><span style=\"color: #cc99ff;\">LA7<\/span><\/a>\r\nImborrables momentos\r\n                        <a><span style=\"color: #cc99ff;\">REm<\/span><\/a>\r\nQue siempre guarda el coraz\u00f3n\r\n\r\n      <a><span style=\"color: #cc99ff;\">MI7<\/span><\/a>\r\nPero aquello que un d\u00eda\r\n                     <a><span style=\"color: #cc99ff;\">LAm<\/span><\/a>\r\nNos hizo temblar de alegr\u00eda\r\n     <a><span style=\"color: #cc99ff;\">DO<\/span><\/a>                      <a><span style=\"color: #cc99ff;\">FA<\/span><\/a>\r\nEs mentira que hoy pueda olvidarse\r\n            <a><span style=\"color: #cc99ff;\">MI<\/span><\/a>\r\nCon un nuevo amor\r\n\r\n   <a><span style=\"color: #cc99ff;\">LAm<\/span><\/a>\r\nHe besado otras bocas\r\n    <a><span style=\"color: #cc99ff;\">MI7<\/span><\/a>               <a><span style=\"color: #cc99ff;\">LAm<\/span><\/a>\r\nBuscando nuevas ansiedades\r\n        <a><span style=\"color: #cc99ff;\">LA7<\/span><\/a>\r\nY otros brazos extra\u00f1os me estrechan\r\n          <a><span style=\"color: #cc99ff;\">REm<\/span><\/a>\r\nLlenos de emoci\u00f3n\r\n\r\n     <a><span style=\"color: #cc99ff;\">MI7<\/span><\/a>\r\nPero solo consiguen hacerme\r\n               <a><span style=\"color: #cc99ff;\">LAm<\/span><\/a>\r\nRecordar los tuyos\r\n        <a><span style=\"color: #cc99ff;\">DO<\/span><\/a>      <a><span style=\"color: #cc99ff;\">FA<\/span><\/a>             <a><span style=\"color: #cc99ff;\">MI<\/span><\/a>\r\nQue inolvidablemente, vivir\u00e1n en mi\r\n\r\n<a href=\"http:\/\/www.tunaespana.es\/wp-content\/uploads\/2014\/06\/TunaEspa\u00f1a-Tuna-Espa\u00f1a-Cancionero-tuna-musica-tuna-imposicion-de-beca-don-dudo-Don-Maristas-1.jpg\"><img decoding=\"async\" loading=\"lazy\" class=\"aligncenter size-full wp-image-26483\" src=\"http:\/\/www.tunaespana.es\/wp-content\/uploads\/2014\/06\/TunaEspa\u00f1a-Tuna-Espa\u00f1a-Cancionero-tuna-musica-tuna-imposicion-de-beca-don-dudo-Don-Maristas-1.jpg\" alt=\"TunaEspa\u00f1a, Tuna Espa\u00f1a, Cancionero tuna, musica tuna, imposicion de beca, don dudo, Don Maristas 1\" width=\"692\" height=\"346\" srcset=\"https:\/\/www.tunaespana.es\/wp-content\/uploads\/2014\/06\/TunaEspa\u00f1a-Tuna-Espa\u00f1a-Cancionero-tuna-musica-tuna-imposicion-de-beca-don-dudo-Don-Maristas-1.jpg 692w, https:\/\/www.tunaespana.es\/wp-content\/uploads\/2014\/06\/TunaEspa\u00f1a-Tuna-Espa\u00f1a-Cancionero-tuna-musica-tuna-imposicion-de-beca-don-dudo-Don-Maristas-1-300x150.jpg 300w\" sizes=\"(max-width: 692px) 100vw, 692px\" \/><\/a><\/span><\/pre>\n","protected":false},"excerpt":{"rendered":"<p>. Inolvidablemente \u00a0 [Tube]http:\/\/www.youtube.com\/watch?v=NyWXNBHiONY[\/Tube] Autor: \u00a0\u00a0Julio Gutierrez,\u00a01944 Interpretan: Tito Rodriguez, Cheo Feliciano,Luis Miguel,\u00a0Betty Misiego , Antonio Machin,\u00a0 Bebo Valdes &amp; Diego el Cigala Don Dudo (TunaEspa\u00f1a) Ritmo: Bolero Enlace Youtube:\u00a0Pinche Aqui para escuchar la Canci\u00f3n Julio Guti\u00e9rrez Compositor, pianista y director. nacio el 18 de enero de 1918 en Manzanillo, y murio en Nueva York, [&hellip;]<\/p>\n","protected":false},"author":2,"featured_media":0,"comment_status":"closed","ping_status":"closed","sticky":false,"template":"","format":"standard","meta":[],"categories":[33,263],"tags":[4708,4598,4831,1420,1419,4680,4771,1417,1418,4624,4631],"_links":{"self":[{"href":"https:\/\/www.tunaespana.es\/index.php?rest_route=\/wp\/v2\/posts\/16053"}],"collection":[{"href":"https:\/\/www.tunaespana.es\/index.php?rest_route=\/wp\/v2\/posts"}],"about":[{"href":"https:\/\/www.tunaespana.es\/index.php?rest_route=\/wp\/v2\/types\/post"}],"author":[{"embeddable":true,"href":"https:\/\/www.tunaespana.es\/index.php?rest_route=\/wp\/v2\/users\/2"}],"replies":[{"embeddable":true,"href":"https:\/\/www.tunaespana.es\/index.php?rest_route=%2Fwp%2Fv2%2Fcomments&post=16053"}],"version-history":[{"count":10,"href":"https:\/\/www.tunaespana.es\/index.php?rest_route=\/wp\/v2\/posts\/16053\/revisions"}],"predecessor-version":[{"id":26523,"href":"https:\/\/www.tunaespana.es\/index.php?rest_route=\/wp\/v2\/posts\/16053\/revisions\/26523"}],"wp:attachment":[{"href":"https:\/\/www.tunaespana.es\/index.php?rest_route=%2Fwp%2Fv2%2Fmedia&parent=16053"}],"wp:term":[{"taxonomy":"category","embeddable":true,"href":"https:\/\/www.tunaespana.es\/index.php?rest_route=%2Fwp%2Fv2%2Fcategories&post=16053"},{"taxonomy":"post_tag","embeddable":true,"href":"https:\/\/www.tunaespana.es\/index.php?rest_route=%2Fwp%2Fv2%2Ftags&post=16053"}],"curies":[{"name":"wp","href":"https:\/\/api.w.org\/{rel}","templated":true}]}}