{"id":1629,"date":"2011-06-13T10:24:42","date_gmt":"2011-06-13T10:24:42","guid":{"rendered":"http:\/\/www.tunaespana.com\/wp\/?p=1629"},"modified":"2014-01-24T17:55:59","modified_gmt":"2014-01-24T17:55:59","slug":"ave-maria-no-morro","status":"publish","type":"post","link":"https:\/\/www.tunaespana.es\/?p=1629","title":{"rendered":"Ave Maria no Morro ,Acorde Guitarra, Letra Tabladura, Cancionero Tuna, Bolero, xxx"},"content":{"rendered":"<h1 style=\"text-align: center;\"><span style=\"color: #ff0000;\">Ave Mar\u00eda no Morro<\/span><\/h1>\n<p style=\"text-align: center;\">\u00a0<a href=\"http:\/\/www.tunaespana.es\/wp-content\/uploads\/2011\/06\/Tuna-Espa\u00f1a-Tunas-De-Espa\u00f1a-Cancionero-Tuna-Canciones-de-Tuna-Estudiantinas-Universitarias-09-Virgen-de-La-Fuensanta-Romeria-Murcia-tunos.com_.jpg\"><img decoding=\"async\" loading=\"lazy\" class=\"aligncenter size-full wp-image-23400\" alt=\"Tuna Espa\u00f1a, Tunas De Espa\u00f1a, Cancionero Tuna, Canciones de Tuna, Estudiantinas Universitarias, 09, Virgen de La Fuensanta, Romeria Murcia, tunos.com\" src=\"http:\/\/www.tunaespana.es\/wp-content\/uploads\/2011\/06\/Tuna-Espa\u00f1a-Tunas-De-Espa\u00f1a-Cancionero-Tuna-Canciones-de-Tuna-Estudiantinas-Universitarias-09-Virgen-de-La-Fuensanta-Romeria-Murcia-tunos.com_.jpg\" width=\"486\" height=\"559\" srcset=\"https:\/\/www.tunaespana.es\/wp-content\/uploads\/2011\/06\/Tuna-Espa\u00f1a-Tunas-De-Espa\u00f1a-Cancionero-Tuna-Canciones-de-Tuna-Estudiantinas-Universitarias-09-Virgen-de-La-Fuensanta-Romeria-Murcia-tunos.com_.jpg 486w, https:\/\/www.tunaespana.es\/wp-content\/uploads\/2011\/06\/Tuna-Espa\u00f1a-Tunas-De-Espa\u00f1a-Cancionero-Tuna-Canciones-de-Tuna-Estudiantinas-Universitarias-09-Virgen-de-La-Fuensanta-Romeria-Murcia-tunos.com_-260x300.jpg 260w\" sizes=\"(max-width: 486px) 100vw, 486px\" \/><\/a><\/p>\n<p style=\"text-align: center;\"><span style=\"font-size: medium; color: #ffff00;\">Autor: \u00a0<strong><tt>A.Locatelli \/ Herivelto. Martins<\/tt><\/strong><\/span><\/p>\n<p style=\"text-align: center;\"><span style=\"font-size: medium; color: #0000ff;\">Interpretan:\u00a0Los Tres Paraguayos, Mario Lanza, Placido Domingo, Trio Guadalajara,Sara Montiel, Trio San Jose, Gloria Lasso, Dalva de Oliveira, TunaEspa\u00f1a, Trio Irakitan<br \/>\n<\/span><\/p>\n<p style=\"text-align: center;\">[Tube]http:\/\/www.youtube.com\/watch?v=2t75dEfQURw[\/Tube]<\/p>\n<h1 id=\"watch-headline-title\" style=\"text-align: center;\"><span style=\"font-size: 12px; color: #ccffcc;\">Los Tres Soles del Paraguay, cantan en Portugues<\/span><\/h1>\n<p style=\"text-align: center;\"><span style=\"font-size: medium; color: #00ff00;\">Tuna Espa\u00f1a (Don Dudo) \u00a0 \u00a0 www.TunaEspana.com \u00a0 \u00a0www.TunaEspa\u00f1a.es<\/span><\/p>\n<p style=\"text-align: center;\"><span style=\"font-size: medium; color: #ffcc00;\">Ritmo: Bolero<\/span><\/p>\n<p style=\"text-align: center;\"><span style=\"font-size: medium; color: #ff00ff;\">Brasil<\/span><\/p>\n<p align=\"CENTER\">[Tube]http:\/\/www.youtube.com\/watch?v=2lsBuOstRIs#t=40[\/Tube]<\/p>\n<p align=\"CENTER\">Trio Irakitan, cantan en Portugues<\/p>\n<p align=\"CENTER\"><span style=\"color: #0000ff;\"><span style=\"font-family: Georgia,Times New Roman,Bitstream Charter,Times,serif;\"><span style=\"font-size: medium;\">\u00a0<\/span><\/span><\/span><\/p>\n<p style=\"text-align: center;\"><span style=\"font-size: medium; color: #0000ff;\">\u00a0<\/span><\/p>\n<p style=\"text-align: center;\"><span style=\"font-size: medium; color: #0000ff;\">Enlace Youtube: <a href=\"http:\/\/www.youtube.com\/watch?v=IL_W4VZHVIg\">pinche aqui para escuchar la canci\u00f3n <\/a> (Cantada en Italiano)<\/span><\/p>\n<p align=\"CENTER\"><span style=\"color: #0000ff;\"><span style=\"font-family: Georgia,Times New Roman,Bitstream Charter,Times,serif;\"><span style=\"font-size: medium;\">[Tube]http:\/\/www.youtube.com\/watch?v=hJIMadTuyus[\/Tube]<\/span><\/span><\/span><\/p>\n<p align=\"CENTER\">Improvisacion de los Paraguayos<\/p>\n<p style=\"text-align: center;\"><span style=\"font-size: medium; color: #ff00ff;\"><br \/>\n<\/span><\/p>\n<p>&nbsp;<\/p>\n<p><span style=\"color: #cc99ff; font-size: medium;\"><tt>A7M\u00a0\u00a0\u00a0\u00a0\u00a0 A7\u00a0\u00a0\u00a0\u00a0\u00a0\u00a0\u00a0\u00a0 D7M\u00a0\u00a0\u00a0\u00a0\u00a0\u00a0\u00a0\u00a0 Dm<\/tt> <\/span><br \/>\n<span style=\"color: #cc99ff; font-size: medium;\"> <tt>Hay en <span style=\"text-decoration: underline;\">r\u00edo<\/span>, un\u00a0<span style=\"text-decoration: underline;\">mon<\/span>te de cho<span style=\"text-decoration: underline;\">ci<\/span>tas chiqui<span style=\"text-decoration: underline;\">ti<\/span>tas,<\/tt> <\/span><br \/>\n<span style=\"color: #cc99ff; font-size: medium;\"> <tt> A7M\u00a0 Ed\u00a0\u00a0\u00a0\u00a0\u00a0\u00a0\u00a0 Bm E7\u00a0\u00a0\u00a0\u00a0\u00a0\u00a0\u00a0\u00a0\u00a0\u00a0 A7M<\/tt> <\/span><br \/>\n<span style=\"color: #cc99ff; font-size: medium;\"> <tt>es el\u00a0<span style=\"text-decoration: underline;\">Mo<\/span>rro, de los n<span style=\"text-decoration: underline;\">e<\/span>__<span style=\"text-decoration: underline;\">e<\/span>gros la man<span style=\"text-decoration: underline;\">si\u00f3n<\/span>.<\/tt> <\/span><br \/>\n<span style=\"color: #cc99ff; font-size: medium;\"> <tt> A7\u00a0\u00a0\u00a0\u00a0\u00a0\u00a0\u00a0\u00a0\u00a0\u00a0\u00a0 D7M<\/tt> <\/span><br \/>\n<span style=\"color: #cc99ff; font-size: medium;\"> <tt>Es tan humilde, tan desgra<span style=\"text-decoration: underline;\">cia<\/span>da y tan sen<span style=\"text-decoration: underline;\">ci<\/span>lla,<\/tt> <\/span><br \/>\n<span style=\"color: #cc99ff; font-size: medium;\"> <tt> Dm\u00a0\u00a0\u00a0\u00a0\u00a0\u00a0\u00a0\u00a0 A7M\u00a0 Ed\u00a0\u00a0\u00a0\u00a0 Bm\u00a0 E7\u00a0\u00a0\u00a0\u00a0\u00a0\u00a0 A7M<\/tt> <\/span><br \/>\n<span style=\"color: #cc99ff; font-size: medium;\"> <tt>ni si<span style=\"text-decoration: underline;\">quie<\/span>ra una ca<span style=\"text-decoration: underline;\">pi<\/span>lla\u00a0 da co<span style=\"text-decoration: underline;\">bi<\/span>jo\u00a0 para rezar.<\/tt><\/span><\/p>\n<p><span style=\"color: #cc99ff; font-size: medium;\"><tt> A7\u00a0\u00a0\u00a0\u00a0\u00a0\u00a0\u00a0\u00a0\u00a0\u00a0\u00a0 D7M<\/tt> <\/span><br \/>\n<span style=\"color: #cc99ff; font-size: medium;\"> <tt>Pero se vive cerca del\u00a0<span style=\"text-decoration: underline;\">cie<\/span>lo y con pie<span style=\"text-decoration: underline;\">dad<\/span>,<\/tt> <\/span><br \/>\n<span style=\"color: #cc99ff; font-size: medium;\"> <tt> Dm\u00a0\u00a0\u00a0\u00a0\u00a0\u00a0\u00a0\u00a0\u00a0\u00a0 A7M\u00a0 Ed\u00a0\u00a0\u00a0\u00a0\u00a0\u00a0\u00a0\u00a0\u00a0\u00a0 Bm\u00a0\u00a0 E7\u00a0\u00a0\u00a0\u00a0\u00a0\u00a0\u00a0\u00a0 A7M\u00a0 A7<\/tt> <\/span><br \/>\n<span style=\"color: #cc99ff; font-size: medium;\"> <tt>la\u00a0<span style=\"text-decoration: underline;\">no<\/span>che con su\u00a0<span style=\"text-decoration: underline;\">man<\/span>to\u00a0 cubre las\u00a0<span style=\"text-decoration: underline;\">cho<\/span>zas, lleva la\u00a0<span style=\"text-decoration: underline;\">paz<\/span>.<\/tt> <\/span><br \/>\n<span style=\"color: #cc99ff; font-size: medium;\"> <tt> Dm\u00a0\u00a0\u00a0\u00a0\u00a0\u00a0\u00a0\u00a0\u00a0\u00a0\u00a0\u00a0\u00a0\u00a0 A7M F#7\u00a0\u00a0\u00a0\u00a0\u00a0\u00a0 Bm\u00a0\u00a0\u00a0\u00a0 E7\u00a0\u00a0\u00a0 A7M\u00a0 A7<\/tt> <\/span><br \/>\n<span style=\"color: #cc99ff; font-size: medium;\"> <tt>Y all\u00e1 se es<span style=\"text-decoration: underline;\">cu<\/span>cha al fin del\u00a0<span style=\"text-decoration: underline;\">d\u00eda<\/span>,\u00a0\u00a0 una ple<span style=\"text-decoration: underline;\">ga<\/span>ria,\u00a0<span style=\"text-decoration: underline;\">A<\/span>ve Ma<span style=\"text-decoration: underline;\">r\u00ed<\/span>a,<\/tt> <\/span><br \/>\n<span style=\"color: #cc99ff; font-size: medium;\"> <tt> Dm\u00a0\u00a0\u00a0\u00a0\u00a0\u00a0\u00a0\u00a0\u00a0\u00a0\u00a0\u00a0\u00a0\u00a0 A7M F#7\u00a0\u00a0\u00a0\u00a0\u00a0\u00a0 Bm\u00a0\u00a0\u00a0 E7<\/tt> <\/span><br \/>\n<span style=\"color: #cc99ff; font-size: medium;\"> <tt>Y all\u00e1 se es<span style=\"text-decoration: underline;\">cu<\/span>cha al fin del\u00a0<span style=\"text-decoration: underline;\">d\u00eda<\/span>,\u00a0\u00a0 una ple<span style=\"text-decoration: underline;\">ga<\/span>ria,<\/tt><\/span><\/p>\n<p><span style=\"color: #cc99ff; font-size: medium;\"><tt>A7M Bbd\u00a0\u00a0\u00a0\u00a0 Bm7 E7 D Ebd\u00a0\u00a0\u00a0 C#7<\/tt> <\/span><br \/>\n<span style=\"color: #cc99ff; font-size: medium;\"> <tt><span style=\"text-decoration: underline;\">Aaa<\/span>a<span style=\"text-decoration: underline;\">aa<\/span>ve Mar<span style=\"text-decoration: underline;\">\u00edi<\/span>ia,\u00a0<span style=\"text-decoration: underline;\">Aa<\/span>aa<span style=\"text-decoration: underline;\">a<\/span>ve Ma<span style=\"text-decoration: underline;\">r\u00eda<\/span>,<\/tt> <\/span><br \/>\n<span style=\"color: #cc99ff; font-size: medium;\"> <tt> D\u00a0\u00a0\u00a0\u00a0\u00a0\u00a0\u00a0\u00a0\u00a0\u00a0\u00a0\u00a0\u00a0\u00a0\u00a0 Ebd\u00a0\u00a0\u00a0\u00a0 A\u00a0\u00a0\u00a0\u00a0\u00a0\u00a0\u00a0\u00a0\u00a0\u00a0\u00a0\u00a0\u00a0\u00a0 F#7<\/tt> <\/span><br \/>\n<span style=\"color: #cc99ff; font-size: medium;\"> <tt><span style=\"text-decoration: underline;\">Aun<\/span>que no tenga ca<span style=\"text-decoration: underline;\">pi<\/span>lla,\u00a0<span style=\"text-decoration: underline;\">re<\/span>za la gente sen<span style=\"text-decoration: underline;\">ci<\/span>lla.<\/tt> <\/span><br \/>\n<span style=\"color: #cc99ff; font-size: medium;\"> <tt>Bm7 E7\u00a0\u00a0\u00a0 A A7<\/tt> <\/span><br \/>\n<span style=\"color: #cc99ff; font-size: medium;\"> <tt><span style=\"text-decoration: underline;\">A<\/span>aaa<span style=\"text-decoration: underline;\">ve<\/span> Ma<span style=\"text-decoration: underline;\">r\u00ed<\/span>a.<\/tt><\/span><\/p>\n<p><span style=\"color: #cc99ff; font-size: medium;\"><tt> D\u00a0\u00a0\u00a0\u00a0\u00a0\u00a0\u00a0\u00a0\u00a0\u00a0\u00a0\u00a0\u00a0\u00a0\u00a0 Ebd\u00a0\u00a0\u00a0\u00a0 A\u00a0\u00a0\u00a0\u00a0\u00a0\u00a0\u00a0\u00a0\u00a0\u00a0\u00a0\u00a0\u00a0\u00a0 F#7<\/tt> <\/span><br \/>\n<span style=\"color: #cc99ff; font-size: medium;\"> <tt><span style=\"text-decoration: underline;\">Aun<\/span>que no tenga ca<span style=\"text-decoration: underline;\">pi<\/span>lla,\u00a0<span style=\"text-decoration: underline;\">re<\/span>za la gente sen<span style=\"text-decoration: underline;\">ci<\/span>lla.<\/tt> <\/span><br \/>\n<span style=\"color: #cc99ff; font-size: medium;\"> <tt>Bm7 E7\u00a0\u00a0\u00a0 A Dm\u00a0\u00a0\u00a0\u00a0\u00a0\u00a0 AM7<\/tt> <\/span><br \/>\n<span style=\"color: #cc99ff; font-size: medium;\"> <tt><span style=\"text-decoration: underline;\">A<\/span>aaa<span style=\"text-decoration: underline;\">ve<\/span> Mar<span style=\"text-decoration: underline;\">\u00ed<\/span>i<span style=\"text-decoration: underline;\">a<\/span>, Ave Ma<span style=\"text-decoration: underline;\">r\u00ed<\/span>a.<\/tt><\/span><\/p>\n<p>&nbsp;<\/p>\n<p align=\"CENTER\"><span style=\"color: #0000ff;\"><span style=\"font-family: Georgia,Times New Roman,Bitstream Charter,Times,serif;\"><span style=\"font-size: medium;\">[Tube]http:\/\/www.youtube.com\/watch?v=kP8_SqSzDXc[\/Tube]<\/span><\/span><\/span><\/p>\n<p style=\"text-align: center;\"><span style=\"color: #cc99ff; font-size: medium;\"><span style=\"font-family: Georgia,Times New Roman,Bitstream Charter,Times,serif;\"><span style=\"font-size: medium;\">\u00a0<\/span><\/span>Cantan en Espa\u00f1ol<br \/>\n<\/span><\/p>\n<p>&nbsp;<\/p>\n<p><span style=\"font-size: large; color: #00ff00;\">Letra en Portugues<\/span><\/p>\n<pre><\/pre>\n<pre>  <strong>E<\/strong>        <strong>Bm7<\/strong>    <strong>E7<\/strong>\r\nBarrac\u00e3o de zinco\r\n           <strong>A7+<\/strong>                <strong>Am7<\/strong>    <strong>D7\/9<\/strong>\r\nSem telhado, sem pintura\r\n           <strong>Abm7\/B<\/strong>  <strong>G7\/B<\/strong>        <strong>F#m7\/4<\/strong> <strong>B7<\/strong>        <strong>E<\/strong>\r\nL\u00e1 no morro                 barrac\u00e3o        \u00e9 bangal\u00f4\r\n             <strong>Bm7<\/strong>          <strong>E7<\/strong>                      <strong>A7+<\/strong>\r\nL\u00e1 n\u00e3o existe felicidade de arranha-c\u00e9u\r\n                 <strong>Am7<\/strong> <strong>D7\/9<\/strong>   <strong>Abm7\/B<\/strong>  <strong>G7\/B<\/strong>     <strong>F#m7\/4<\/strong>    <strong>B7<\/strong>           <strong>E<\/strong>\r\nPois quem morra l\u00e1 no morro                 j\u00e1 vive     pertinho do c\u00e9u\r\n              <strong>Bm7<\/strong>                 <strong>E7<\/strong>                  <strong>A7+<\/strong>\r\nTem alvorada, tem passarada ao alvorecer\r\n        <strong>D7\/9<\/strong>        <strong>E<\/strong>     <strong>Dbm7<\/strong>   <strong>F#m7<\/strong> <strong>B7<\/strong>         <strong>E<\/strong>\r\nSinfonia de pardais anunciando      o anoitecer\r\n<strong>E7<\/strong>              <strong>Am7<\/strong> <strong>D7\/9<\/strong>        <strong>Abm7\/B<\/strong>\r\nE o morro inteiro no fim do dia\r\n  <strong>G7\/B<\/strong>      <strong>F#m7\/4<\/strong>   <strong>B7<\/strong>       <strong>E<\/strong>\r\nReza uma prece      Ave Maria\r\n<strong>E7<\/strong>              <strong>Am7<\/strong> <strong>D7\/9<\/strong>        <strong>Abm7\/B<\/strong>\r\nE o morro inteiro no fim do dia\r\n  <strong>G7\/B<\/strong>      <strong>F#m7\/4<\/strong>   <strong>B7<\/strong>       <strong>E<\/strong>     <strong>Dbm7<\/strong>   <strong>F#m7<\/strong>   <strong>B7<\/strong>\r\nReza uma prece      Ave Maria\r\n\r\n<strong>E<\/strong>  <strong>F\u00b0<\/strong>     <strong>F#m7<\/strong>  <strong>B7\/9<\/strong>   <strong>A7<\/strong> <strong>Ab7<\/strong>\r\nAve   Mar      i      a     A \u2013 ve\r\n<strong>A7+<\/strong>                              <strong>Bb\u00b0<\/strong>\r\nE quando o morro escurece\r\n<strong>Abm7\/B<\/strong>                <strong>G7\/B<\/strong>\r\nEleva a Deus uma prece\r\n<strong>F#m7\/4<\/strong>  <strong>B7<\/strong>     <strong>E<\/strong>\r\nA     \u2013     ve Maria.<\/pre>\n<p>&nbsp;<\/p>\n<p style=\"text-align: center;\">\u00a0[Tube]http:\/\/www.youtube.com\/watch?v=NS8Yl8HMStA#t=44[\/Tube]<\/p>\n<pre><\/pre>\n<p>&nbsp;<\/p>\n<p><strong><span style=\"font-size: medium; color: #00ff00;\">Letra en Italiano<\/span><\/strong><\/p>\n<p><strong><span style=\"font-size: medium; color: #00ff00;\"><br \/>\n<\/span><\/strong><\/p>\n<pre><span style=\"color: #cc99ff;\">C'\u00e8 lass\u00f9 fra i boschi\r\nun minuscolo paese,\r\ncos\u00ec bello\r\nche nel mondo non ce n'\u00e8.\r\n\r\nVive felice come estasiato,\r\ncome incantato.\r\nNon possiede un campanile\r\ncome nella grande citt\u00e0\r\n\r\nMa nel tramonto\r\nl'arcobaleno risplende in ciel,\r\ne nell'aria senbra udir\r\nche una campana suoni lass\u00f9.\r\n\r\nL'ora fatata della preghiera\r\nche vien dal bosco. Io la conosco\r\nScende dal cielo\r\ncome un incanto, un'armonia.\r\n\r\nAve Maria!\r\nAve Maria!\r\n\r\nQuando il giorno muore\r\ncanta un canto d'amore.\r\n\r\nAve Maria!\r\nAve Maria!\r\n\r\nE nell'aria senbra udir\r\nche una campana suoni lass\u00f9.\r\nL'ora fatata della preghiera\r\nche vien dal bosco. Io la conosco\r\n\r\nScende dal cielo\r\ncome un incanto, un'armonia.\r\n\r\nAve Maria!\r\nAve Maria!\r\n\r\nQuando il giorno muore\r\ncanta un canto d'amor.\r\n\r\nAve Maria!\r\nMaria! Maria! <\/span><\/pre>\n<p>&nbsp;<\/p>\n<p>&nbsp;<\/p>\n<p align=\"CENTER\"><span style=\"color: #0000ff;\"><span style=\"font-family: Georgia,Times New Roman,Bitstream Charter,Times,serif;\"><span style=\"font-size: medium;\">[Tube]http:\/\/www.youtube.com\/watch?v=Q2xr88di8LA[\/Tube]<\/span><\/span><\/span><\/p>\n<p>&nbsp;<\/p>\n<div id=\"novos_acordes\"><\/div>\n<p><span style=\"font-size: medium; color: #cc99ff;\"><br \/>\n<\/span><\/p>\n<p><span style=\"font-size: small;\"><span style=\"line-height: normal;\"><br \/>\n<\/span><\/span><\/p>\n","protected":false},"excerpt":{"rendered":"<p>Ave Mar\u00eda no Morro \u00a0 Autor: \u00a0A.Locatelli \/ Herivelto. Martins Interpretan:\u00a0Los Tres Paraguayos, Mario Lanza, Placido Domingo, Trio Guadalajara,Sara Montiel, Trio San Jose, Gloria Lasso, Dalva de Oliveira, TunaEspa\u00f1a, Trio Irakitan [Tube]http:\/\/www.youtube.com\/watch?v=2t75dEfQURw[\/Tube] Los Tres Soles del Paraguay, cantan en Portugues Tuna Espa\u00f1a (Don Dudo) \u00a0 \u00a0 www.TunaEspana.com \u00a0 \u00a0www.TunaEspa\u00f1a.es Ritmo: Bolero Brasil [Tube]http:\/\/www.youtube.com\/watch?v=2lsBuOstRIs#t=40[\/Tube] Trio Irakitan, [&hellip;]<\/p>\n","protected":false},"author":2,"featured_media":0,"comment_status":"open","ping_status":"open","sticky":false,"template":"","format":"standard","meta":[],"categories":[42,274,250,415,236,234,263],"tags":[3500,4700,4756,4665,4663,2007,4794,1328,3499,4865],"_links":{"self":[{"href":"https:\/\/www.tunaespana.es\/index.php?rest_route=\/wp\/v2\/posts\/1629"}],"collection":[{"href":"https:\/\/www.tunaespana.es\/index.php?rest_route=\/wp\/v2\/posts"}],"about":[{"href":"https:\/\/www.tunaespana.es\/index.php?rest_route=\/wp\/v2\/types\/post"}],"author":[{"embeddable":true,"href":"https:\/\/www.tunaespana.es\/index.php?rest_route=\/wp\/v2\/users\/2"}],"replies":[{"embeddable":true,"href":"https:\/\/www.tunaespana.es\/index.php?rest_route=%2Fwp%2Fv2%2Fcomments&post=1629"}],"version-history":[{"count":20,"href":"https:\/\/www.tunaespana.es\/index.php?rest_route=\/wp\/v2\/posts\/1629\/revisions"}],"predecessor-version":[{"id":23510,"href":"https:\/\/www.tunaespana.es\/index.php?rest_route=\/wp\/v2\/posts\/1629\/revisions\/23510"}],"wp:attachment":[{"href":"https:\/\/www.tunaespana.es\/index.php?rest_route=%2Fwp%2Fv2%2Fmedia&parent=1629"}],"wp:term":[{"taxonomy":"category","embeddable":true,"href":"https:\/\/www.tunaespana.es\/index.php?rest_route=%2Fwp%2Fv2%2Fcategories&post=1629"},{"taxonomy":"post_tag","embeddable":true,"href":"https:\/\/www.tunaespana.es\/index.php?rest_route=%2Fwp%2Fv2%2Ftags&post=1629"}],"curies":[{"name":"wp","href":"https:\/\/api.w.org\/{rel}","templated":true}]}}