{"id":1775,"date":"2011-06-13T19:02:09","date_gmt":"2011-06-13T19:02:09","guid":{"rendered":"http:\/\/www.tunaespana.com\/wp\/?p=1775"},"modified":"2014-06-28T16:05:58","modified_gmt":"2014-06-28T16:05:58","slug":"dime-que-si","status":"publish","type":"post","link":"https:\/\/www.tunaespana.es\/?p=1775","title":{"rendered":"Dime que si  ,Acorde Guitarra, Letra Tabladura, Cancionero Tuna,"},"content":{"rendered":"<p>&nbsp;<\/p>\n<p style=\"text-align: center;\"><span style=\"color: #ff0000; font-size: x-large;\">Dime que si<\/span><\/p>\n<p style=\"text-align: center;\"><a href=\"http:\/\/www.tunaespana.es\/wp-content\/uploads\/2011\/06\/TunaEspa\u00f1a-Tuno-Mas-Antiguo-de-Espa\u00f1a3-cancionero-tuna-Tunas-Universitarias.jpg\"><img decoding=\"async\" loading=\"lazy\" class=\"aligncenter size-full wp-image-26972\" src=\"http:\/\/www.tunaespana.es\/wp-content\/uploads\/2011\/06\/TunaEspa\u00f1a-Tuno-Mas-Antiguo-de-Espa\u00f1a3-cancionero-tuna-Tunas-Universitarias.jpg\" alt=\"TunaEspa\u00f1a, Tuno Mas Antiguo de Espa\u00f1a,3, cancionero tuna, Tunas Universitarias\" width=\"682\" height=\"206\" srcset=\"https:\/\/www.tunaespana.es\/wp-content\/uploads\/2011\/06\/TunaEspa\u00f1a-Tuno-Mas-Antiguo-de-Espa\u00f1a3-cancionero-tuna-Tunas-Universitarias.jpg 682w, https:\/\/www.tunaespana.es\/wp-content\/uploads\/2011\/06\/TunaEspa\u00f1a-Tuno-Mas-Antiguo-de-Espa\u00f1a3-cancionero-tuna-Tunas-Universitarias-300x90.jpg 300w\" sizes=\"(max-width: 682px) 100vw, 682px\" \/><\/a><\/p>\n<p style=\"text-align: center;\"><span style=\"color: #ffff00; font-size: medium;\">Autor: Alfornso Esparza<\/span><\/p>\n<p style=\"text-align: center;\"><span style=\"font-size: medium; color: #0000ff;\">Interpretan: \u00a0\u00a0Pedro Vargas<\/span><\/p>\n<p style=\"text-align: center;\">\n<p style=\"line-height: 0.5cm; widows: 2; orphans: 2;\" align=\"CENTER\"><span style=\"color: #00ff00;\">Don Dudo (TunaEspa\u00f1a)<\/span><\/p>\n<p style=\"text-align: center;\">\n<p style=\"margin-bottom: 0cm; font-style: normal; font-weight: normal; line-height: 0.5cm; widows: 2; orphans: 2;\" align=\"CENTER\"><span style=\"color: #0000ff;\"><span style=\"font-family: Georgia,Times New Roman,Bitstream Charter,Times,serif;\"><span style=\"font-size: small;\">[Tube]https:\/\/www.youtube.com\/watch?v=bhuXKLuixzw[\/Tube]<\/span><\/span><\/span><\/p>\n<p style=\"text-align: center;\"><span style=\"font-size: medium; color: #ff00ff;\">Ritmo: Vals<\/span><\/p>\n<p>&nbsp;<\/p>\n<p><span style=\"color: #ffff00;\"><br \/>\n<\/span><\/p>\n<pre><span style=\"font-size: large; color: #cc99ff;\">Cm        C7       Fm       G7                Cm G7\r\nDicen que t\u00fa no me quieres, quiero saberlo de t\u00ed,\r\n\r\nCm        C7       Fm     G7                    C Am Dm G7\r\nsi tienes otros quereres, quiero escucharlo por t\u00ed.\r\n\r\nC               Cdim   G7                             C\r\nDicen que en tu cara morena, tiemblan otros besos de amor,\r\n\r\n                          Cdim      Dm G7\r\nnada me importa la vida sabi\u00e9ndote ajena,\r\n\r\nDm       G7           Dm       G7         C Am Dm G7\r\ndime que mienten, que nunca tendr\u00e1s otro amor.\r\n\r\nC            Cdim      Dm G7    Dm G7                  E7\r\nDeja que mis labios te nombren, quedo como se nombra a Dios,\r\n\r\nF          Fm                C            A7\r\ndime que s\u00ed,  y un pedazo de cielo tendr\u00e9,\r\n\r\n              D7                   G7                C\r\ny si t\u00fa me lo pides, mi cielo y mi vida tambi\u00e9n de dar\u00e9.\r\n<a href=\"http:\/\/www.tunaespana.es\/wp-content\/uploads\/2011\/06\/Tuna-Espa\u00f1a-Don-Dudo-Don-Mique-Don-Pepelu-Don-Luis-O\u00f1ate-Juntamento-Certamen-Tunas-cancionero-tuna-canciones-de-Tuna-ronda-la-tuna-SerenataTunas-Universitarias-Tuna-Granada.jpg\"><img decoding=\"async\" loading=\"lazy\" class=\"aligncenter size-full wp-image-26969\" src=\"http:\/\/www.tunaespana.es\/wp-content\/uploads\/2011\/06\/Tuna-Espa\u00f1a-Don-Dudo-Don-Mique-Don-Pepelu-Don-Luis-O\u00f1ate-Juntamento-Certamen-Tunas-cancionero-tuna-canciones-de-Tuna-ronda-la-tuna-SerenataTunas-Universitarias-Tuna-Granada.jpg\" alt=\"Tuna Espa\u00f1a, Don Dudo, Don Mique, Don Pepelu, Don Luis O\u00f1ate, Juntamento, Certamen Tunas, cancionero tuna, canciones de Tuna, ronda la tuna, Serenata,Tunas Universitarias, Tuna Granada\" width=\"648\" height=\"292\" srcset=\"https:\/\/www.tunaespana.es\/wp-content\/uploads\/2011\/06\/Tuna-Espa\u00f1a-Don-Dudo-Don-Mique-Don-Pepelu-Don-Luis-O\u00f1ate-Juntamento-Certamen-Tunas-cancionero-tuna-canciones-de-Tuna-ronda-la-tuna-SerenataTunas-Universitarias-Tuna-Granada.jpg 648w, https:\/\/www.tunaespana.es\/wp-content\/uploads\/2011\/06\/Tuna-Espa\u00f1a-Don-Dudo-Don-Mique-Don-Pepelu-Don-Luis-O\u00f1ate-Juntamento-Certamen-Tunas-cancionero-tuna-canciones-de-Tuna-ronda-la-tuna-SerenataTunas-Universitarias-Tuna-Granada-300x135.jpg 300w\" sizes=\"(max-width: 648px) 100vw, 648px\" \/><\/a>\r\n<\/span><\/pre>\n<p><span style=\"color: #ffffff; font-size: large;\"><br \/>\n<\/span><\/p>\n","protected":false},"excerpt":{"rendered":"<p>&nbsp; Dime que si Autor: Alfornso Esparza Interpretan: \u00a0\u00a0Pedro Vargas Don Dudo (TunaEspa\u00f1a) [Tube]https:\/\/www.youtube.com\/watch?v=bhuXKLuixzw[\/Tube] Ritmo: Vals &nbsp; Cm C7 Fm G7 Cm G7 Dicen que t\u00fa no me quieres, quiero saberlo de t\u00ed, Cm C7 Fm G7 C Am Dm G7 si tienes otros quereres, quiero escucharlo por t\u00ed. C Cdim G7 C Dicen que [&hellip;]<\/p>\n","protected":false},"author":2,"featured_media":0,"comment_status":"open","ping_status":"open","sticky":false,"template":"","format":"standard","meta":[],"categories":[38,263],"tags":[4151,4613],"_links":{"self":[{"href":"https:\/\/www.tunaespana.es\/index.php?rest_route=\/wp\/v2\/posts\/1775"}],"collection":[{"href":"https:\/\/www.tunaespana.es\/index.php?rest_route=\/wp\/v2\/posts"}],"about":[{"href":"https:\/\/www.tunaespana.es\/index.php?rest_route=\/wp\/v2\/types\/post"}],"author":[{"embeddable":true,"href":"https:\/\/www.tunaespana.es\/index.php?rest_route=\/wp\/v2\/users\/2"}],"replies":[{"embeddable":true,"href":"https:\/\/www.tunaespana.es\/index.php?rest_route=%2Fwp%2Fv2%2Fcomments&post=1775"}],"version-history":[{"count":7,"href":"https:\/\/www.tunaespana.es\/index.php?rest_route=\/wp\/v2\/posts\/1775\/revisions"}],"predecessor-version":[{"id":26974,"href":"https:\/\/www.tunaespana.es\/index.php?rest_route=\/wp\/v2\/posts\/1775\/revisions\/26974"}],"wp:attachment":[{"href":"https:\/\/www.tunaespana.es\/index.php?rest_route=%2Fwp%2Fv2%2Fmedia&parent=1775"}],"wp:term":[{"taxonomy":"category","embeddable":true,"href":"https:\/\/www.tunaespana.es\/index.php?rest_route=%2Fwp%2Fv2%2Fcategories&post=1775"},{"taxonomy":"post_tag","embeddable":true,"href":"https:\/\/www.tunaespana.es\/index.php?rest_route=%2Fwp%2Fv2%2Ftags&post=1775"}],"curies":[{"name":"wp","href":"https:\/\/api.w.org\/{rel}","templated":true}]}}