{"id":17916,"date":"2013-05-29T11:41:50","date_gmt":"2013-05-29T11:41:50","guid":{"rendered":"http:\/\/www.tunaespana.es\/?p=17916"},"modified":"2026-03-08T18:08:11","modified_gmt":"2026-03-08T17:08:11","slug":"preciosa-cancionero-tuna-acordes-tablatura-cuatro-puertorriqueno-musica-jibara","status":"publish","type":"post","link":"https:\/\/www.tunaespana.es\/?p=17916","title":{"rendered":"Preciosa (cancionero Tuna) Acordes Tablatura Cuatro Puertorrique\u00f1o, Musica Jibara"},"content":{"rendered":"<p align=\"CENTER\"><span style=\"font-size: 24px;\"><strong><span style=\"color: #ff3366;\"><span style=\"font-family: Georgia,Times New Roman,Bitstream Charter,Times,serif;\">Preciosa<\/span><\/span><\/strong><\/span><\/p>\n<p align=\"CENTER\"><span style=\"color: #ffff00;\"><span style=\"font-family: Georgia,Times New Roman,Bitstream Charter,Times,serif;\"><span style=\"font-size: medium;\">Autor: Rafael Hern\u00e1ndez, la compuso en 1937 \u00a0durante su estancia en M\u00e9xico, por su a\u00f1oranza de su Bendita tierra natal,\u00a0 Puerto Rico.<br \/>\n<\/span><\/span><\/span><\/p>\n<p align=\"CENTER\"><span style=\"color: #0000ff;\">Interpretan: TunaEspa\u00f1a<\/span><\/p>\n<p align=\"CENTER\"><span style=\"color: #23ff23;\"><span style=\"font-family: Georgia,Times New Roman,Bitstream Charter,Times,serif;\"><span style=\"font-size: medium;\">TunaEspa\u00f1a (Don Dudo) www.TunaEspa\u00f1a.es \u00a0 www.TunaEspana.com\u00a0<\/span><\/span><\/span><\/p>\n<p align=\"CENTER\"><span style=\"color: #23ff23;\"><span style=\"font-family: Georgia,Times New Roman,Bitstream Charter,Times,serif;\"><span style=\"font-size: medium;\">Autor el genial compositor Rafael Hern\u00e1ndez, del querido y entra\u00f1able Puerto Rico (Aguadilla, Puerto Rico, 24 de octubre de 1892). Canci\u00f3n dedicada a Todos, nuestros hermanicos del Bendito \u00abPuerto Rico\u00bb.<\/span><\/span><\/span><\/p>\n<p align=\"CENTER\">.<\/p>\n<blockquote class=\"embedly-card\" data-card-controls=\"1\" data-card-align=\"center\" data-card-theme=\"light\">\n<h4><a href=\"https:\/\/www.youtube.com\/watch?v=4r-ztXShiD0\">DonDudo @ Preciosa @ TunaEspa\u00f1a @ Bar El Guapo<\/a><\/h4>\n<p>Nuestros Raticos de Los Mi\u00e9rcoles Noche en \u00abPetit Comit\u00e9\u00bb, en nuestro Rinconcinco de TunaEspa\u00f1a del Bar El Guapo (C. Orilla del Azarbe, Santa Cruz, Murcia). DonChulini Famosi Di Roma e Di C\u00f3rdoba. , Bong\u00f3s DonMaguila, Acordeon DonSteviWonder, Marcas DonBelenes, Laud1 DonMafaldo, Laud 2 DonOcho, Bongo DonMaligno, Guitarron DonRadioPita. Guitarra DonDudo.<\/p>\n<\/blockquote>\n<p><script async src=\"\/\/cdn.embedly.com\/widgets\/platform.js\" charset=\"UTF-8\"><\/script><\/p>\n<p align=\"CENTER\">.<\/p>\n<blockquote class=\"embedly-card\" data-card-controls=\"1\" data-card-align=\"center\" data-card-theme=\"light\">\n<h4><a href=\"https:\/\/www.youtube.com\/watch?v=H22zX5PQPnw\">DonDudo &#038; Preciosa &#038; Rafael Hern\u00e1ndez<\/a><\/h4>\n<p>Autor el genial compositor Rafael Hern\u00e1ndez, del querido y entra\u00f1able Puerto Rico (Aguadilla, Puerto Rico, 24 de octubre de 1892). Canci\u00f3n dedicada a Todos, nuestros hermanicos del Bendito \u00abPuerto Rico\u00bb.<\/p>\n<\/blockquote>\n<p><script async src=\"\/\/cdn.embedly.com\/widgets\/platform.js\" charset=\"UTF-8\"><\/script><\/p>\n<p align=\"CENTER\"><span style=\"color: #ff00ff; font-size: 14px;\"><span style=\"font-family: Georgia,Times New Roman,Bitstream Charter,Times,serif;\"><span style=\"color: #0000ff;\">Enlace Youtube:<\/span> <a href=\"http:\/\/www.youtube.com\/watch?v=-ov-z9FOVo4\">Pinche Aqui para escuchar la cancion<\/a><\/span><\/span><\/p>\n<p align=\"CENTER\"><span style=\"color: #0000ff; font-size: 14px;\"><span style=\"font-family: Georgia,Times New Roman,Bitstream Charter,Times,serif;\">Enlace Youtube:<a href=\"http:\/\/www.youtube.com\/watch?v=R5oky3qtGM0\">Pinche aqui para escuchar la cancion<\/a> (Johnny Albino y su Trio San Juan)<br \/>\n<\/span><\/span><\/p>\n<p align=\"CENTER\"><span style=\"color: #0000ff; font-size: 14px;\">Enlace Youtube: <a href=\"http:\/\/www.youtube.com\/watch?v=bcVHTBPaNSQ\"><span style=\"color: #0000ff;\">Pinche aqui para escuchar la cancion<\/span><\/a> (Alfredo Kraus)<\/span><\/p>\n<p align=\"CENTER\"><span style=\"color: #0000ff; font-size: 14px;\">Enlace Youtube: <a href=\"http:\/\/www.youtube.com\/watch?v=xboc3wIJJTg\">Pinche aqui para escuchar la cancion<\/a> (El Indio Araucano)<br \/>\n<\/span><\/p>\n<p align=\"CENTER\"><span style=\"color: #0000ff; font-size: 14px;\">Enlace Youtube:<\/span><\/p>\n<p align=\"CENTER\">Enlace Youtube:<\/p>\n<p align=\"CENTER\"><a href=\"http:\/\/www.tunaespana.es\/wp-content\/uploads\/2013\/05\/00-Tuna-Espa\u00f1a-Universidad-Murcia-Rector-Cobacho-901.jpg\"><img decoding=\"async\" loading=\"lazy\" class=\"aligncenter size-full wp-image-17917\" src=\"http:\/\/www.tunaespana.es\/wp-content\/uploads\/2013\/05\/00-Tuna-Espa\u00f1a-Universidad-Murcia-Rector-Cobacho-901.jpg\" alt=\"00 Tuna Espa\u00f1a Universidad Murcia Rector Cobacho 90\" width=\"684\" height=\"421\" srcset=\"https:\/\/www.tunaespana.es\/wp-content\/uploads\/2013\/05\/00-Tuna-Espa\u00f1a-Universidad-Murcia-Rector-Cobacho-901.jpg 684w, https:\/\/www.tunaespana.es\/wp-content\/uploads\/2013\/05\/00-Tuna-Espa\u00f1a-Universidad-Murcia-Rector-Cobacho-901-300x184.jpg 300w\" sizes=\"(max-width: 684px) 100vw, 684px\" \/><\/a><\/p>\n<pre><em>G|-----2-4-5-4-2-1-2-2--0-2-4-2-0---0-0------0-2-0-----------------|<\/em>\r\n<em>D|---2----------------------------4--------3-------3-2-3-3---2-2---|<\/em>\r\n<em>A|---------------------------------------3-----------------2-------|<\/em>\r\n<em>E|-----------------------------------------------------------------|<\/em>\r\n<em>B|-----------------------------------------------------------------|<\/em>\r\n\r\n                                                X2 \\\r\n<em>G|---------2-1-4-1--2-2-0-0------5-5-4-4-2-1-----------------------|<\/em>\r\n<em>D|---0-3-2------------------3-2-----------------------------------*|<\/em>\r\n<em>A|-----------------------------------------------------------------|<\/em>\r\n<em>E|----------------------------------------------------------------*|<\/em>\r\n<em>B|-----------------------------------------------------------------|<\/em>\r\n                                                                   \/\r\n\r\n<em>G|-----2-2----2-2---1-1----------------------2-2---1-1-------------|<\/em>\r\n<em>D|---2------2-----4-----2-4-4---2----------2-----4-----2-4-4---2-0-|<\/em>\r\n<em>A|----------------------------4---0-2-4-4--------------------4-----|<\/em>\r\n<em>E|-----------------------------------------------------------------|<\/em>\r\n<em>B|-----------------------------------------------------------------|<\/em>\r\n\r\n<em>G|----------4-4-1-2-2---1-1----------------------------------------|<\/em>\r\n<em>D|-----2--4-----------4-----2-4-4-0-2-2--2-4-4-0-2-2--2-4-4-0-2-2--|<\/em>\r\n<em>A|---4-------------------------------------------------------------|<\/em>\r\n<em>E|-----------------------------------------------------------------|<\/em>\r\n<em>B|-----------------------------------------------------------------| <\/em>\r\n\r\n<em>G|----------------2-2---1-1-----------------------2-2-2-4-4-4------|<\/em>\r\n<em>D|-----0--------2-----4-----2-4-4----2----------2------------------|<\/em>\r\n<em>A|---4---4-2-4---------------------4---0-2-4-4---------------------|<\/em>\r\n<em>E|-----------------------------------------------------------------|<\/em>\r\n<em>B|-----------------------------------------------------------------| <\/em>\r\n\r\n<em>G|---0-0-0-2-2-2------4-4-4-4-4-4-5-5-5--5-4-5-6-2----2-2---1-1----|<\/em>\r\n<em>D|---------------4--4-------------------------------2-----4--------|<\/em>\r\n<em>A|-----------------------------------------------------------------|<\/em>\r\n<em>E|-----------------------------------------------------------------|<\/em>\r\n<em>B|-----------------------------------------------------------------|  <\/em>\r\n\r\n<em>G|------------------------2--2-4-2-4-6-----------------------------|<\/em>\r\n<em>D|---2-4-4-0-2-2--2-4-2-4------------------------------------------|<\/em>\r\n<em>A|-----------------------------------------------------------------|<\/em>\r\n<em>E|-----------------------------------------------------------------|<\/em>\r\n<em>B|-----------------------------------------------------------------|<\/em>\r\n\r\nYo se lo que son los encantos\r\n(oh, tierra de mi amor,)\r\nde mi Borinquen hermosa.\r\n(<a>MI<\/a> perfumada flor)\r\nPor eso la quiero yo tanto\r\ny siempre la llamare, Preciosa.\r\nIsla del Caribe\r\nIsla del Caribe.\r\nYo se de sus hembras trigue\u00f1as\r\n(preciosas como el sol)\r\ny del olor de sus rosas,\r\n(de perfumado olor)\r\npor eso a mi tierra rique\u00f1a,\r\npor siempre la llamare, Preciosa\r\n\r\nIsla del Caribe,\r\nIsla del Caribe.....\r\nBorinquen...\r\n\r\nPreciosa te llaman las olas\r\ndel mar que te ba\u00f1an.\r\nPreciosa, por ser un encanto,\r\npor ser un Ed\u00e9n.\r\n\r\nY tienes la noble hidalgu\u00eda\r\nde la Madre Espa\u00f1a.\r\nY el fiero cant\u00edo del Indio brav\u00edo\r\nlo tienes tambi\u00e9n.\r\n<a href=\"http:\/\/www.tunaespana.es\/wp-content\/uploads\/2013\/05\/01-Tuna-Espa\u00f1a-20-TT.jpg\"><img decoding=\"async\" loading=\"lazy\" class=\"aligncenter size-full wp-image-17901\" src=\"http:\/\/www.tunaespana.es\/wp-content\/uploads\/2013\/05\/01-Tuna-Espa\u00f1a-20-TT.jpg\" alt=\"01 Tuna Espa\u00f1a 20 TT\" width=\"640\" height=\"180\" srcset=\"https:\/\/www.tunaespana.es\/wp-content\/uploads\/2013\/05\/01-Tuna-Espa\u00f1a-20-TT.jpg 640w, https:\/\/www.tunaespana.es\/wp-content\/uploads\/2013\/05\/01-Tuna-Espa\u00f1a-20-TT-300x84.jpg 300w\" sizes=\"(max-width: 640px) 100vw, 640px\" \/><\/a>\r\nPreciosa te llaman los bardos\r\nque cantan tu historia.\r\nNo importa el tirano te trate\r\ncon negra maldad.\r\n\r\nPreciosa ser\u00e1s sin bandera\r\nsin lauros, ni glorias.\r\nPreciosa, preciosa te llaman los hijos\r\nde la libertad.\r\n<a href=\"http:\/\/www.tunaespana.es\/?attachment_id=34639\" rel=\"attachment wp-att-34639\"><img decoding=\"async\" loading=\"lazy\" class=\"aligncenter size-full wp-image-34639\" src=\"http:\/\/www.tunaespana.es\/wp-content\/uploads\/2013\/05\/DonDudo-TunaEspa\u00f1a-Jose-Manuel-Soto-Juntamento.jpg\" alt=\"DonDudo, TunaEspa\u00f1a, Jose Manuel Soto, Juntamento\" width=\"960\" height=\"519\" srcset=\"https:\/\/www.tunaespana.es\/wp-content\/uploads\/2013\/05\/DonDudo-TunaEspa\u00f1a-Jose-Manuel-Soto-Juntamento.jpg 960w, https:\/\/www.tunaespana.es\/wp-content\/uploads\/2013\/05\/DonDudo-TunaEspa\u00f1a-Jose-Manuel-Soto-Juntamento-300x162.jpg 300w, https:\/\/www.tunaespana.es\/wp-content\/uploads\/2013\/05\/DonDudo-TunaEspa\u00f1a-Jose-Manuel-Soto-Juntamento-768x415.jpg 768w\" sizes=\"(max-width: 960px) 100vw, 960px\" \/><\/a><\/pre>\n","protected":false},"excerpt":{"rendered":"<p>Preciosa Autor: Rafael Hern\u00e1ndez, la compuso en 1937 \u00a0durante su estancia en M\u00e9xico, por su a\u00f1oranza de su Bendita tierra natal,\u00a0 Puerto Rico. Interpretan: TunaEspa\u00f1a TunaEspa\u00f1a (Don Dudo) www.TunaEspa\u00f1a.es \u00a0 www.TunaEspana.com\u00a0 Autor el genial compositor Rafael Hern\u00e1ndez, del querido y entra\u00f1able Puerto Rico (Aguadilla, Puerto Rico, 24 de octubre de 1892). Canci\u00f3n dedicada a Todos, [&hellip;]<\/p>\n","protected":false},"author":2,"featured_media":0,"comment_status":"closed","ping_status":"closed","sticky":false,"template":"","format":"standard","meta":[],"categories":[25,263],"tags":[856,1640,861,1581,1475,1601,857,860,1643,862,929,864,863,1641,978,1642,723,854,859,4865,747,748,1471,745,746],"_links":{"self":[{"href":"https:\/\/www.tunaespana.es\/index.php?rest_route=\/wp\/v2\/posts\/17916"}],"collection":[{"href":"https:\/\/www.tunaespana.es\/index.php?rest_route=\/wp\/v2\/posts"}],"about":[{"href":"https:\/\/www.tunaespana.es\/index.php?rest_route=\/wp\/v2\/types\/post"}],"author":[{"embeddable":true,"href":"https:\/\/www.tunaespana.es\/index.php?rest_route=\/wp\/v2\/users\/2"}],"replies":[{"embeddable":true,"href":"https:\/\/www.tunaespana.es\/index.php?rest_route=%2Fwp%2Fv2%2Fcomments&post=17916"}],"version-history":[{"count":11,"href":"https:\/\/www.tunaespana.es\/index.php?rest_route=\/wp\/v2\/posts\/17916\/revisions"}],"predecessor-version":[{"id":39574,"href":"https:\/\/www.tunaespana.es\/index.php?rest_route=\/wp\/v2\/posts\/17916\/revisions\/39574"}],"wp:attachment":[{"href":"https:\/\/www.tunaespana.es\/index.php?rest_route=%2Fwp%2Fv2%2Fmedia&parent=17916"}],"wp:term":[{"taxonomy":"category","embeddable":true,"href":"https:\/\/www.tunaespana.es\/index.php?rest_route=%2Fwp%2Fv2%2Fcategories&post=17916"},{"taxonomy":"post_tag","embeddable":true,"href":"https:\/\/www.tunaespana.es\/index.php?rest_route=%2Fwp%2Fv2%2Ftags&post=17916"}],"curies":[{"name":"wp","href":"https:\/\/api.w.org\/{rel}","templated":true}]}}