{"id":1806,"date":"2011-06-13T19:34:51","date_gmt":"2011-06-13T19:34:51","guid":{"rendered":"http:\/\/www.tunaespana.com\/wp\/?p=1806"},"modified":"2023-08-17T22:29:45","modified_gmt":"2023-08-17T20:29:45","slug":"amor-mio","status":"publish","type":"post","link":"https:\/\/www.tunaespana.es\/?p=1806","title":{"rendered":"Amor mio ,Acorde Guitarra, Letra Tabladura, Cancionero Tuna, Bolero xxx"},"content":{"rendered":"<pre><\/pre>\n<pre><span style=\"font-size: x-large; color: #ff0000;\">                  \u00a0<\/span><\/pre>\n<pre><span style=\"font-size: x-large; color: #ff0000;\">                   Amor mio<span style=\"font-size: small;\">; 1956<\/span>\r\n\r\n<\/span><\/pre>\n<pre>\u00a0<a href=\"http:\/\/www.tunaespana.es\/wp-content\/uploads\/2014\/06\/Tuna-Espa\u00f1a-CarluchoscarlicosCancionero-Tuna-musica-de-tuna-Ronda-La-Tuna-don-dudo-canciones-de-tuna.jpg\"><img decoding=\"async\" loading=\"lazy\" class=\"aligncenter size-full wp-image-27029\" src=\"http:\/\/www.tunaespana.es\/wp-content\/uploads\/2014\/06\/Tuna-Espa\u00f1a-CarluchoscarlicosCancionero-Tuna-musica-de-tuna-Ronda-La-Tuna-don-dudo-canciones-de-tuna.jpg\" alt=\"Tuna Espa\u00f1a, Carluchos,carlicos,Cancionero Tuna, musica de tuna, Ronda La Tuna, don dudo, canciones de tuna\" width=\"603\" height=\"420\" srcset=\"https:\/\/www.tunaespana.es\/wp-content\/uploads\/2014\/06\/Tuna-Espa\u00f1a-CarluchoscarlicosCancionero-Tuna-musica-de-tuna-Ronda-La-Tuna-don-dudo-canciones-de-tuna.jpg 603w, https:\/\/www.tunaespana.es\/wp-content\/uploads\/2014\/06\/Tuna-Espa\u00f1a-CarluchoscarlicosCancionero-Tuna-musica-de-tuna-Ronda-La-Tuna-don-dudo-canciones-de-tuna-300x208.jpg 300w\" sizes=\"(max-width: 603px) 100vw, 603px\" \/><\/a>\r\n<span style=\"font-size: 12pt;\"><strong>    <span style=\"color: #00ff00;\">\u201cLos Tres Carlos\u201d: Don Carluchos, Don Dudo, Don Carlicos<\/span><\/strong><\/span><span style=\"font-size: medium; color: #ffff00;\">                        \r\n                       \r\n                           Autor: Alvaro Carrillo<\/span>\r\n\r\n<span style=\"font-size: medium; color: #0000ff;\">            Interpretan: Trio Los Panchos, Los tres diamantes,\u00a0<\/span><\/pre>\n<pre><span style=\"font-size: medium; color: #0000ff;\">      Lucho Gatica,\u00a0<\/span><span style=\"color: #0000ff; font-size: medium;\">Los Duendes, Javier Solis, Trio Los Soberanos<\/span><\/pre>\n<pre><span style=\"font-size: medium; color: #00ff00;\"> Tuna Espa\u00f1a (Don Dudo) \u00a0 www.TunaEspana.com \u00a0 \u00a0www.TunaEspa\u00f1a.es<\/span>\r\n\r\n<span style=\"font-size: medium; color: #ffcc00;\">                             Ritmo:\u00a0Bolero<\/span><\/pre>\n<pre><\/pre>\n<p style=\"margin-bottom: 0cm; font-style: normal; font-weight: normal; line-height: 0.5cm; widows: 2; orphans: 2;\" align=\"CENTER\"><span style=\"color: #0000ff;\"><span style=\"font-family: Georgia,Times New Roman,Bitstream Charter,Times,serif;\"><span style=\"font-size: small;\">[Tube]http:\/\/www.youtube.com\/watch?v=7ekQX4wcT2c[\/Tube]<\/span><\/span><\/span><\/p>\n<pre><\/pre>\n<pre><span style=\"font-size: medium; color: #ff00ff;\">                               Mejico<\/span><\/pre>\n<p style=\"text-align: center;\">\n<p style=\"text-align: center;\"><span style=\"color: #0000ff;\"><span style=\"color: #ffcc00;\">Alvaro Carrillo <\/span>hizo amistad con <span style=\"color: #ff99cc;\">Antonio P\u00e9rez Meza<\/span>, que formaba parte del <span style=\"color: #ff00ff;\">Tr\u00edo Los Duendes <\/span>y a petici\u00f3n del cantante <span style=\"color: #00ff00;\">Carlos Gardel<\/span>, les di\u00f3 su canci\u00f3n Amor m\u00edo que le fue grabada y la popularidad pronto lleg\u00f3, motivo por el cual dej\u00f3 la ingenier\u00eda por la composici\u00f3n.<\/span><\/p>\n<p>&nbsp;<\/p>\n<p>&nbsp;<\/p>\n<pre><span style=\"color: #cc99ff; font-size: medium;\">  sol+ sol7+           la+     la7+  fa#-\r\n  Amor mio   tu rostro divino no sabe guardar\r\n               si+ si7         mi-\r\n  secretos de amor... ya te he dicho que estoy\r\n          la+              re+    5sol\r\n  en la gloria de tu intimidad...\r\n           sol+\/sol7+           la+  la7+\r\n  No hace falta decir que me quieres no me\r\n           fa#-          si+\/si7      mi-\r\n  vuelvas loco con esa verdad...no lo digas\r\n                   la+          re+     5sol\r\n  no me hagas que llore de felicidad..\r\n       sol+                  re+\r\n  Cuanta envidia se va a despertar,\r\n       sol-               re+\r\n  cuantos ojos nos van a mirar;\r\n       mi7                 la+\r\n  la alegria de todas mis horas\r\n             mi7              la+\/5sol\r\n  prefiero pasarlas en la intimidad... no\r\n    sol+\/sol7+          la+    la7+\r\n  olvidava decir que te quiero con todas\r\n      fa#-                  si+\/si7        mi-\r\n  las fuerzas que el alma me da...  quiero amada que no\r\n         la+              re+\r\n  digas nunca que vivio jamas .(Intro)\r\n  Ya te he dicho que estoy en la gloria de tu intimidad.(intro)\r\n\r\n<\/span><\/pre>\n<pre><span style=\"color: #cc99ff; font-size: medium;\">  No lo digas no me hagas que llore de felicidad...<\/span><\/pre>\n<pre>\u00a0\r\n\r\n<a href=\"http:\/\/www.tunaespana.es\/wp-content\/uploads\/2011\/06\/Cien-A\u00f1os-de-Boleros-Colaboradores-Tunas-Universitarias-Tuna-Espa\u00f1a-III.jpg\"><img decoding=\"async\" loading=\"lazy\" class=\"aligncenter size-full wp-image-18267\" src=\"http:\/\/www.tunaespana.es\/wp-content\/uploads\/2011\/06\/Cien-A\u00f1os-de-Boleros-Colaboradores-Tunas-Universitarias-Tuna-Espa\u00f1a-III.jpg\" alt=\"Cien A\u00f1os de Boleros Colaboradores Tunas Universitarias, Tuna Espa\u00f1a III\" width=\"216\" height=\"300\" \/><\/a><\/pre>\n<pre><\/pre>\n<pre><span style=\"color: #ff00ff; font-size: medium;\">TONO LA<\/span><\/pre>\n<pre><span style=\"font-size: medium;\"><span style=\"color: #ffffff;\"><span style=\"color: #cc99ff;\">\r\nA7\u00a0\u00a0\u00a0\u00a0 D7\u00a0\u00a0\u00a0\u00a0\r\nAmor m\u00edo\r\n\u00a0\u00a0\u00a0\u00a0\u00a0\u00a0\u00a0\u00a0\u00a0 G\r\ntu rostro querido\r\n\u00a0\u00a0\u00a0\u00a0\u00a0\u00a0\u00a0\u00a0\u00a0\u00a0\u00a0\u00a0\u00a0 G#m7\u00a0\r\nno sabe guardar\u00a0\u00a0\u00a0\u00a0\r\n\u00a0\u00a0\u00a0\u00a0\u00a0\u00a0\u00a0\u00a0\u00a0\u00a0\u00a0\u00a0\u00a0 F#\r\nsecretos de amor\r\n\u00a0\u00a0\u00a0\u00a0\u00a0\u00a0 Bm7\r\nya me dijo ,\r\n\u00a0\u00a0\u00a0\u00a0\u00a0\u00a0\u00a0\u00a0\u00a0\u00a0\u00a0\u00a0\u00a0\u00a0\u00a0\u00a0\u00a0\u00a0\u00a0 E7\r\nque estoy en la gloria\r\n\u00a0\u00a0\u00a0\u00a0\u00a0\u00a0\u00a0\u00a0\u00a0\u00a0\u00a0\u00a0 Amaj7 A7\r\nde tu intimidad.\r\n\r\n\u00a0\u00a0\u00a0\u00a0\u00a0\u00a0\u00a0\u00a0\u00a0\u00a0 D\r\nNo hace falta\r\n\u00a0\u00a0\u00a0\u00a0\u00a0\u00a0\u00a0\u00a0\u00a0\u00a0\u00a0\u00a0 G\r\ndecir que me quieres\r\n\u00a0\u00a0\u00a0\u00a0\u00a0\u00a0\u00a0\u00a0\u00a0\u00a0\u00a0\u00a0\u00a0 C#m7\r\nno me vuelvas loco\r\n\u00a0\u00a0\u00a0\u00a0\u00a0\u00a0\u00a0\u00a0\u00a0\u00a0\u00a0 F#\r\ncon esa verdad\r\n\u00a0\u00a0\u00a0\u00a0\u00a0\u00a0 Bm7\u00a0\u00a0\u00a0\u00a0\u00a0\u00a0\r\nno lo digas,\r\n\u00a0\u00a0\u00a0\u00a0\u00a0\u00a0\u00a0\u00a0\u00a0\u00a0\u00a0\u00a0\u00a0\u00a0\u00a0\u00a0 E7\r\nno me hagas que llore\r\n\u00a0\u00a0\u00a0\u00a0\u00a0\u00a0\u00a0\u00a0\u00a0 Amaj7\r\nde felicidad.\r\n\r\n\u00a0\u00a0\u00a0\u00a0\u00a0\u00a0\u00a0\u00a0\u00a0 A7\u00a0\u00a0\u00a0\u00a0\u00a0\u00a0\u00a0\u00a0\u00a0\u00a0\u00a0\u00a0\u00a0\u00a0\u00a0\u00a0 D\u00a0\u00a0\r\nCuanta envidia se va a despertar\r\n\u00a0\u00a0\u00a0\u00a0\u00a0\u00a0\u00a0 Dm7\u00a0\u00a0\u00a0\u00a0\u00a0\u00a0\u00a0\u00a0\u00a0\u00a0\u00a0\u00a0\u00a0\u00a0 c#m7\r\ncuantos ojos\u00a0 nos van a mirar\r\n\u00a0\u00a0\u00a0\u00a0\u00a0\u00a0\u00a0 B7\u00a0\u00a0\u00a0\u00a0\u00a0\u00a0\u00a0\u00a0\u00a0\u00a0\u00a0\u00a0\u00a0 E\u00a0\r\nla alegr\u00eda de todas mis horas\r\n\u00a0\u00a0\u00a0\u00a0\u00a0\u00a0\u00a0\u00a0\u00a0\u00a0\u00a0\u00a0\u00a0\u00a0 B7\u00a0\u00a0\u00a0\u00a0\u00a0\u00a0\u00a0\u00a0\u00a0\u00a0\u00a0\u00a0\u00a0 Bm7\u00a0\u00a0\u00a0\u00a0\r\nprefiero pasarlas en la intimidad;\r\nA7\u00a0\u00a0\u00a0 D\u00a0\u00a0\u00a0\u00a0\u00a0\u00a0\u00a0\u00a0\u00a0\u00a0\u00a0\u00a0\u00a0\u00a0\u00a0 G\u00a0\u00a0\u00a0\u00a0\r\nolvidaba decir que te amo\r\n\u00a0\u00a0\u00a0\u00a0\u00a0\u00a0\u00a0\u00a0\u00a0\u00a0\u00a0\u00a0\u00a0\u00a0\u00a0\u00a0\u00a0 C#m7\u00a0\u00a0\u00a0\u00a0\u00a0\u00a0\u00a0\u00a0\u00a0\u00a0\u00a0\u00a0\u00a0\u00a0\u00a0 F#\u00a0\u00a0\u00a0\u00a0\u00a0\u00a0\u00a0\u00a0\u00a0\u00a0\u00a0\u00a0\u00a0\u00a0\u00a0\u00a0\u00a0\r\ncon todas las fuerzas que el alma me da\r\n\u00a0\u00a0\u00a0\u00a0\u00a0\u00a0\u00a0\u00a0\u00a0\u00a0\u00a0\u00a0\u00a0 Bm7\u00a0\u00a0\u00a0\u00a0\u00a0\u00a0\r\nqui\u00e9n no ha amado,\r\n\u00a0\u00a0\u00a0\u00a0\u00a0\u00a0\u00a0\u00a0\u00a0\u00a0\u00a0\u00a0\u00a0\u00a0\u00a0 E7\r\nque no diga nunca\r\n<\/span><\/span><span style=\"color: #cc99ff;\">\u00a0\u00a0\u00a0\u00a0\u00a0\u00a0\u00a0\u00a0\u00a0\u00a0\u00a0 Amaj7<\/span><\/span><\/pre>\n<pre><\/pre>\n<p style=\"margin-bottom: 0cm; font-style: normal; font-weight: normal; line-height: 0.5cm; widows: 2; orphans: 2;\" align=\"CENTER\"><span style=\"color: #0000ff;\"><span style=\"font-family: Georgia,Times New Roman,Bitstream Charter,Times,serif;\"><span style=\"font-size: small;\">[Tube]http:\/\/www.youtube.com\/watch?v=lPjvwxy2Th0[\/Tube]<\/span><\/span><\/span><\/p>\n<pre><\/pre>\n<pre><span style=\"color: #ff00ff; font-size: medium;\">TONO SOL<\/span><\/pre>\n<pre><span style=\"font-size: medium;\">\u00a0<\/span><\/pre>\n<pre><span style=\"font-size: medium;\">G      C                F                 Bm              E7\r\n  Amor m\u00edo tu rostro querido, no sabe guardar secretos de amor,\r\n\r\n      Am                    D7                 G   G7\r\nya me dijo, que estoy en la gloria de tu intimidad;\r\n\r\n        C                  F                      Bm              E7\r\nno hace falta decir que me quieres, no me vuelvas loco con esa verdad,\r\n\r\n      Am                     D7             G\r\nno lo digas, no me hagas que llore de felicidad.\r\n\r\n         G7                  C            Cm               Bm\r\nCuanta envidia se va a despertar, cuantos ojos nos van a mirar,\r\n\r\n      A7                D                 A7                 D7  G7\r\nla alegr\u00eda de todas mis horas, prefiero pasarlas en la intimidad;\r\n\r\n    C                 F                  Bm                     E7\r\nolvidaba decir que te amo, con todas las fuerzas que el alma me da,\r\n\r\n            Am                 D7                G\r\nquien no ha amado, que no diga nunca que vivi\u00f3 jam\u00e1s.\r\n<\/span><\/pre>\n<p style=\"margin-bottom: 0cm; font-style: normal; font-weight: normal; line-height: 0.5cm; widows: 2; orphans: 2;\" align=\"CENTER\"><span style=\"color: #0000ff;\"><span style=\"font-family: Georgia,Times New Roman,Bitstream Charter,Times,serif;\"><span style=\"font-size: small;\">[Tube]http:\/\/www.youtube.com\/watch?v=nYZ28zENn_A[\/Tube]<\/span><\/span><\/span><\/p>\n<pre><span style=\"font-size: medium;\">\r\n\r\n<span style=\"color: #ff00ff;\">TONO DO<\/span>\r\n<\/span><\/pre>\n<pre><span style=\"color: #ff00ff;\">Intro arpegiado en G\r\n\r\n      <a><span style=\"color: #ff00ff;\">C<\/span><\/a>                <a><span style=\"color: #ff00ff;\">F<\/span><\/a>\r\nAmor m\u00edo, Tu rostro divino\r\n          <a><span style=\"color: #ff00ff;\">Bm<\/span><\/a>\r\nNo sabe guardar, Los secretos de amor\r\n           <a><span style=\"color: #ff00ff;\">C<\/span><\/a>                       <a><span style=\"color: #ff00ff;\">D<\/span><\/a>\r\nYa me han dicho, Que estoy en la gloria\r\n            <a><span style=\"color: #ff00ff;\">Bm<\/span><\/a>   <a><span style=\"color: #ff00ff;\">Dm<\/span><\/a>   <a><span style=\"color: #ff00ff;\">G<\/span><\/a>\r\nDe t\u00fa intimidad\r\n\r\n      <a><span style=\"color: #ff00ff;\">C<\/span><\/a>                <a><span style=\"color: #ff00ff;\">F<\/span><\/a>\r\nNo hace falta, Decir que me amas\r\n               <a><span style=\"color: #ff00ff;\">Bm<\/span><\/a>\r\nNo me vuelvas loco, Con esa verdad\r\n        <a><span style=\"color: #ff00ff;\">C<\/span><\/a>                      <a><span style=\"color: #ff00ff;\">D<\/span><\/a>\r\nNo lo digas, No me hagas que llore\r\n    <a><span style=\"color: #ff00ff;\">G<\/span><\/a>            <a><span style=\"color: #ff00ff;\">Dm<\/span><\/a>    <a><span style=\"color: #ff00ff;\">G<\/span><\/a>\r\nDe felicidad\r\n\r\n         <a><span style=\"color: #ff00ff;\">G<\/span><\/a>                <a><span style=\"color: #ff00ff;\">C<\/span><\/a>\r\nCuantos besos, Nos van a mirar\r\n          <a><span style=\"color: #ff00ff;\">Cm<\/span><\/a>               <a><span style=\"color: #ff00ff;\">G<\/span><\/a>\r\nCuanta envidia, Se va a despertar\r\n        <a><span style=\"color: #ff00ff;\">A<\/span><\/a>                <a><span style=\"color: #ff00ff;\">D<\/span><\/a>\r\nLa alegr\u00eda de todas mis horas\r\n       <a><span style=\"color: #ff00ff;\">G\/E<\/span><\/a> (4\u00b0cuerda)          <a><span style=\"color: #ff00ff;\">Am<\/span><\/a>       <a><span style=\"color: #ff00ff;\">D<\/span><\/a>\r\nPrefiero pasarlas,    En la intimidad\r\n      <a><span style=\"color: #ff00ff;\">C<\/span><\/a>                <a><span style=\"color: #ff00ff;\">F<\/span><\/a>\r\nOlvidaba decir que te amo\r\n            <a><span style=\"color: #ff00ff;\">Bm<\/span><\/a>                    <a><span style=\"color: #ff00ff;\">Bm7<\/span><\/a>\r\nCon toda la fuerza, Que el alma me da\r\n           <a><span style=\"color: #ff00ff;\">C<\/span><\/a>                     <a><span style=\"color: #ff00ff;\">D<\/span><\/a>\r\nQuien no ha amado, Que no diga nunca\r\n            <a><span style=\"color: #ff00ff;\">G<\/span><\/a>\r\nQue vivi\u00f3 jam\u00e1s\r\n\r\n\r\nSolo sobre C F Bm C D G Dm G\r\n\r\n         <a><span style=\"color: #ff00ff;\">G<\/span><\/a>                <a><span style=\"color: #ff00ff;\">C<\/span><\/a>\r\nCuantos ojos, Nos van a mirar\r\n         <a><span style=\"color: #ff00ff;\">Cm<\/span><\/a>\r\nCuanta envidia, Se va a despertar\r\n        <a><span style=\"color: #ff00ff;\">A<\/span><\/a>                 <a><span style=\"color: #ff00ff;\">D<\/span><\/a>\r\nLa alegr\u00eda de todas mis horas\r\n        <a><span style=\"color: #ff00ff;\">G\/E<\/span><\/a> (4\u00b0cuerda)          <a><span style=\"color: #ff00ff;\">Am<\/span><\/a>       <a><span style=\"color: #ff00ff;\">D<\/span><\/a>\r\nPrefiero pasarlas, En la intimidad\r\n      <a><span style=\"color: #ff00ff;\">C<\/span><\/a>                <a><span style=\"color: #ff00ff;\">F<\/span><\/a>\r\nOlvidaba decir que te amo\r\n      <a><span style=\"color: #ff00ff;\">Bm<\/span><\/a>                          <a><span style=\"color: #ff00ff;\">Bm7<\/span><\/a>\r\nCon toda la fuerza, Que el alma me da\r\n              <a><span style=\"color: #ff00ff;\">C<\/span><\/a>                   <a><span style=\"color: #ff00ff;\">D<\/span><\/a>\r\nQuien no ha amado, Que no diga nunca\r\n            <a><span style=\"color: #ff00ff;\">G<\/span><\/a>\r\nQue vivi\u00f3 jam\u00e1s...<\/span><\/pre>\n<pre><\/pre>\n<p><span style=\"color: #ff00ff;\">\u00a0<a href=\"http:\/\/www.tunaespana.es\/wp-content\/uploads\/2011\/08\/TunaEspa\u00f1aTuna-Espa\u00f1a-Cancionero-Tuna-Don-Dudo-Don-Perdi-D-ChulinTunaBlanca-Canciones-de-Tuna-Ronda-La-Tuna-tunas-universitarias-Ronda.jpg\"><img decoding=\"async\" loading=\"lazy\" class=\"aligncenter size-full wp-image-27008\" src=\"http:\/\/www.tunaespana.es\/wp-content\/uploads\/2011\/08\/TunaEspa\u00f1aTuna-Espa\u00f1a-Cancionero-Tuna-Don-Dudo-Don-Perdi-D-ChulinTunaBlanca-Canciones-de-Tuna-Ronda-La-Tuna-tunas-universitarias-Ronda.jpg\" alt=\"TunaEspa\u00f1a,Tuna Espa\u00f1a, Cancionero Tuna, Don Dudo, Don Perdi, D ChulinTuna,Blanca, Canciones de Tuna, Ronda La Tuna, tunas universitarias, Ronda\" width=\"532\" height=\"272\" srcset=\"https:\/\/www.tunaespana.es\/wp-content\/uploads\/2011\/08\/TunaEspa\u00f1aTuna-Espa\u00f1a-Cancionero-Tuna-Don-Dudo-Don-Perdi-D-ChulinTunaBlanca-Canciones-de-Tuna-Ronda-La-Tuna-tunas-universitarias-Ronda.jpg 532w, https:\/\/www.tunaespana.es\/wp-content\/uploads\/2011\/08\/TunaEspa\u00f1aTuna-Espa\u00f1a-Cancionero-Tuna-Don-Dudo-Don-Perdi-D-ChulinTunaBlanca-Canciones-de-Tuna-Ronda-La-Tuna-tunas-universitarias-Ronda-300x153.jpg 300w\" sizes=\"(max-width: 532px) 100vw, 532px\" \/><\/a><\/span><\/p>\n<p><span style=\"color: #ff00ff;\">\u00a0<\/span><\/p>\n","protected":false},"excerpt":{"rendered":"<p>\u00a0 Amor mio; 1956 \u00a0 \u201cLos Tres Carlos\u201d: Don Carluchos, Don Dudo, Don Carlicos Autor: Alvaro Carrillo Interpretan: Trio Los Panchos, Los tres diamantes,\u00a0 Lucho Gatica,\u00a0Los Duendes, Javier Solis, Trio Los Soberanos Tuna Espa\u00f1a (Don Dudo) \u00a0 www.TunaEspana.com \u00a0 \u00a0www.TunaEspa\u00f1a.es Ritmo:\u00a0Bolero [Tube]http:\/\/www.youtube.com\/watch?v=7ekQX4wcT2c[\/Tube] Mejico Alvaro Carrillo hizo amistad con Antonio P\u00e9rez Meza, que formaba parte del [&hellip;]<\/p>\n","protected":false},"author":2,"featured_media":0,"comment_status":"open","ping_status":"open","sticky":false,"template":"","format":"standard","meta":[],"categories":[341,42,76,102,274,209,382,171,163,263],"tags":[4714,4593,4680,4798,4618,826,4646,831,829,4736,832],"_links":{"self":[{"href":"https:\/\/www.tunaespana.es\/index.php?rest_route=\/wp\/v2\/posts\/1806"}],"collection":[{"href":"https:\/\/www.tunaespana.es\/index.php?rest_route=\/wp\/v2\/posts"}],"about":[{"href":"https:\/\/www.tunaespana.es\/index.php?rest_route=\/wp\/v2\/types\/post"}],"author":[{"embeddable":true,"href":"https:\/\/www.tunaespana.es\/index.php?rest_route=\/wp\/v2\/users\/2"}],"replies":[{"embeddable":true,"href":"https:\/\/www.tunaespana.es\/index.php?rest_route=%2Fwp%2Fv2%2Fcomments&post=1806"}],"version-history":[{"count":21,"href":"https:\/\/www.tunaespana.es\/index.php?rest_route=\/wp\/v2\/posts\/1806\/revisions"}],"predecessor-version":[{"id":38038,"href":"https:\/\/www.tunaespana.es\/index.php?rest_route=\/wp\/v2\/posts\/1806\/revisions\/38038"}],"wp:attachment":[{"href":"https:\/\/www.tunaespana.es\/index.php?rest_route=%2Fwp%2Fv2%2Fmedia&parent=1806"}],"wp:term":[{"taxonomy":"category","embeddable":true,"href":"https:\/\/www.tunaespana.es\/index.php?rest_route=%2Fwp%2Fv2%2Fcategories&post=1806"},{"taxonomy":"post_tag","embeddable":true,"href":"https:\/\/www.tunaespana.es\/index.php?rest_route=%2Fwp%2Fv2%2Ftags&post=1806"}],"curies":[{"name":"wp","href":"https:\/\/api.w.org\/{rel}","templated":true}]}}