{"id":1856,"date":"2011-06-14T18:41:47","date_gmt":"2011-06-14T18:41:47","guid":{"rendered":"http:\/\/www.tunaespana.com\/wp\/?p=1856"},"modified":"2023-08-19T12:52:48","modified_gmt":"2023-08-19T10:52:48","slug":"1856","status":"publish","type":"post","link":"https:\/\/www.tunaespana.es\/?p=1856","title":{"rendered":"Camino Verde (Acorde guitarra) (Letra Tablatura) cancionero Tuna (Bolero)"},"content":{"rendered":"<p style=\"text-align: center;\"><strong><span style=\"color: #ff0000; font-size: x-large;\">Camino \u00a0Verde<\/span><\/strong><\/p>\n<p style=\"text-align: center;\"><strong><span style=\"color: #ff0000; font-size: x-large;\">\u00a0<\/span><\/strong><\/p>\n<p style=\"text-align: center;\"><span style=\"color: #ffff00; font-size: medium;\">Autor: Carmelo Larrea\u00a0<span style=\"font-size: x-small;\">(Copy 1955)<\/span><\/span><br \/>\n<span style=\"color: #0000ff; font-size: medium;\">Interpretan: Trio Los panchos, Trio Los Condes, Juanito Segarra, Antonio Molina, Los Bocheros, Johnny Albino y su Trio San Juan; Gregorio Barrios; Alfredo Sadel; Victor Hugo Ayala,\u00a0Juan Legido y Los Churumbeles de Espa\u00f1a;\u00a0Eydie Gorme<\/span><\/p>\n<p style=\"text-align: center;\"><a href=\"http:\/\/www.tunaespana.es\/wp-content\/uploads\/2013\/08\/TunaEspa\u00f1a-Tunas-Espa\u00f1olas-Tunas-Universitarias-Don-Chulin-Don-Maguila.jpg\"><img decoding=\"async\" loading=\"lazy\" class=\"aligncenter size-full wp-image-19140\" src=\"http:\/\/www.tunaespana.es\/wp-content\/uploads\/2013\/08\/TunaEspa\u00f1a-Tunas-Espa\u00f1olas-Tunas-Universitarias-Don-Chulin-Don-Maguila.jpg\" alt=\"TunaEspa\u00f1a, Tunas Espa\u00f1olas, Tunas Universitarias, Don Chulin, Don Maguila\" width=\"658\" height=\"334\" srcset=\"https:\/\/www.tunaespana.es\/wp-content\/uploads\/2013\/08\/TunaEspa\u00f1a-Tunas-Espa\u00f1olas-Tunas-Universitarias-Don-Chulin-Don-Maguila.jpg 658w, https:\/\/www.tunaespana.es\/wp-content\/uploads\/2013\/08\/TunaEspa\u00f1a-Tunas-Espa\u00f1olas-Tunas-Universitarias-Don-Chulin-Don-Maguila-300x152.jpg 300w\" sizes=\"(max-width: 658px) 100vw, 658px\" \/><\/a><\/p>\n<p style=\"text-align: center;\"><span style=\"font-size: medium; color: #00ff00;\">Tuna Espa\u00f1a (Don Dudo) \u00a0 \u00a0 www.TunaEspana.com \u00a0 \u00a0www.TunaEspa\u00f1a.es<\/span><\/p>\n<p style=\"text-align: center;\"><span style=\"font-size: medium; color: #ffcc00;\">Ritmo: Bolero<\/span><\/p>\n<p style=\"text-align: center;\"><span style=\"font-size: medium; color: #ff00ff;\"><span style=\"color: #ff0000;\">Es<\/span><span style=\"color: #ffff00;\">pa<\/span><span style=\"color: #ff0000;\">\u00f1a<\/span><\/span><\/p>\n<p style=\"text-align: center;\"><span style=\"font-size: medium; color: #0000ff;\">Enlace Youtube: <a href=\"http:\/\/www.youtube.com\/watch?v=PqjnuNOAZDo\">pinche aqui para escuchar la canci\u00f3n <\/a> (Juan Legido y Los Churumbeles de Espa\u00f1a)<\/span><\/p>\n<p style=\"text-align: center;\"><span style=\"font-size: medium; color: #0000ff;\">Enlace Youtube:\u00a0<a href=\"http:\/\/www.youtube.com\/watch?v=jt3qJIKHT2U\">pinche aqui para escuchar la canci\u00f3n<\/a> (Johnny Albino y su Trio)<\/span><\/p>\n<p style=\"text-align: center;\"><span style=\"font-size: medium; color: #0000ff;\">Enlace Youtube:<a href=\"http:\/\/www.youtube.com\/watch?v=gk5FcRUmkqs\">pinche aqui para escuchar la canci\u00f3n <\/a> (Eydie Gorme)<br \/>\n<\/span><\/p>\n<p style=\"text-align: center;\"><span style=\"font-size: medium; color: #0000ff;\">Enlace Youtube: <a href=\"http:\/\/www.youtube.com\/watch?v=crNFjEwC2yc\">pinche aqui para escuchar la canci\u00f3n <\/a>(Gregorio Barrios)<\/span><\/p>\n<p style=\"text-align: center;\"><span style=\"font-size: medium; color: #0000ff;\">E Youtube:\u00a0<a href=\"http:\/\/www.youtube.com\/watch?v=sl6je0uyDpo\">pinche aqui para escuchar la canci\u00f3n <\/a> (Los Panchos; Julito Rodriguez) <\/span><\/p>\n<p style=\"text-align: center;\"><span style=\"font-size: medium; color: #0000ff;\">Enlace Youtube:\u00a0<a href=\"http:\/\/www.youtube.com\/watch?v=LY8bbeYI-ZI\">pinche aqui para escuchar la canci\u00f3n<\/a> (Alfredo Sadel)<\/span><\/p>\n<p style=\"text-align: center;\"><span style=\"font-size: medium; color: #0000ff;\">Enlace Youtube:\u00a0<a href=\"http:\/\/www.youtube.com\/watch?v=OobKgR5r51k\">pinche aqui para escuchar la canci\u00f3n<\/a> (Victor Hugo Ayala)<\/span><\/p>\n<p style=\"text-align: center;\"><span style=\"color: #0000ff; font-size: medium;\">Enlace Youtube: <\/span><a style=\"font-size: medium;\" href=\"http:\/\/www.youtube.com\/watch?v=ujjxnwJ2K4E&amp;feature=related\">pinche aqui para escuchar la canci\u00f3n <\/a><span style=\"color: #0000ff; font-size: medium;\"> (Antonio Molina)<\/span><\/p>\n<p style=\"text-align: center;\"><span style=\"color: #ff9900;\"><span style=\"color: #ff99cc;\">Popular\u00edsimo compositor Espa\u00f1ol de tonadillas y canciones, autor de grandes \u00e9xitos musicales, naci\u00f3 en <span style=\"color: #ffcc99;\">Bilbao \u00a0en 1908<\/span>. \u00a0A el se\u00a0\u00a0debe la composici\u00f3n de canciones tan conocidas en todo el mundo como\u00a0<span style=\"color: #ffcc99;\"><em>Camino verde<\/em> y\u00a0<em>Dos cruces<\/em><\/span>, que en su momento fueron aut\u00e9nticos \u201cExitos\u201d en las inolvidables voces de cantantes tan famosos como Trio Los panchos, Trio Los Condes, Juanito Segarra, Antonio Molina, Los Bocheros, Johnny Albino y su Trio San Juan, Jos\u00e9 Feliciano, Luis Mariano, Mar\u00eda Dolores Pradera, Nati Mistral, Nana Mouskouri, Milton Nascimento y Caterina Valente, entre otros.<\/span><br \/>\n<\/span><\/p>\n<p><span style=\"color: #cc99ff; font-size: large;\">\u00a0<\/span><\/p>\n<pre><span style=\"color: #ffffff; font-size: medium;\"><span style=\"color: #cc99ff;\">Lam               Rem   MiM\r\nHoy he vuelto a pasar\r\n                 Lam\r\npor aquel camino verde\r\n                    SolM    FaM\r\nQue por el valle se pierde\r\n              MiM      Lam\r\nen mi triste soledad.\r\n\r\n                  Rem   MiM\r\nHoy he vuelto a rezar\r\n                     Lam    La7\r\na la puerta de la hermita\r\n                  Rem   MiM\r\ny pedi a tu virgencita\r\n                       LaM\r\nque yo te vuelva a encontrar.\r\n\r\n             LaM\r\nEn el camino verde\r\n                             MiM\r\ncamino verde, que va a la hermita\r\n\r\ndesde que tu te fuiste\r\n                      LaM\r\nlloran de pena las margaritas.\r\n\r\n                  LaM\r\nLa fuente se ha secado\r\n                      MiM\r\nlas azusenas estan marchitas\r\n\r\nen el camino verde\r\n                             LaM\r\ncamino verde, que va a la hermita.\r\n\r\n  Rem  MiM             LaM<\/span><\/span><\/pre>\n<pre><\/pre>\n<pre><span style=\"color: #ff00ff; font-size: medium;\">TONO D<\/span><\/pre>\n<pre><span style=\"color: #ffffff; font-size: medium;\">\r\n<span style=\"color: #cc99ff;\"><tt> D7\u00a0\u00a0\u00a0\u00a0\u00a0\u00a0\u00a0 Gm A7\u00a0\u00a0\u00a0\u00a0\u00a0\u00a0\u00a0\u00a0\u00a0\u00a0\u00a0\u00a0\u00a0\u00a0\u00a0\u00a0\u00a0 Dm<\/tt><\/span>\r\n\r\n<span style=\"color: #cc99ff;\"><tt>Hoy he\u00a0<span style=\"text-decoration: underline;\">vuel<\/span>to a pa<span style=\"text-decoration: underline;\">sar<\/span> por aquel camino\u00a0<span style=\"text-decoration: underline;\">ver<\/span>de,<\/tt><\/span>\r\n<span style=\"color: #cc99ff;\"><tt> C\u00a0\u00a0\u00a0\u00a0\u00a0\u00a0\u00a0\u00a0\u00a0\u00a0\u00a0\u00a0 Bb7\u00a0\u00a0\u00a0\u00a0\u00a0\u00a0\u00a0 A7<\/tt><\/span>\r\n<span style=\"color: #cc99ff;\"><tt>que por el valle se\u00a0<span style=\"text-decoration: underline;\">pier<\/span>de con mi\u00a0<span style=\"text-decoration: underline;\">tris<\/span>te sole<span style=\"text-decoration: underline;\">dad<\/span>.<\/tt><\/span>\r\n<span style=\"color: #cc99ff;\"><tt> D7\u00a0\u00a0\u00a0\u00a0\u00a0\u00a0\u00a0 Gm C7\u00a0\u00a0\u00a0\u00a0\u00a0\u00a0\u00a0\u00a0\u00a0\u00a0\u00a0\u00a0\u00a0\u00a0\u00a0\u00a0\u00a0\u00a0\u00a0\u00a0 F\u00a0\u00a0 D7<\/tt><\/span>\r\n<span style=\"color: #cc99ff;\"><tt>Hoy he\u00a0<span style=\"text-decoration: underline;\">vuel<\/span>to a re<span style=\"text-decoration: underline;\">zar<\/span> a la puerta de la er<span style=\"text-decoration: underline;\">mi<\/span>ta,<\/tt><\/span>\r\n<span style=\"color: #cc99ff;\"><tt> Gm\u00a0 A7\u00a0\u00a0\u00a0\u00a0\u00a0\u00a0\u00a0\u00a0\u00a0\u00a0\u00a0\u00a0\u00a0\u00a0\u00a0\u00a0\u00a0\u00a0\u00a0\u00a0\u00a0\u00a0\u00a0\u00a0\u00a0 D<\/tt><\/span>\r\n<span style=\"color: #cc99ff;\"><tt>y ped\u00ed a tu Virgen<span style=\"text-decoration: underline;\">ci<\/span>ta\u00a0 que yo te vuelva a encon<span style=\"text-decoration: underline;\">trar<\/span>.<\/tt><\/span>\r\n\r\n<span style=\"color: #cc99ff;\"><tt> D<\/tt><\/span>\r\n<span style=\"color: #cc99ff;\"><tt>En el camino\u00a0<span style=\"text-decoration: underline;\">ver<\/span>de,<\/tt><\/span>\r\n<span style=\"color: #cc99ff;\"><tt> Ebd\u00a0\u00a0\u00a0\u00a0\u00a0\u00a0\u00a0\u00a0\u00a0\u00a0\u00a0\u00a0\u00a0\u00a0\u00a0\u00a0 A7<\/tt><\/span>\r\n<span style=\"color: #cc99ff;\"><tt>camino\u00a0<span style=\"text-decoration: underline;\">ver<\/span>de que va a la er<span style=\"text-decoration: underline;\">mi<\/span>ta,<\/tt><\/span>\r\n\r\n<span style=\"color: #cc99ff;\"><tt>desde que t\u00fa te fuiste<\/tt><\/span>\r\n<span style=\"color: #cc99ff;\"><tt> D<\/tt><\/span>\r\n<span style=\"color: #cc99ff;\"><tt>lloran de pena las marga<span style=\"text-decoration: underline;\">ri<\/span>tas<\/tt><\/span>\r\n\r\n<span style=\"color: #cc99ff;\"><tt> D<\/tt><\/span>\r\n<span style=\"color: #cc99ff;\"><tt>La fuente se ha se<span style=\"text-decoration: underline;\">ca<\/span>do,<\/tt><\/span>\r\n<span style=\"color: #cc99ff;\"><tt> Ebd\u00a0\u00a0\u00a0\u00a0\u00a0\u00a0\u00a0\u00a0\u00a0 A7<\/tt><\/span>\r\n<span style=\"color: #cc99ff;\"><tt>las azucenas\u00a0 est\u00e1n mar<span style=\"text-decoration: underline;\">chi<\/span>tas,<\/tt><\/span>\r\n\r\n<span style=\"color: #cc99ff;\"><tt>en el camino verde,<\/tt><\/span>\r\n<span style=\"color: #cc99ff;\"><tt> D\u00a0\u00a0 Dm<\/tt><\/span>\r\n<span style=\"color: #cc99ff;\"><tt>camino verde que va a la er<span style=\"text-decoration: underline;\">mi<\/span>ta.<\/tt><\/span>\r\n\r\n<span style=\"color: #cc99ff;\"><tt> D7\u00a0\u00a0\u00a0\u00a0\u00a0\u00a0\u00a0 Gm A7\u00a0\u00a0\u00a0\u00a0\u00a0\u00a0\u00a0\u00a0\u00a0\u00a0\u00a0\u00a0\u00a0\u00a0\u00a0\u00a0\u00a0 Dm<\/tt><\/span>\r\n<span style=\"color: #cc99ff;\"><tt>Hoy he\u00a0<span style=\"text-decoration: underline;\">vuel<\/span>to a pa<span style=\"text-decoration: underline;\">sar<\/span> por aquel camino\u00a0<span style=\"text-decoration: underline;\">ver<\/span>de,<\/tt><\/span>\r\n<span style=\"color: #cc99ff;\"><tt> C\u00a0\u00a0 Bb7\u00a0\u00a0\u00a0\u00a0\u00a0\u00a0\u00a0\u00a0\u00a0\u00a0\u00a0\u00a0\u00a0\u00a0 A7<\/tt><\/span>\r\n<span style=\"color: #cc99ff;\"><tt>y en el recuerdo se\u00a0<span style=\"text-decoration: underline;\">pier<\/span>de\u00a0\u00a0 toda mi felici<span style=\"text-decoration: underline;\">dad<\/span>.<\/tt><\/span>\r\n<span style=\"color: #cc99ff;\"><tt> D7\u00a0\u00a0\u00a0\u00a0\u00a0\u00a0\u00a0\u00a0 Gm C7\u00a0\u00a0\u00a0\u00a0\u00a0\u00a0\u00a0\u00a0\u00a0\u00a0\u00a0\u00a0\u00a0\u00a0\u00a0\u00a0\u00a0\u00a0\u00a0\u00a0\u00a0\u00a0\u00a0\u00a0\u00a0 F\u00a0\u00a0 D7<\/tt><\/span>\r\n<span style=\"color: #cc99ff;\"><tt>Hoy he\u00a0<span style=\"text-decoration: underline;\">vuel<\/span>to a gra<span style=\"text-decoration: underline;\">bar<\/span> nuestros nombres en la en<span style=\"text-decoration: underline;\">ci<\/span>na,<\/tt><\/span>\r\n<span style=\"color: #cc99ff;\"><tt> Gm\u00a0 A7\u00a0\u00a0\u00a0\u00a0\u00a0\u00a0\u00a0\u00a0\u00a0\u00a0\u00a0\u00a0\u00a0\u00a0\u00a0\u00a0\u00a0\u00a0\u00a0\u00a0\u00a0\u00a0\u00a0\u00a0\u00a0 D<\/tt><\/span>\r\n<span style=\"color: #cc99ff;\"><tt>he subido la co<span style=\"text-decoration: underline;\">li<\/span>na\u00a0 y all\u00ed me he puesto a llo<span style=\"text-decoration: underline;\">rar<\/span>.<\/tt><\/span>\r\n\r\n<span style=\"color: #cc99ff;\"><tt>En el camino verde ...<\/tt><\/span>\r\n\r\n<span style=\"color: #cc99ff;\"><tt> Gm\u00a0\u00a0\u00a0\u00a0\u00a0 A7\u00a0\u00a0\u00a0 D<\/tt><\/span>\r\n<span style=\"color: #cc99ff;\"><tt>Ca<span style=\"text-decoration: underline;\">mi<\/span>no, ca<span style=\"text-decoration: underline;\">mi<\/span>no\u00a0<span style=\"text-decoration: underline;\">ver<\/span>de.<\/tt><\/span>\r\nCamino.........camino verde.....<\/span><\/pre>\n","protected":false},"excerpt":{"rendered":"<p>Camino \u00a0Verde \u00a0 Autor: Carmelo Larrea\u00a0(Copy 1955) Interpretan: Trio Los panchos, Trio Los Condes, Juanito Segarra, Antonio Molina, Los Bocheros, Johnny Albino y su Trio San Juan; Gregorio Barrios; Alfredo Sadel; Victor Hugo Ayala,\u00a0Juan Legido y Los Churumbeles de Espa\u00f1a;\u00a0Eydie Gorme Tuna Espa\u00f1a (Don Dudo) \u00a0 \u00a0 www.TunaEspana.com \u00a0 \u00a0www.TunaEspa\u00f1a.es Ritmo: Bolero Espa\u00f1a Enlace Youtube: [&hellip;]<\/p>\n","protected":false},"author":2,"featured_media":0,"comment_status":"open","ping_status":"open","sticky":false,"template":"","format":"standard","meta":[],"categories":[340,456,274,39,452,451,244,455,458,369,171,263],"tags":[729,742,743,4780,731,4680,724,721,722,4776,4693,739,728,726,727,760,4854,730,759,761,4779,725,757,4781,744,733,734,752,732,737,738,753,754,4698,4725,758,723,747,748,745,746,736,741],"_links":{"self":[{"href":"https:\/\/www.tunaespana.es\/index.php?rest_route=\/wp\/v2\/posts\/1856"}],"collection":[{"href":"https:\/\/www.tunaespana.es\/index.php?rest_route=\/wp\/v2\/posts"}],"about":[{"href":"https:\/\/www.tunaespana.es\/index.php?rest_route=\/wp\/v2\/types\/post"}],"author":[{"embeddable":true,"href":"https:\/\/www.tunaespana.es\/index.php?rest_route=\/wp\/v2\/users\/2"}],"replies":[{"embeddable":true,"href":"https:\/\/www.tunaespana.es\/index.php?rest_route=%2Fwp%2Fv2%2Fcomments&post=1856"}],"version-history":[{"count":15,"href":"https:\/\/www.tunaespana.es\/index.php?rest_route=\/wp\/v2\/posts\/1856\/revisions"}],"predecessor-version":[{"id":38182,"href":"https:\/\/www.tunaespana.es\/index.php?rest_route=\/wp\/v2\/posts\/1856\/revisions\/38182"}],"wp:attachment":[{"href":"https:\/\/www.tunaespana.es\/index.php?rest_route=%2Fwp%2Fv2%2Fmedia&parent=1856"}],"wp:term":[{"taxonomy":"category","embeddable":true,"href":"https:\/\/www.tunaespana.es\/index.php?rest_route=%2Fwp%2Fv2%2Fcategories&post=1856"},{"taxonomy":"post_tag","embeddable":true,"href":"https:\/\/www.tunaespana.es\/index.php?rest_route=%2Fwp%2Fv2%2Ftags&post=1856"}],"curies":[{"name":"wp","href":"https:\/\/api.w.org\/{rel}","templated":true}]}}