{"id":18683,"date":"2013-07-29T17:05:04","date_gmt":"2013-07-29T17:05:04","guid":{"rendered":"http:\/\/www.tunaespana.es\/?p=18683"},"modified":"2013-07-29T17:05:04","modified_gmt":"2013-07-29T17:05:04","slug":"me-duele-el-corazon-acorde-guitarra-letra-tablatura-cancionero-tuna","status":"publish","type":"post","link":"https:\/\/www.tunaespana.es\/?p=18683","title":{"rendered":"Me duele el corazon (Acorde guitarra) (Letra Tablatura) cancionero Tuna"},"content":{"rendered":"<p align=\"CENTER\"><span style=\"color: #000000;\"><span style=\"font-family: Georgia,Times New Roman,Bitstream Charter,Times,serif;\"><span style=\"font-size: small;\">.<\/span><\/span><\/span><\/p>\n<p align=\"CENTER\"><span style=\"color: #ff3366;\"><span style=\"font-family: Georgia,Times New Roman,Bitstream Charter,Times,serif;\"><span style=\"font-size: xx-large;\">Me duele el coraz\u00f3n<\/span><\/span><\/span><\/p>\n<p align=\"CENTER\"><span style=\"color: #000000;\"><span style=\"font-family: Georgia,Times New Roman,Bitstream Charter,Times,serif;\"><span style=\"font-size: medium;\">.<\/span><\/span><\/span><\/p>\n<p align=\"CENTER\"><span style=\"color: #ffff00;\"><span style=\"font-family: Georgia,Times New Roman,Bitstream Charter,Times,serif;\"><span style=\"font-size: medium;\">Autor: <\/span><\/span><\/span><\/p>\n<p align=\"CENTER\"><span style=\"color: #0000ff;\">Interpretan: Julio Jaramillo<\/span><\/p>\n<p align=\"CENTER\"><span style=\"color: #23ff23;\"><span style=\"font-family: Georgia,Times New Roman,Bitstream Charter,Times,serif;\"><span style=\"font-size: medium;\"><span style=\"color: #00ff00;\">TunaEspa\u00f1a (Don Dudo) www.TunaEspa\u00f1a.es \u00a0 <\/span><a href=\"http:\/\/www.TunaEspana.com\/\">www.TunaEspana.com<\/a><\/span><\/span><\/span><\/p>\n<p align=\"CENTER\"><span style=\"color: #ff00ff;\"><span style=\"font-family: Georgia,Times New Roman,Bitstream Charter,Times,serif;\"><span style=\"font-size: medium;\">Ritmo: Vals<br \/>\n<\/span><\/span><\/span><\/p>\n<p align=\"CENTER\"><span style=\"color: #0000ff;\"><span style=\"font-family: Georgia,Times New Roman,Bitstream Charter,Times,serif;\"><span style=\"font-size: medium;\">Enlace Youtube : <a href=\"http:\/\/www.youtube.com\/watch?v=3YCCQpRPhOQ\">Pinche aqui para escuchar la cancion<\/a><br \/>\n<\/span><\/span><\/span><\/p>\n<p align=\"CENTER\"><a href=\"http:\/\/www.tunaespana.es\/wp-content\/uploads\/2013\/07\/Tunas-Universitarias-Tunas-y-Estudiantinas-Tuna-Espa\u00f1a-Viena-Palacio-Imperial-Don-Notario.jpg\"><img decoding=\"async\" loading=\"lazy\" class=\"aligncenter size-full wp-image-18685\" alt=\"Tunas Universitarias, Tunas y Estudiantinas, Tuna Espa\u00f1a Viena Palacio Imperial,  Don Notario\" src=\"http:\/\/www.tunaespana.es\/wp-content\/uploads\/2013\/07\/Tunas-Universitarias-Tunas-y-Estudiantinas-Tuna-Espa\u00f1a-Viena-Palacio-Imperial-Don-Notario.jpg\" width=\"504\" height=\"337\" srcset=\"https:\/\/www.tunaespana.es\/wp-content\/uploads\/2013\/07\/Tunas-Universitarias-Tunas-y-Estudiantinas-Tuna-Espa\u00f1a-Viena-Palacio-Imperial-Don-Notario.jpg 504w, https:\/\/www.tunaespana.es\/wp-content\/uploads\/2013\/07\/Tunas-Universitarias-Tunas-y-Estudiantinas-Tuna-Espa\u00f1a-Viena-Palacio-Imperial-Don-Notario-300x200.jpg 300w\" sizes=\"(max-width: 504px) 100vw, 504px\" \/><\/a><\/p>\n<p align=\"CENTER\">\n<pre>Intro: <a>MI<\/a>\r\n\r\n       <a>MI<\/a>       <a>SI7<\/a>             <a>MI<\/a>\r\nA) Me duele corazon con tal violencia\r\n       <a>SOL<\/a>          <a>RE7<\/a>        <a>SOL<\/a> \r\n   me duele que no puedo respirar\r\n      <a>SI7<\/a>              <a>MI<\/a>             <a>SOL<\/a> \r\n  (No se que pasara con este gran dolor,\r\n      <a>SI7<\/a>                    <a>MI<\/a>\r\n   de noche no me deja descansar, pobre de mi)(Bis)\r\n             <a>RE7<\/a>                <a>SOL<\/a>\r\nB) Donde estan mis amigos no los veo\r\n             <a>RE7<\/a>                  <a>SOL<\/a>\r\n   donde estan mis hermanos no los hallo\r\n      <a>SI7<\/a>                 <a>MI<\/a>     \r\n  (Solito he de sufrir, solito he de llorar,\r\n      <a>SI7<\/a>                   <a>MI<\/a>\r\n   solito yo me tengo que acabar)(Bis)\r\n\r\nA) Delante de la virgen me arrodillo\r\n   le pido que no me haga sufrir mas\r\n  (que me haga ese favor, no hacerme padecer,\r\n   sino hasta la razon voy a perder, pobre de mi)(Bis)\r\n\r\nSe Repite: B una vez<\/pre>\n","protected":false},"excerpt":{"rendered":"<p>. Me duele el coraz\u00f3n . Autor: Interpretan: Julio Jaramillo TunaEspa\u00f1a (Don Dudo) www.TunaEspa\u00f1a.es \u00a0 www.TunaEspana.com Ritmo: Vals Enlace Youtube : Pinche aqui para escuchar la cancion Intro: MI MI SI7 MI A) Me duele corazon con tal violencia SOL RE7 SOL me duele que no puedo respirar SI7 MI SOL (No se que pasara [&hellip;]<\/p>\n","protected":false},"author":2,"featured_media":0,"comment_status":"closed","ping_status":"closed","sticky":false,"template":"","format":"standard","meta":[],"categories":[29,263],"tags":[4815,1853],"_links":{"self":[{"href":"https:\/\/www.tunaespana.es\/index.php?rest_route=\/wp\/v2\/posts\/18683"}],"collection":[{"href":"https:\/\/www.tunaespana.es\/index.php?rest_route=\/wp\/v2\/posts"}],"about":[{"href":"https:\/\/www.tunaespana.es\/index.php?rest_route=\/wp\/v2\/types\/post"}],"author":[{"embeddable":true,"href":"https:\/\/www.tunaespana.es\/index.php?rest_route=\/wp\/v2\/users\/2"}],"replies":[{"embeddable":true,"href":"https:\/\/www.tunaespana.es\/index.php?rest_route=%2Fwp%2Fv2%2Fcomments&post=18683"}],"version-history":[{"count":1,"href":"https:\/\/www.tunaespana.es\/index.php?rest_route=\/wp\/v2\/posts\/18683\/revisions"}],"predecessor-version":[{"id":18686,"href":"https:\/\/www.tunaespana.es\/index.php?rest_route=\/wp\/v2\/posts\/18683\/revisions\/18686"}],"wp:attachment":[{"href":"https:\/\/www.tunaespana.es\/index.php?rest_route=%2Fwp%2Fv2%2Fmedia&parent=18683"}],"wp:term":[{"taxonomy":"category","embeddable":true,"href":"https:\/\/www.tunaespana.es\/index.php?rest_route=%2Fwp%2Fv2%2Fcategories&post=18683"},{"taxonomy":"post_tag","embeddable":true,"href":"https:\/\/www.tunaespana.es\/index.php?rest_route=%2Fwp%2Fv2%2Ftags&post=18683"}],"curies":[{"name":"wp","href":"https:\/\/api.w.org\/{rel}","templated":true}]}}