{"id":18723,"date":"2013-08-03T06:32:57","date_gmt":"2013-08-03T06:32:57","guid":{"rendered":"http:\/\/www.tunaespana.es\/?p=18723"},"modified":"2013-08-03T06:32:57","modified_gmt":"2013-08-03T06:32:57","slug":"pobre-novia-mia-acorde-guitarra-letra-tablatura-cancionero-tuna","status":"publish","type":"post","link":"https:\/\/www.tunaespana.es\/?p=18723","title":{"rendered":"Pobre novia m\u00eda (Acorde guitarra) (Letra Tablatura) cancionero Tuna"},"content":{"rendered":"<p align=\"CENTER\"><span style=\"color: #000000;\"><span style=\"font-family: Georgia,Times New Roman,Bitstream Charter,Times,serif;\"><span style=\"font-size: small;\">.<\/span><\/span><\/span><\/p>\n<p align=\"CENTER\"><span style=\"font-size: 28px; color: #ff0000;\"><strong><span style=\"font-family: Georgia,Times New Roman,Bitstream Charter,Times,serif;\">Pobre novia m\u00eda<\/span><\/strong><\/span><\/p>\n<p align=\"CENTER\"><span style=\"color: #ffff00;\"><span style=\"font-family: Georgia,Times New Roman,Bitstream Charter,Times,serif;\"><span style=\"font-size: medium;\">Autor: <\/span><\/span><\/span><\/p>\n<p align=\"CENTER\"><span style=\"color: #0000ff;\">Interpretan: Julio Jaramillo, Olimpo Cardenas<br \/>\n<\/span><\/p>\n<p align=\"CENTER\"><span style=\"color: #23ff23;\"><span style=\"font-family: Georgia,Times New Roman,Bitstream Charter,Times,serif;\"><span style=\"font-size: medium;\"><span style=\"color: #00ff00;\">TunaEspa\u00f1a (Don Dudo) www.TunaEspa\u00f1a.es \u00a0 <\/span><a href=\"http:\/\/www.TunaEspana.com\/\">www.TunaEspana.com<\/a><\/span><\/span><\/span><\/p>\n<p align=\"CENTER\"><span style=\"color: #ff00ff;\"><span style=\"font-family: Georgia,Times New Roman,Bitstream Charter,Times,serif;\"><span style=\"font-size: medium;\">Ritmo: Pasillo<\/span><\/span><\/span><\/p>\n<p align=\"CENTER\"><span style=\"color: #0000ff;\"><span style=\"font-family: Georgia,Times New Roman,Bitstream Charter,Times,serif;\"><span style=\"font-size: medium;\">Enlace Youtube : <a href=\"http:\/\/www.youtube.com\/watch?v=u4GMtuXON5U\">Pinche aqui para escuchar la cancion<\/a><br \/>\n<\/span><\/span><\/span><\/p>\n<p align=\"CENTER\">\n<p align=\"CENTER\"><a href=\"http:\/\/www.tunaespana.es\/wp-content\/uploads\/2013\/08\/Tunas-Universitarias-Tunas-y-Estudiantinas-Tuna-Espa\u00f1a-Certamen-Internacional-Tunas-Tunos.jpg\"><img decoding=\"async\" loading=\"lazy\" class=\"aligncenter size-full wp-image-18717\" alt=\"Tunas Universitarias, Tunas y Estudiantinas, Tuna Espa\u00f1a ,Certamen Internacional Tunas, Tunos\" src=\"http:\/\/www.tunaespana.es\/wp-content\/uploads\/2013\/08\/Tunas-Universitarias-Tunas-y-Estudiantinas-Tuna-Espa\u00f1a-Certamen-Internacional-Tunas-Tunos.jpg\" width=\"495\" height=\"371\" srcset=\"https:\/\/www.tunaespana.es\/wp-content\/uploads\/2013\/08\/Tunas-Universitarias-Tunas-y-Estudiantinas-Tuna-Espa\u00f1a-Certamen-Internacional-Tunas-Tunos.jpg 495w, https:\/\/www.tunaespana.es\/wp-content\/uploads\/2013\/08\/Tunas-Universitarias-Tunas-y-Estudiantinas-Tuna-Espa\u00f1a-Certamen-Internacional-Tunas-Tunos-300x224.jpg 300w\" sizes=\"(max-width: 495px) 100vw, 495px\" \/><\/a><\/p>\n<p align=\"CENTER\">\n<pre>(1)\r\n      <a>Am<\/a>     <a>E<\/a>       <a>Am<\/a>          <a>E<\/a>\r\nYo no puedo cantar si no la veo\r\n   <a>Am<\/a>       <a>F<\/a>               <a>E<\/a>\r\nsu recuerdo me parte el coraz\u00f3n\r\n<a>E<\/a>\r\nel recuerdo de esas horas tan felices\r\n                             <a>Am<\/a>\r\nque pasaba junto a ella en su balc\u00f3n\r\n\r\n(2)\r\n      <a>Am<\/a>        <a>E<\/a>                <a>Am<\/a>   <a>E<\/a>\r\nPobre novia, yo pensaba verla un d\u00eda\r\n<a>Am<\/a>            <a>A7<\/a>               <a>Dm<\/a>\r\nadorada en mi brazos como a un dios\r\n                             <a>Am<\/a>\r\npero Dios la quiso mas y una noche\r\n<a>E<\/a>                      <a>Am<\/a>\r\nUna noche sin novia me dejo\r\n\r\nCORO:\r\n  <a>E<\/a>      <a>Am<\/a>      <a>E<\/a>                <a>Am<\/a>\r\nMar\u00eda, Mar\u00eda, tus ojos me vuelven loco\r\n    <a>Dm<\/a>     <a>Am<\/a>     <a>F<\/a>                        <a>E<\/a> (Pausa)\r\ntus labios Mar\u00eda, rojos, como un clavel en flor\r\n  <a>E<\/a>      <a>Am<\/a>      <a>E<\/a>                <a>Am<\/a>\r\nMar\u00eda, Mar\u00eda, porque no te asomas ya\r\n    <a>Dm<\/a>       <a>Am<\/a>          <a>E<\/a>           <a>Am<\/a>\r\nque cruel el destino, dejarme sin tu querer\r\n\r\n(1)\r\nAlg\u00fan d\u00eda, volveremos a encontrarnos\r\nnovia m\u00eda tu no has muerto para mi\r\nyo te veo d\u00eda y noche en todas partes\r\nme parece estar siempre junto a mi\r\n\r\n(2)\r\nTu ventana sique siendo mi atractivo\r\nel lugar donde un d\u00eda te bese\r\nel lugar de aquellas horas tan felices\r\nel lugar que nunca olvidare\r\n\r\nCoro:\u2026<\/pre>\n","protected":false},"excerpt":{"rendered":"<p>. Pobre novia m\u00eda Autor: Interpretan: Julio Jaramillo, Olimpo Cardenas TunaEspa\u00f1a (Don Dudo) www.TunaEspa\u00f1a.es \u00a0 www.TunaEspana.com Ritmo: Pasillo Enlace Youtube : Pinche aqui para escuchar la cancion (1) Am E Am E Yo no puedo cantar si no la veo Am F E su recuerdo me parte el coraz\u00f3n E el recuerdo de esas horas [&hellip;]<\/p>\n","protected":false},"author":2,"featured_media":0,"comment_status":"closed","ping_status":"closed","sticky":false,"template":"","format":"standard","meta":[],"categories":[25,263],"tags":[4815,4653],"_links":{"self":[{"href":"https:\/\/www.tunaespana.es\/index.php?rest_route=\/wp\/v2\/posts\/18723"}],"collection":[{"href":"https:\/\/www.tunaespana.es\/index.php?rest_route=\/wp\/v2\/posts"}],"about":[{"href":"https:\/\/www.tunaespana.es\/index.php?rest_route=\/wp\/v2\/types\/post"}],"author":[{"embeddable":true,"href":"https:\/\/www.tunaespana.es\/index.php?rest_route=\/wp\/v2\/users\/2"}],"replies":[{"embeddable":true,"href":"https:\/\/www.tunaespana.es\/index.php?rest_route=%2Fwp%2Fv2%2Fcomments&post=18723"}],"version-history":[{"count":1,"href":"https:\/\/www.tunaespana.es\/index.php?rest_route=\/wp\/v2\/posts\/18723\/revisions"}],"predecessor-version":[{"id":18724,"href":"https:\/\/www.tunaespana.es\/index.php?rest_route=\/wp\/v2\/posts\/18723\/revisions\/18724"}],"wp:attachment":[{"href":"https:\/\/www.tunaespana.es\/index.php?rest_route=%2Fwp%2Fv2%2Fmedia&parent=18723"}],"wp:term":[{"taxonomy":"category","embeddable":true,"href":"https:\/\/www.tunaespana.es\/index.php?rest_route=%2Fwp%2Fv2%2Fcategories&post=18723"},{"taxonomy":"post_tag","embeddable":true,"href":"https:\/\/www.tunaespana.es\/index.php?rest_route=%2Fwp%2Fv2%2Ftags&post=18723"}],"curies":[{"name":"wp","href":"https:\/\/api.w.org\/{rel}","templated":true}]}}