{"id":18781,"date":"2013-08-05T07:19:08","date_gmt":"2013-08-05T07:19:08","guid":{"rendered":"http:\/\/www.tunaespana.es\/?p=18781"},"modified":"2013-08-05T07:19:08","modified_gmt":"2013-08-05T07:19:08","slug":"vibora-acorde-guitarra-letra-tablatura-cancionero-tuna","status":"publish","type":"post","link":"https:\/\/www.tunaespana.es\/?p=18781","title":{"rendered":"Vibora (Acorde guitarra) (Letra Tablatura) cancionero Tuna"},"content":{"rendered":"<p align=\"CENTER\"><span style=\"color: #000000;\"><span style=\"font-family: Georgia,Times New Roman,Bitstream Charter,Times,serif;\"><span style=\"font-size: small;\">.<\/span><\/span><\/span><\/p>\n<p align=\"CENTER\"><span style=\"color: #ff3366;\"><span style=\"font-family: Georgia,Times New Roman,Bitstream Charter,Times,serif;\"><span style=\"font-size: xx-large;\">V\u00edbora<\/span><\/span><\/span><\/p>\n<p align=\"CENTER\"><span style=\"color: #000000;\"><span style=\"font-family: Georgia,Times New Roman,Bitstream Charter,Times,serif;\"><span style=\"font-size: medium;\">.<\/span><\/span><\/span><\/p>\n<p align=\"CENTER\"><span style=\"color: #ffff00;\"><span style=\"font-family: Georgia,Times New Roman,Bitstream Charter,Times,serif;\"><span style=\"font-size: medium;\">Autor: <\/span><\/span><\/span><\/p>\n<p align=\"CENTER\"><span style=\"color: #0000ff;\">Interpretan: Julio Jaramillo<\/span><\/p>\n<p align=\"CENTER\"><span style=\"color: #23ff23;\"><span style=\"font-family: Georgia,Times New Roman,Bitstream Charter,Times,serif;\"><span style=\"font-size: medium;\"><span style=\"color: #00ff00;\">TunaEspa\u00f1a (Don Dudo) www.TunaEspa\u00f1a.es \u00a0 <\/span><a href=\"http:\/\/www.TunaEspana.com\/\">www.TunaEspana.com<\/a><\/span><\/span><\/span><\/p>\n<p align=\"CENTER\"><span style=\"color: #ff00ff;\"><span style=\"font-family: Georgia,Times New Roman,Bitstream Charter,Times,serif;\"><span style=\"font-size: medium;\">Ritmo: Vals<\/span><\/span><\/span><\/p>\n<p align=\"CENTER\"><span style=\"color: #0000ff;\"><span style=\"font-family: Georgia,Times New Roman,Bitstream Charter,Times,serif;\"><span style=\"font-size: medium;\"><span style=\"color: #3366ff;\">Enlace Youtube : <a href=\"http:\/\/www.youtube.com\/watch?v=jK6dR6m1qzI\"><span style=\"color: #3366ff;\">Pincha aqui para escuchar la cancion<\/span><\/a><\/span><br \/>\n<\/span><\/span><\/span><\/p>\n<p align=\"CENTER\"><a href=\"http:\/\/www.tunaespana.es\/wp-content\/uploads\/2013\/07\/Tunas-Universitarias-Tunas-estudiantinas-Tuna-Espa\u00f1a-v.jpg\"><img decoding=\"async\" loading=\"lazy\" class=\"aligncenter size-full wp-image-18563\" alt=\"Tunas Universitarias, Tunas estudiantinas, Tuna Espa\u00f1a v\" src=\"http:\/\/www.tunaespana.es\/wp-content\/uploads\/2013\/07\/Tunas-Universitarias-Tunas-estudiantinas-Tuna-Espa\u00f1a-v.jpg\" width=\"659\" height=\"420\" srcset=\"https:\/\/www.tunaespana.es\/wp-content\/uploads\/2013\/07\/Tunas-Universitarias-Tunas-estudiantinas-Tuna-Espa\u00f1a-v.jpg 659w, https:\/\/www.tunaespana.es\/wp-content\/uploads\/2013\/07\/Tunas-Universitarias-Tunas-estudiantinas-Tuna-Espa\u00f1a-v-300x191.jpg 300w\" sizes=\"(max-width: 659px) 100vw, 659px\" \/><\/a><\/p>\n<p align=\"CENTER\">\n<pre><a>LAm<\/a>                                      <a>MI7<\/a>\r\nyo se que as de vivir pensando en la maldad\r\n                <a>LAm<\/a>\r\nque conmigo cometiste\r\n                <a>LA7<\/a>                                  <a>REm<\/a>\r\nese da\u00f1o tan cruel que me hiciste mujer no lo perdonare\r\n                                 <a>LAm<\/a>\r\nme culpaste de algo que nunca cometi\r\n                <a>MI7<\/a>                               <a>LAm<\/a>\r\nese remordimiento no deja un momento que vivas en paz\r\n               <a>REm<\/a>               <a>LAm<\/a>\r\nme culpaste de algo que nunca cometi\r\n                <a>MI7<\/a>                               <a>LAm<\/a>\r\nese remordimiento no deja un momento que vivas en paz\r\n\r\nprecoro\r\n                <a>REm<\/a>                     <a>LAm<\/a>\r\nlamento haberte amado despresio aquel cari\u00f1o\r\n                <a>MI7<\/a>                  <a>LAm<\/a>\r\ny maldigo el momento en que te conociiii\r\n\r\ncoro\r\n<a>REm<\/a>                      <a>LAm<\/a>\r\nvibora ese nombre te an puesto\r\n                 <a>MI7<\/a>                 <a>LAm<\/a>\r\nporq en el alma llevas el veneno mortaaalll\r\n<a>REm<\/a>                      <a>LAm<\/a>\r\nvibora ese nombre te an puesto\r\n                 <a>MI7<\/a>                <a>DO<\/a>          <a>MI7<\/a>         <a>LAm<\/a>\r\nporq en el alma llevas el veneno mortal de la calumnia y la maldad\r\n\r\n<a>LAm<\/a> - <a>MI7<\/a> - <a>REm<\/a>\r\n\r\nprecoro\r\n                <a>REm<\/a>                     <a>LAm<\/a>\r\nlamento haberte amado despresio aquel cari\u00f1o\r\n                <a>MI7<\/a>                  <a>LAm<\/a>\r\ny maldigo el momento en que te conociiii\r\n\r\ncoro\r\n<a>REm<\/a>                      <a>LAm<\/a>\r\nvibora ese nombre te an puesto\r\n                 <a>MI7<\/a>                 <a>LAm<\/a>\r\nporq en el alma llevas el veneno mortaaalll\r\n<a>REm<\/a>                      <a>LAm<\/a>\r\nvibora ese nombre te an puesto\r\n                 <a>MI7<\/a>                <a>DO<\/a>          <a>MI7<\/a>         <a>LAm<\/a>\r\nporq en el alma llevas el veneno mortal de la calumnia y la maldad<\/pre>\n","protected":false},"excerpt":{"rendered":"<p>. V\u00edbora . Autor: Interpretan: Julio Jaramillo TunaEspa\u00f1a (Don Dudo) www.TunaEspa\u00f1a.es \u00a0 www.TunaEspana.com Ritmo: Vals Enlace Youtube : Pincha aqui para escuchar la cancion LAm MI7 yo se que as de vivir pensando en la maldad LAm que conmigo cometiste LA7 REm ese da\u00f1o tan cruel que me hiciste mujer no lo perdonare LAm me [&hellip;]<\/p>\n","protected":false},"author":2,"featured_media":0,"comment_status":"closed","ping_status":"closed","sticky":false,"template":"","format":"standard","meta":[],"categories":[263,19],"tags":[4815],"_links":{"self":[{"href":"https:\/\/www.tunaespana.es\/index.php?rest_route=\/wp\/v2\/posts\/18781"}],"collection":[{"href":"https:\/\/www.tunaespana.es\/index.php?rest_route=\/wp\/v2\/posts"}],"about":[{"href":"https:\/\/www.tunaespana.es\/index.php?rest_route=\/wp\/v2\/types\/post"}],"author":[{"embeddable":true,"href":"https:\/\/www.tunaespana.es\/index.php?rest_route=\/wp\/v2\/users\/2"}],"replies":[{"embeddable":true,"href":"https:\/\/www.tunaespana.es\/index.php?rest_route=%2Fwp%2Fv2%2Fcomments&post=18781"}],"version-history":[{"count":2,"href":"https:\/\/www.tunaespana.es\/index.php?rest_route=\/wp\/v2\/posts\/18781\/revisions"}],"predecessor-version":[{"id":18783,"href":"https:\/\/www.tunaespana.es\/index.php?rest_route=\/wp\/v2\/posts\/18781\/revisions\/18783"}],"wp:attachment":[{"href":"https:\/\/www.tunaespana.es\/index.php?rest_route=%2Fwp%2Fv2%2Fmedia&parent=18781"}],"wp:term":[{"taxonomy":"category","embeddable":true,"href":"https:\/\/www.tunaespana.es\/index.php?rest_route=%2Fwp%2Fv2%2Fcategories&post=18781"},{"taxonomy":"post_tag","embeddable":true,"href":"https:\/\/www.tunaespana.es\/index.php?rest_route=%2Fwp%2Fv2%2Ftags&post=18781"}],"curies":[{"name":"wp","href":"https:\/\/api.w.org\/{rel}","templated":true}]}}