{"id":18887,"date":"2013-08-07T15:51:36","date_gmt":"2013-08-07T15:51:36","guid":{"rendered":"http:\/\/www.tunaespana.es\/?p=18887"},"modified":"2013-08-07T15:53:18","modified_gmt":"2013-08-07T15:53:18","slug":"imaginate-abertzale-acorde-guitarra-letra-tablatura-cancionero-tuna-carnaval-de-cadiz","status":"publish","type":"post","link":"https:\/\/www.tunaespana.es\/?p=18887","title":{"rendered":"Imaginate abertzale (Acorde guitarra) (Letra Tablatura) cancionero Tuna, Carnaval de Cadiz"},"content":{"rendered":"<p align=\"CENTER\"><span style=\"color: #000000;\"><span style=\"font-family: Georgia,Times New Roman,Bitstream Charter,Times,serif;\"><span style=\"font-size: small;\">.<\/span><\/span><\/span><\/p>\n<p align=\"CENTER\"><span style=\"color: #ff3366;\"><span style=\"font-family: Georgia,Times New Roman,Bitstream Charter,Times,serif;\"><span style=\"font-size: xx-large;\">Imag\u00ednate abertzale<\/span><\/span><\/span><\/p>\n<p align=\"CENTER\"><span style=\"color: #000000;\"><span style=\"font-family: Georgia,Times New Roman,Bitstream Charter,Times,serif;\"><span style=\"font-size: medium;\">.<\/span><\/span><\/span><\/p>\n<p align=\"CENTER\"><span style=\"color: #ffff00;\"><span style=\"font-family: Georgia,Times New Roman,Bitstream Charter,Times,serif;\"><span style=\"font-size: medium;\">Autor: Juan Carlos Arag\u00f3n Becerra<\/span><\/span><\/span><\/p>\n<p align=\"CENTER\"><span style=\"color: #0000ff;\">Interpretan: Comparsa Los Condenados (2001)<br \/>\n<\/span><\/p>\n<p align=\"CENTER\"><span style=\"color: #23ff23;\"><span style=\"font-family: Georgia,Times New Roman,Bitstream Charter,Times,serif;\"><span style=\"font-size: medium;\"><span style=\"color: #00ff00;\">TunaEspa\u00f1a (Don Dudo) www.TunaEspa\u00f1a.es \u00a0 <\/span><a href=\"http:\/\/www.TunaEspana.com\/\">www.TunaEspana.com<\/a><\/span><\/span><\/span><\/p>\n<p align=\"CENTER\"><span style=\"color: #ff00ff;\"><span style=\"font-family: Georgia,Times New Roman,Bitstream Charter,Times,serif;\"><span style=\"font-size: medium;\">Ritmo: Pasodoble<\/span><\/span><\/span><\/p>\n<p align=\"CENTER\"><span style=\"color: #0000ff;\"><span style=\"font-family: Georgia,Times New Roman,Bitstream Charter,Times,serif;\"><span style=\"font-size: medium;\"><span style=\"color: #0000ff;\">Enlace Youtube : <a href=\"http:\/\/www.youtube.com\/watch?v=3w7a1Srblfw\"><span style=\"color: #0000ff;\">Pinche aqui para escuchar la chirigota<\/span><\/a><\/span><br \/>\n<\/span><\/span><\/span><\/p>\n<p align=\"CENTER\"><span style=\"color: #0000ff;\"><span style=\"font-family: Georgia,Times New Roman,Bitstream Charter,Times,serif;\"><span style=\"font-size: medium;\">\u00a0<\/span><\/span><\/span><\/p>\n<p align=\"CENTER\"><a href=\"http:\/\/www.tunaespana.es\/wp-content\/uploads\/2013\/07\/Tunas-Universitarias-Tunas-estudiantinas.jpg\"><img decoding=\"async\" loading=\"lazy\" class=\"aligncenter size-full wp-image-18553\" alt=\"Tunas Universitarias, Tunas estudiantinas\" src=\"http:\/\/www.tunaespana.es\/wp-content\/uploads\/2013\/07\/Tunas-Universitarias-Tunas-estudiantinas.jpg\" width=\"600\" height=\"539\" srcset=\"https:\/\/www.tunaespana.es\/wp-content\/uploads\/2013\/07\/Tunas-Universitarias-Tunas-estudiantinas.jpg 600w, https:\/\/www.tunaespana.es\/wp-content\/uploads\/2013\/07\/Tunas-Universitarias-Tunas-estudiantinas-300x269.jpg 300w\" sizes=\"(max-width: 600px) 100vw, 600px\" \/><\/a><\/p>\n<pre>           <a>FA*<\/a>              <a>MI7*<\/a>        <a>LAm<\/a>\r\nImag\u00ednate abertzale que en nombre de Andaluc\u00eda\r\n                         <a>LA7<\/a>              <a>REm<\/a>\r\nYo me rompo la camisa y excusa de nuestra raza\r\n                   <a>MI7<\/a>                   <a>LAm<\/a>\r\nY me cuelo con dos m\u00e1s gritando viva la alegr\u00eda\r\n               <a>FA<\/a>                          <a>MI7<\/a>\r\nY disparo sin piedad contra el patio de tu casa\r\n<a>LAm<\/a>                  <a>MI7<\/a>                    <a>LAm<\/a>\r\nImag\u00ednate que est\u00e1n durmiendo tus benditos inocentes\r\n<a>DO<\/a>                                  <a>SOL7<\/a>          <a>DO<\/a>\r\nImag\u00ednate que se despiertan con dos cruces en la frente\r\n<a>SOL<\/a>\r\nYa no tienen padre que les cuente las batallas del abuelo\r\n<a>FA<\/a>\r\nYa no tienen madre que les abrace y ojal\u00e1 que exista el\r\n <a>MI7<\/a>\r\ncielo\r\n<a>LAm<\/a>             <a>SOL<\/a>               <a>FA<\/a>\r\nVascos s\u00ed, y ETA no, mierda a los dos\r\n            <a>MI<\/a>     <a>LAm<\/a>       <a>DO<\/a>     <a>SOL<\/a>\r\nVa por mi tierra Andaluc\u00eda, uhhh, Andaluc\u00eda.....\r\n                      <a>DO<\/a>              <a>SOL7<\/a>    <a>DO<\/a>\r\nYo tambi\u00e9n tengo una gente de sangre roja y caliente\r\n      <a>SOL7<\/a>        <a>REm<\/a>\r\nYo tambi\u00e9n tengo bandera\r\n                      <a>SOL<\/a>                    <a>REm<\/a>\r\nYo tambi\u00e9n tengo una historia que perdon\u00e9 de memoria\r\n         <a>SOL7<\/a>      <a>DO<\/a>\r\nPa que m\u00e1s nadie muriera\r\n                                 <a>SOL7<\/a>   <a>DO<\/a>\r\nY en cambio tu mal nac\u00edo del odio m\u00e1s resent\u00edo\r\n                <a>FA<\/a>\r\nM\u00e1s malo y m\u00e1s pu\u00f1etero\r\n                  <a>DO<\/a>                         <a>SOL<\/a>\r\nHas hecho que me desate y aunque no vaya al combate\r\n                   <a>DO<\/a>\r\nMe sobran ganas y quiero\r\n<a>FA<\/a>       <a>SOL7<\/a>     <a>DO<\/a>                      <a>SOL<\/a>\r\nY quiero tu independencia porque eres la verg\u00fcenza\r\n    <a>SOL7<\/a>       <a>DO<\/a>\r\nDe un pueblo entero<\/pre>\n","protected":false},"excerpt":{"rendered":"<p>. Imag\u00ednate abertzale . Autor: Juan Carlos Arag\u00f3n Becerra Interpretan: Comparsa Los Condenados (2001) TunaEspa\u00f1a (Don Dudo) www.TunaEspa\u00f1a.es \u00a0 www.TunaEspana.com Ritmo: Pasodoble Enlace Youtube : Pinche aqui para escuchar la chirigota \u00a0 FA* MI7* LAm Imag\u00ednate abertzale que en nombre de Andaluc\u00eda LA7 REm Yo me rompo la camisa y excusa de nuestra raza MI7 [&hellip;]<\/p>\n","protected":false},"author":2,"featured_media":0,"comment_status":"closed","ping_status":"closed","sticky":false,"template":"","format":"standard","meta":[],"categories":[33,263],"tags":[1881,1901,1903,1925,1900,1926,1927,860],"_links":{"self":[{"href":"https:\/\/www.tunaespana.es\/index.php?rest_route=\/wp\/v2\/posts\/18887"}],"collection":[{"href":"https:\/\/www.tunaespana.es\/index.php?rest_route=\/wp\/v2\/posts"}],"about":[{"href":"https:\/\/www.tunaespana.es\/index.php?rest_route=\/wp\/v2\/types\/post"}],"author":[{"embeddable":true,"href":"https:\/\/www.tunaespana.es\/index.php?rest_route=\/wp\/v2\/users\/2"}],"replies":[{"embeddable":true,"href":"https:\/\/www.tunaespana.es\/index.php?rest_route=%2Fwp%2Fv2%2Fcomments&post=18887"}],"version-history":[{"count":2,"href":"https:\/\/www.tunaespana.es\/index.php?rest_route=\/wp\/v2\/posts\/18887\/revisions"}],"predecessor-version":[{"id":18889,"href":"https:\/\/www.tunaespana.es\/index.php?rest_route=\/wp\/v2\/posts\/18887\/revisions\/18889"}],"wp:attachment":[{"href":"https:\/\/www.tunaespana.es\/index.php?rest_route=%2Fwp%2Fv2%2Fmedia&parent=18887"}],"wp:term":[{"taxonomy":"category","embeddable":true,"href":"https:\/\/www.tunaespana.es\/index.php?rest_route=%2Fwp%2Fv2%2Fcategories&post=18887"},{"taxonomy":"post_tag","embeddable":true,"href":"https:\/\/www.tunaespana.es\/index.php?rest_route=%2Fwp%2Fv2%2Ftags&post=18887"}],"curies":[{"name":"wp","href":"https:\/\/api.w.org\/{rel}","templated":true}]}}