{"id":19175,"date":"2013-08-26T16:45:19","date_gmt":"2013-08-26T16:45:19","guid":{"rendered":"http:\/\/www.tunaespana.es\/?p=19175"},"modified":"2013-08-26T16:45:19","modified_gmt":"2013-08-26T16:45:19","slug":"ay-carino-jose-f-acorde-guitarra-letra-tablatura-cancionero-tuna","status":"publish","type":"post","link":"https:\/\/www.tunaespana.es\/?p=19175","title":{"rendered":"Ay Cari\u00f1o \u00a1\u00a1 (Jos\u00e9 F.) (Acorde guitarra) (Letra Tablatura) cancionero Tuna"},"content":{"rendered":"<p align=\"CENTER\">.<\/p>\n<p align=\"CENTER\"><span style=\"color: #ff3366;\"><span style=\"font-family: Georgia,Times New Roman,Bitstream Charter,Times,serif;\"><span style=\"font-size: xx-large;\">Ay Cari\u00f1o \u00a1\u00a1<\/span><\/span><\/span><\/p>\n<p align=\"CENTER\"><span style=\"color: #000000;\"><span style=\"font-family: Georgia,Times New Roman,Bitstream Charter,Times,serif;\"><span style=\"font-size: medium;\">.<\/span><\/span><\/span><\/p>\n<p align=\"CENTER\"><span style=\"color: #ffff00;\"><span style=\"font-family: Georgia,Times New Roman,Bitstream Charter,Times,serif;\"><span style=\"font-size: medium;\">Autor: <strong><\/strong>Jose Feliciano, Leonardoo Schultz<\/span><\/span><\/span><\/p>\n<p align=\"CENTER\"><span style=\"color: #0000ff;\">Interpretan: Jose Feliciano<\/span><\/p>\n<p align=\"CENTER\"><span style=\"color: #23ff23;\"><span style=\"font-family: Georgia,Times New Roman,Bitstream Charter,Times,serif;\"><span style=\"font-size: medium;\"><span style=\"color: #00ff00;\">TunaEspa\u00f1a (Don Dudo) www.TunaEspa\u00f1a.es \u00a0 <\/span><a href=\"http:\/\/www.TunaEspana.com\/\">www.TunaEspana.com<\/a><\/span><\/span><\/span><\/p>\n<p align=\"CENTER\"><span style=\"color: #ff00ff;\"><span style=\"font-family: Georgia,Times New Roman,Bitstream Charter,Times,serif;\"><span style=\"font-size: medium;\">Ritmo: <\/span><\/span><\/span><\/p>\n<p align=\"CENTER\"><span style=\"color: #0000ff;\"><span style=\"font-family: Georgia,Times New Roman,Bitstream Charter,Times,serif;\"><span style=\"font-size: medium;\">Enlace Youtube : <a href=\"http:\/\/www.youtube.com\/watch?v=eCmbk4ZrGEg\">Pinche aqui para escuchar la canci\u00f3n<\/a><br \/>\n<\/span><\/span><\/span><\/p>\n<p align=\"CENTER\"><span style=\"color: #0000ff;\"><span style=\"font-family: Georgia,Times New Roman,Bitstream Charter,Times,serif;\"><span style=\"font-size: medium;\">.<\/span><\/span><\/span><\/p>\n<p align=\"CENTER\"><a href=\"http:\/\/www.tunaespana.es\/wp-content\/uploads\/2013\/08\/TunaEspa\u00f1a-Tunas-Espa\u00f1olas-Tunas-Universitarias-Universidad-Don-Candilejas-Antonio-De-Bejar.jpg\"><img decoding=\"async\" loading=\"lazy\" class=\"aligncenter size-full wp-image-19176\" alt=\"TunaEspa\u00f1a, Tunas Espa\u00f1olas, Tunas Universitarias, Universidad, Don Candilejas (Antonio De Bejar)\" src=\"http:\/\/www.tunaespana.es\/wp-content\/uploads\/2013\/08\/TunaEspa\u00f1a-Tunas-Espa\u00f1olas-Tunas-Universitarias-Universidad-Don-Candilejas-Antonio-De-Bejar.jpg\" width=\"491\" height=\"262\" srcset=\"https:\/\/www.tunaespana.es\/wp-content\/uploads\/2013\/08\/TunaEspa\u00f1a-Tunas-Espa\u00f1olas-Tunas-Universitarias-Universidad-Don-Candilejas-Antonio-De-Bejar.jpg 491w, https:\/\/www.tunaespana.es\/wp-content\/uploads\/2013\/08\/TunaEspa\u00f1a-Tunas-Espa\u00f1olas-Tunas-Universitarias-Universidad-Don-Candilejas-Antonio-De-Bejar-300x160.jpg 300w\" sizes=\"(max-width: 491px) 100vw, 491px\" \/><\/a><\/p>\n<pre>Intro: <a>F<\/a>\r\n\r\n<a>F<\/a>            <a>Dm<\/a>\r\nAy cari\u00f1o, no me trates como un ni\u00f1o\r\n<a>Gm<\/a>\r\nme matas con tu amor, tan tierno y protector\r\n                      <a>C<\/a>\r\nque si como, que si duermo, que si fumo o me enfermo\r\n<a>F<\/a>            <a>Dm<\/a>\r\nay cari\u00f1o, no me trates como un ni\u00f1o\r\n    <a>Gm<\/a>\r\ntu amor es maternal, y el m\u00edo es conyugal\r\n                     <a>C<\/a>\r\nsi te pido m\u00e1s que un beso no me trates de travieso.\r\n\r\n<a>Bb<\/a>             <a>Bbm<\/a>\r\nAy cari\u00f1o, por qu\u00e9 eres tan sensual\r\n<a>Am<\/a>               <a>Dm<\/a>          <a>Gm<\/a>      <a>C<\/a>\r\nme enloqueces, cuando ignoras mi estilo tropical.\r\n\r\n<a>F<\/a>            <a>Dm<\/a>\r\nAy cari\u00f1o, no me trates como un ni\u00f1o\r\n        <a>Bb<\/a>      <a>Bbm<\/a>          <a>Am<\/a>          <a>G<\/a>\r\ny aunque t\u00fa ames, ames as\u00ed, al menos me amas a mi.\r\n\r\n<a>F<\/a> - <a>Dm<\/a> - <a>Bb<\/a> - <a>Bbm<\/a> - <a>C<\/a>\r\nAy cari\u00f1o...\r\n\r\n<a>Bb<\/a>             <a>Bbm<\/a>\r\nAy cari\u00f1o, por qu\u00e9 eres tan sensual\r\n<a>Am<\/a>               <a>Dm<\/a>          <a>Bb<\/a>          <a>C<\/a>\r\nme enloqueces, cuando ignoras mi ritmo y mi estilo tropical.\r\n\r\n<a>F<\/a>            <a>Dm<\/a>\r\nAy cari\u00f1o, no me trates como un ni\u00f1o\r\n        <a>Bb<\/a>      <a>Bbm<\/a>          <a>Am<\/a>          <a>Gm<\/a>\r\naunque me amas as\u00ed, me amas as\u00ed, al menos me amas a mi.\r\n\r\n<a>F<\/a> - <a>Dm<\/a> - <a>Bb<\/a> - <a>C<\/a> - <a>C#<\/a>\r\nOye cari\u00f1o... cari\u00f1o del alma\r\nno me dejes solo, mira, yo no soy un ni\u00f1o\r\nyo soy un hombre, yo soy un hombre derecho y completo.\r\n\r\n<a>F#<\/a> - <a>D#m<\/a> - <a>B<\/a> - <a>C#<\/a> -&gt; Hasta que termina.<\/pre>\n","protected":false},"excerpt":{"rendered":"<p>. Ay Cari\u00f1o \u00a1\u00a1 . Autor: Jose Feliciano, Leonardoo Schultz Interpretan: Jose Feliciano TunaEspa\u00f1a (Don Dudo) www.TunaEspa\u00f1a.es \u00a0 www.TunaEspana.com Ritmo: Enlace Youtube : Pinche aqui para escuchar la canci\u00f3n . Intro: F F Dm Ay cari\u00f1o, no me trates como un ni\u00f1o Gm me matas con tu amor, tan tierno y protector C que si [&hellip;]<\/p>\n","protected":false},"author":2,"featured_media":0,"comment_status":"closed","ping_status":"closed","sticky":false,"template":"","format":"standard","meta":[],"categories":[42,263],"tags":[4633,1989],"_links":{"self":[{"href":"https:\/\/www.tunaespana.es\/index.php?rest_route=\/wp\/v2\/posts\/19175"}],"collection":[{"href":"https:\/\/www.tunaespana.es\/index.php?rest_route=\/wp\/v2\/posts"}],"about":[{"href":"https:\/\/www.tunaespana.es\/index.php?rest_route=\/wp\/v2\/types\/post"}],"author":[{"embeddable":true,"href":"https:\/\/www.tunaespana.es\/index.php?rest_route=\/wp\/v2\/users\/2"}],"replies":[{"embeddable":true,"href":"https:\/\/www.tunaespana.es\/index.php?rest_route=%2Fwp%2Fv2%2Fcomments&post=19175"}],"version-history":[{"count":1,"href":"https:\/\/www.tunaespana.es\/index.php?rest_route=\/wp\/v2\/posts\/19175\/revisions"}],"predecessor-version":[{"id":19177,"href":"https:\/\/www.tunaespana.es\/index.php?rest_route=\/wp\/v2\/posts\/19175\/revisions\/19177"}],"wp:attachment":[{"href":"https:\/\/www.tunaespana.es\/index.php?rest_route=%2Fwp%2Fv2%2Fmedia&parent=19175"}],"wp:term":[{"taxonomy":"category","embeddable":true,"href":"https:\/\/www.tunaespana.es\/index.php?rest_route=%2Fwp%2Fv2%2Fcategories&post=19175"},{"taxonomy":"post_tag","embeddable":true,"href":"https:\/\/www.tunaespana.es\/index.php?rest_route=%2Fwp%2Fv2%2Ftags&post=19175"}],"curies":[{"name":"wp","href":"https:\/\/api.w.org\/{rel}","templated":true}]}}