{"id":19258,"date":"2013-08-28T10:35:03","date_gmt":"2013-08-28T10:35:03","guid":{"rendered":"http:\/\/www.tunaespana.es\/?p=19258"},"modified":"2013-08-28T10:35:03","modified_gmt":"2013-08-28T10:35:03","slug":"no-nos-moveran-acorde-guitarra-letra-tablatura-cancionero-tuna","status":"publish","type":"post","link":"https:\/\/www.tunaespana.es\/?p=19258","title":{"rendered":"No nos moveran ,(Acorde guitarra), (Letra Tablatura), cancionero Tuna"},"content":{"rendered":"<p align=\"CENTER\"><span style=\"color: #000000;\"><span style=\"font-family: Georgia,Times New Roman,Bitstream Charter,Times,serif;\"><span style=\"font-size: small;\">.<\/span><\/span><\/span><\/p>\n<p align=\"CENTER\"><span style=\"color: #ff3366;\"><span style=\"font-family: Georgia,Times New Roman,Bitstream Charter,Times,serif;\"><span style=\"font-size: xx-large;\">No nos mover\u00e1n<\/span><\/span><\/span><\/p>\n<p align=\"CENTER\"><span style=\"color: #000000;\"><span style=\"font-family: Georgia,Times New Roman,Bitstream Charter,Times,serif;\"><span style=\"font-size: medium;\">.<\/span><\/span><\/span><\/p>\n<p align=\"CENTER\"><span style=\"color: #ffff00;\"><span style=\"font-family: Georgia,Times New Roman,Bitstream Charter,Times,serif;\"><span style=\"font-size: medium;\">Autor: <\/span><\/span><\/span><\/p>\n<p align=\"CENTER\"><span style=\"color: #0000ff;\">Interpretan: <\/span><span style=\"color: #0000ff;\"><span style=\"font-family: Georgia,Times New Roman,Bitstream Charter,Times,serif;\"><span style=\"font-size: small;\">Joan Baez<br \/>\n<\/span><\/span><\/span><\/p>\n<p align=\"CENTER\"><span style=\"color: #23ff23;\"><span style=\"font-family: Georgia,Times New Roman,Bitstream Charter,Times,serif;\"><span style=\"font-size: medium;\"><span style=\"color: #00ff00;\">TunaEspa\u00f1a (Don Dudo) www.TunaEspa\u00f1a.es \u00a0 <\/span><a href=\"http:\/\/www.TunaEspana.com\/\">www.TunaEspana.com<\/a><\/span><\/span><\/span><\/p>\n<p align=\"CENTER\"><span style=\"color: #ff00ff;\"><span style=\"font-family: Georgia,Times New Roman,Bitstream Charter,Times,serif;\"><span style=\"font-size: medium;\">Ritmo: <\/span><\/span><\/span><\/p>\n<p align=\"CENTER\"><span style=\"color: #0000ff;\"><span style=\"font-family: Georgia,Times New Roman,Bitstream Charter,Times,serif;\"><span style=\"font-size: medium;\">Enlace Youtube : <a href=\"http:\/\/www.youtube.com\/watch?v=hMXQ026t3zY\">Pinche aqui para escuchar la cancion<\/a><br \/>\n<\/span><\/span><\/span><\/p>\n<p align=\"CENTER\"><span style=\"color: #0000ff;\"><span style=\"font-family: Georgia,Times New Roman,Bitstream Charter,Times,serif;\"><span style=\"font-size: medium;\">.<\/span><\/span><\/span><\/p>\n<p align=\"CENTER\"><a href=\"http:\/\/www.tunaespana.es\/wp-content\/uploads\/2011\/07\/TunaEspa\u00f1a-Tunas-Espa\u00f1olas-Tunas-Universitarias-Universidad-Don-Dudo-Don-Chulin.jpg\"><img decoding=\"async\" loading=\"lazy\" class=\"aligncenter size-full wp-image-19099\" alt=\"TunaEspa\u00f1a, Tunas Espa\u00f1olas, Tunas Universitarias, Universidad, Don Dudo, Don Chulin\" src=\"http:\/\/www.tunaespana.es\/wp-content\/uploads\/2011\/07\/TunaEspa\u00f1a-Tunas-Espa\u00f1olas-Tunas-Universitarias-Universidad-Don-Dudo-Don-Chulin.jpg\" width=\"736\" height=\"346\" srcset=\"https:\/\/www.tunaespana.es\/wp-content\/uploads\/2011\/07\/TunaEspa\u00f1a-Tunas-Espa\u00f1olas-Tunas-Universitarias-Universidad-Don-Dudo-Don-Chulin.jpg 736w, https:\/\/www.tunaespana.es\/wp-content\/uploads\/2011\/07\/TunaEspa\u00f1a-Tunas-Espa\u00f1olas-Tunas-Universitarias-Universidad-Don-Dudo-Don-Chulin-300x141.jpg 300w\" sizes=\"(max-width: 736px) 100vw, 736px\" \/><\/a><\/p>\n<p align=\"CENTER\">\n<pre><span style=\"color: #cc99ff; font-size: 16px;\">Sube a nacer conmigo, hermano\r\nDame la mano desde la profunda zona de tu dolor diseminado\r\nno volver\u00e1s del fondo de las rocas\r\nno volver\u00e1s del tiempo subterr\u00e1neo\r\nno volver\u00e1 tu voz endurecida\r\nno volver\u00e1n tus ojos taladrados\r\nyo vengo a hablar por vuestra boca muerta\r\na trav\u00e9s de la tierra juntad todos los silenciosos labios derramados\r\n\r\ny desde el fondo habladme toda esta larga noche\r\ncomo si estuviera con vosotros anclado\r\ncontadme todo, cadena a cadena, eslab\u00f3n a eslab\u00f3n, y paso a paso\r\nafilad los cuchillos que guardasteis\r\nponedlos en mi pecho y en mi mano\r\ncomo un rio de rayos amarillos\r\ncomo un rio de tigres enterrados\r\ny dejadme llorar horas, d\u00edas, a\u00f1os, edades ciegas, siglos estelares\r\n\r\ndadme el silencio, el agua, la esperanza,\r\ndadme la lucha, el hierro, los volcanes\r\napegadme los cuerpos como imanes\r\nacudid a mis venas y a mi boca\r\nhablad por mis palabras y mi sangre\r\n\r\n<a><span style=\"color: #cc99ff;\">RE<\/span><\/a>      <a><span style=\"color: #cc99ff;\">LA7<\/span><\/a>                     <a><span style=\"color: #cc99ff;\">RE<\/span><\/a>\r\nno, no, no nos mover\u00e1n! no, no, no nos mover\u00e1n!\r\n        <a><span style=\"color: #cc99ff;\">SOL<\/span><\/a>                   <a><span style=\"color: #cc99ff;\">RE<\/span><\/a>\r\ncomo un \u00e1rbol firme junto al r\u00edo\r\n<a><span style=\"color: #cc99ff;\">LA7<\/span><\/a>        <a><span style=\"color: #cc99ff;\">RE<\/span><\/a>\r\nno nos mover\u00e1n.\r\n\r\n                    <a><span style=\"color: #cc99ff;\">LA7<\/span><\/a>\r\nunidos en la lucha, no nos mover\u00e1n\r\n                    <a><span style=\"color: #cc99ff;\">RE<\/span><\/a>\r\nunidos en la lucha, no nos mover\u00e1n\r\n        <a><span style=\"color: #cc99ff;\">SOL<\/span><\/a>                   <a><span style=\"color: #cc99ff;\">RE<\/span><\/a>\r\ncomo un \u00e1rbol firme junto al r\u00edo\r\n<a><span style=\"color: #cc99ff;\">LA7<\/span><\/a>        <a><span style=\"color: #cc99ff;\">RE<\/span><\/a>\r\nno nos mover\u00e1n\r\n\r\n<a><span style=\"color: #cc99ff;\">RE<\/span><\/a>      <a><span style=\"color: #cc99ff;\">LA7<\/span><\/a>                     <a><span style=\"color: #cc99ff;\">RE<\/span><\/a>\r\nno, no, no nos mover\u00e1n! no, no, no nos mover\u00e1n!\r\n        <a><span style=\"color: #cc99ff;\">SOL<\/span><\/a>                   <a><span style=\"color: #cc99ff;\">RE<\/span><\/a>\r\ncomo un \u00e1rbol firme junto al r\u00edo\r\n<a><span style=\"color: #cc99ff;\">LA7<\/span><\/a>        <a><span style=\"color: #cc99ff;\">RE<\/span><\/a>\r\nno nos mover\u00e1n.\r\n\r\n                     <a><span style=\"color: #cc99ff;\">LA7<\/span><\/a>\r\nunidos en la huelga, no nos mover\u00e1n!\r\n                     <a><span style=\"color: #cc99ff;\">RE<\/span><\/a>\r\nunidos en la huelga, no nos mover\u00e1n!\r\n        <a><span style=\"color: #cc99ff;\">SOL<\/span><\/a>                   <a><span style=\"color: #cc99ff;\">RE<\/span><\/a>\r\ncomo un \u00e1rbol firme junto al r\u00edo\r\n<a><span style=\"color: #cc99ff;\">LA7<\/span><\/a>        <a><span style=\"color: #cc99ff;\">RE<\/span><\/a>\r\nno nos mover\u00e1n\r\n<a><span style=\"color: #cc99ff;\">LA7<\/span><\/a>        <a><span style=\"color: #cc99ff;\">RE<\/span><\/a>  <a><span style=\"color: #cc99ff;\">LA7<\/span><\/a>        <a><span style=\"color: #cc99ff;\">RE<\/span><\/a>\r\nno nos mover\u00e1n, no nos mover\u00e1n!<\/span><\/pre>\n","protected":false},"excerpt":{"rendered":"<p>. No nos mover\u00e1n . Autor: Interpretan: Joan Baez TunaEspa\u00f1a (Don Dudo) www.TunaEspa\u00f1a.es \u00a0 www.TunaEspana.com Ritmo: Enlace Youtube : Pinche aqui para escuchar la cancion . Sube a nacer conmigo, hermano Dame la mano desde la profunda zona de tu dolor diseminado no volver\u00e1s del fondo de las rocas no volver\u00e1s del tiempo subterr\u00e1neo no [&hellip;]<\/p>\n","protected":false},"author":2,"featured_media":0,"comment_status":"closed","ping_status":"closed","sticky":false,"template":"","format":"standard","meta":[],"categories":[28,263],"tags":[4795,2040],"_links":{"self":[{"href":"https:\/\/www.tunaespana.es\/index.php?rest_route=\/wp\/v2\/posts\/19258"}],"collection":[{"href":"https:\/\/www.tunaespana.es\/index.php?rest_route=\/wp\/v2\/posts"}],"about":[{"href":"https:\/\/www.tunaespana.es\/index.php?rest_route=\/wp\/v2\/types\/post"}],"author":[{"embeddable":true,"href":"https:\/\/www.tunaespana.es\/index.php?rest_route=\/wp\/v2\/users\/2"}],"replies":[{"embeddable":true,"href":"https:\/\/www.tunaespana.es\/index.php?rest_route=%2Fwp%2Fv2%2Fcomments&post=19258"}],"version-history":[{"count":1,"href":"https:\/\/www.tunaespana.es\/index.php?rest_route=\/wp\/v2\/posts\/19258\/revisions"}],"predecessor-version":[{"id":19259,"href":"https:\/\/www.tunaespana.es\/index.php?rest_route=\/wp\/v2\/posts\/19258\/revisions\/19259"}],"wp:attachment":[{"href":"https:\/\/www.tunaespana.es\/index.php?rest_route=%2Fwp%2Fv2%2Fmedia&parent=19258"}],"wp:term":[{"taxonomy":"category","embeddable":true,"href":"https:\/\/www.tunaespana.es\/index.php?rest_route=%2Fwp%2Fv2%2Fcategories&post=19258"},{"taxonomy":"post_tag","embeddable":true,"href":"https:\/\/www.tunaespana.es\/index.php?rest_route=%2Fwp%2Fv2%2Ftags&post=19258"}],"curies":[{"name":"wp","href":"https:\/\/api.w.org\/{rel}","templated":true}]}}