{"id":20194,"date":"2013-09-12T16:38:31","date_gmt":"2013-09-12T16:38:31","guid":{"rendered":"http:\/\/www.tunaespana.es\/?p=20194"},"modified":"2013-09-12T16:38:31","modified_gmt":"2013-09-12T16:38:31","slug":"tonada-del-cabresteroacorde-guitarra-letra-tablatura-cancionero-tuna-cuatro-venezolano","status":"publish","type":"post","link":"https:\/\/www.tunaespana.es\/?p=20194","title":{"rendered":"Tonada del cabrestero,(Acorde guitarra), (Letra Tablatura), cancionero Tuna, Cuatro Venezolano"},"content":{"rendered":"<p align=\"CENTER\"><span style=\"color: #000000;\"><span style=\"font-family: Georgia,Times New Roman,Bitstream Charter,Times,serif;\"><span style=\"font-size: small;\">.<\/span><\/span><\/span><\/p>\n<p align=\"CENTER\"><span style=\"color: #ff3366;\"><span style=\"font-family: Georgia,Times New Roman,Bitstream Charter,Times,serif;\"><span style=\"font-size: xx-large;\">Tonada del cabrestero<\/span><\/span><\/span><\/p>\n<p align=\"CENTER\"><span style=\"color: #ffff00;\"><span style=\"font-family: Georgia,Times New Roman,Bitstream Charter,Times,serif;\"><span style=\"font-size: medium;\">Autor:Simon Diaz<br \/>\n<\/span><\/span><\/span><\/p>\n<p align=\"CENTER\"><span style=\"color: #0000ff;\">Interpretan: Simon Diaz<\/span><\/p>\n<p align=\"CENTER\"><span style=\"color: #00ff00;\"><span style=\"font-family: Georgia,Times New Roman,Bitstream Charter,Times,serif;\"><span style=\"font-size: medium;\">TunaEspa\u00f1a (Don Dudo) www.TunaEspa\u00f1a.es \u00a0 <\/span><\/span><\/span><\/p>\n<p align=\"CENTER\"><span style=\"color: #ff00ff;\"><span style=\"font-family: Georgia,Times New Roman,Bitstream Charter,Times,serif;\"><span style=\"font-size: medium;\">Ritmo: Tonada<\/span><\/span><\/span><\/p>\n<p align=\"CENTER\"><span style=\"color: #0000ff;\"><span style=\"font-family: Georgia,Times New Roman,Bitstream Charter,Times,serif;\"><span style=\"font-size: medium;\">Enlace Youtube: <a href=\"http:\/\/www.youtube.com\/watch?v=08FVJJfRws0\">Pinche aqui para escuchar la cancion<\/a><br \/>\n<\/span><\/span><\/span><\/p>\n<p align=\"CENTER\"><span style=\"color: #0000ff;\"><span style=\"font-family: Georgia,Times New Roman,Bitstream Charter,Times,serif;\"><span style=\"font-size: medium;\">.<\/span><\/span><\/span><\/p>\n<p align=\"CENTER\"><a href=\"http:\/\/www.tunaespana.es\/wp-content\/uploads\/2013\/09\/Tunas-Universitarias-Tunas-y-Estudiantinas-Tuna-Espa\u00f1a-Don-Cobacho-Don-Lalo-Don-Trompetero.jpg\"><img decoding=\"async\" loading=\"lazy\" class=\"aligncenter size-full wp-image-20195\" alt=\"Tunas-Universitarias-Tunas-y-Estudiantinas-Tuna-Espa\u00f1a-Don Cobacho, Don Lalo, Don Trompetero\" src=\"http:\/\/www.tunaespana.es\/wp-content\/uploads\/2013\/09\/Tunas-Universitarias-Tunas-y-Estudiantinas-Tuna-Espa\u00f1a-Don-Cobacho-Don-Lalo-Don-Trompetero.jpg\" width=\"536\" height=\"345\" srcset=\"https:\/\/www.tunaespana.es\/wp-content\/uploads\/2013\/09\/Tunas-Universitarias-Tunas-y-Estudiantinas-Tuna-Espa\u00f1a-Don-Cobacho-Don-Lalo-Don-Trompetero.jpg 536w, https:\/\/www.tunaespana.es\/wp-content\/uploads\/2013\/09\/Tunas-Universitarias-Tunas-y-Estudiantinas-Tuna-Espa\u00f1a-Don-Cobacho-Don-Lalo-Don-Trompetero-300x193.jpg 300w\" sizes=\"(max-width: 536px) 100vw, 536px\" \/><\/a><\/p>\n<pre><i>Acerca de esta tonada Sim\u00f3n cuenta:<\/i>\r\n\r\n\"Esta tonada se nutre de la faena del canto de orde\u00f1o y del canto de arreo de ganado. \r\nA mediados de los a\u00f1os 50 yo me entero que la tonada estaba peligrosamente amenazada \r\na desaparecer, por cuanto para esa \u00e9poca, Venezuela con sum\u00eda aproximadamente \r\n4 millones de litros de leche diarios, bien en el cafecito con leche, el arroz con \r\nleche, la leche pa'los muchachos, la leche pa'los viejitos, la industria l\u00e1ctea, \r\nel queso, etc. \r\n\r\nY solamente produc\u00edamos 2 millones, nos faltaban 2 millones de litros, entonces para \r\ncubrir nuestro consumo \u00bfQu\u00e9 har\u00edamos?. Ten\u00edamos que producir \r\notros 2 millones m\u00e1s diariamente.\r\n\r\nLa idea era mecanizar las fincas lecheras porque orde\u00f1ando a mano no \u00edbamos nunca \r\na lograr aumentar la productividad que dese\u00e1bamos y cuando ya tuvi\u00e9ramos todas \r\nlas fincas lecheras mecanizadas, entonces no iba a haber hombrecito que se levantara a las \r\ncuatro de la ma\u00f1ana a orde\u00f1ar una cuenta de vacas y como el orde\u00f1o y el\r\narreo son la materia de donde se nutre la tonada, yo me dije, no vamos a tener tonada llanera. \r\n\r\nY por eso fue que me dediqu\u00e9 a buscarla y componerla para ayudar y dejarle un aire \r\nmusical a Venezuela. Que para entonces no ten\u00eda bien definido. Hoy d\u00eda, \r\npodemos asegurar que en el repertorio de los mejores cantantes estar\u00e1 un aire \r\nmusical netamente venezolano: la tonada llanera\"<\/pre>\n<div id=\"stcpDiv\">\n<p>Intro:<br \/>\n<strong> <img decoding=\"async\" loading=\"lazy\" id=\"cabrestero_II_EKeyId1\" alt=\"\" src=\"http:\/\/www.micuatro.com\/cuatroblog\/images\/server\/get_chord.php?chord_name=em\" width=\"55\" height=\"75\" name=\"em\" \/><img decoding=\"async\" loading=\"lazy\" id=\"cabrestero_II_EKeyId2\" alt=\"\" src=\"http:\/\/www.micuatro.com\/cuatroblog\/images\/server\/get_chord.php?chord_name=b7\" width=\"55\" height=\"75\" name=\"B7\" \/><img decoding=\"async\" loading=\"lazy\" id=\"cabrestero_II_EKeyId3\" alt=\"\" src=\"http:\/\/www.micuatro.com\/cuatroblog\/images\/server\/get_chord.php?chord_name=em\" width=\"55\" height=\"75\" name=\"em\" \/> <img decoding=\"async\" loading=\"lazy\" id=\"cabrestero_II_EKeyId4\" alt=\"\" src=\"http:\/\/www.micuatro.com\/cuatroblog\/images\/server\/get_chord.php?chord_name=em\" width=\"55\" height=\"75\" name=\"em\" \/><img decoding=\"async\" loading=\"lazy\" id=\"cabrestero_II_EKeyId5\" alt=\"\" src=\"http:\/\/www.micuatro.com\/cuatroblog\/images\/server\/get_chord.php?chord_name=b7\" width=\"55\" height=\"75\" name=\"B7\" \/><img decoding=\"async\" loading=\"lazy\" id=\"cabrestero_II_EKeyId6\" alt=\"\" src=\"http:\/\/www.micuatro.com\/cuatroblog\/images\/server\/get_chord.php?chord_name=em\" width=\"55\" height=\"75\" name=\"em\" \/><\/strong><\/p>\n<p><strong> <img decoding=\"async\" loading=\"lazy\" id=\"cabrestero_II_EKeyId7\" alt=\"\" src=\"http:\/\/www.micuatro.com\/cuatroblog\/images\/server\/get_chord.php?chord_name=em\" width=\"55\" height=\"75\" name=\"em\" \/>.. .. .. .. ..<img decoding=\"async\" loading=\"lazy\" id=\"cabrestero_II_EKeyId8\" alt=\"\" src=\"http:\/\/www.micuatro.com\/cuatroblog\/images\/server\/get_chord.php?chord_name=b7\" width=\"55\" height=\"75\" name=\"B7\" \/>.. .. .. .. .<img decoding=\"async\" loading=\"lazy\" id=\"cabrestero_II_EKeyId9\" alt=\"\" src=\"http:\/\/www.micuatro.com\/cuatroblog\/images\/server\/get_chord.php?chord_name=em\" width=\"55\" height=\"75\" name=\"em\" \/><\/strong><br \/>\n<span style=\"text-decoration: underline;\">C<\/span>amino del llano viene, <span style=\"text-decoration: underline;\">p<\/span>untero en la soled<span style=\"text-decoration: underline;\">a<\/span>d (bis)<br \/>\n<strong> <img decoding=\"async\" loading=\"lazy\" id=\"cabrestero_II_EKeyId10\" alt=\"\" src=\"http:\/\/www.micuatro.com\/cuatroblog\/images\/server\/get_chord.php?chord_name=c\" width=\"55\" height=\"75\" name=\"C\" \/>.. .. .. .. .. .. .. .<img decoding=\"async\" loading=\"lazy\" id=\"cabrestero_II_EKeyId11\" alt=\"\" src=\"http:\/\/www.micuatro.com\/cuatroblog\/images\/server\/get_chord.php?chord_name=b7\" width=\"55\" height=\"75\" name=\"B7\" \/>.. .. .. ..<img decoding=\"async\" loading=\"lazy\" id=\"cabrestero_II_EKeyId12\" alt=\"\" src=\"http:\/\/www.micuatro.com\/cuatroblog\/images\/server\/get_chord.php?chord_name=em\" width=\"55\" height=\"75\" name=\"em\" \/><\/strong><br \/>\n<span style=\"text-decoration: underline;\">E<\/span>l cabestrero cantando, ay!, su <span style=\"text-decoration: underline;\">c<\/span>opla en la madru<span style=\"text-decoration: underline;\">g<\/span>\u00e1 (bis)<\/p>\n<p>Ah\u00f3\u2026 a\u2026 a\u2026<\/p>\n<p><strong> .. ..<img decoding=\"async\" loading=\"lazy\" id=\"cabrestero_II_EKeyId13\" alt=\"\" src=\"http:\/\/www.micuatro.com\/cuatroblog\/images\/server\/get_chord.php?chord_name=b7\" width=\"55\" height=\"75\" name=\"B7\" \/> <img decoding=\"async\" loading=\"lazy\" id=\"cabrestero_II_EKeyId14\" alt=\"\" src=\"http:\/\/www.micuatro.com\/cuatroblog\/images\/server\/get_chord.php?chord_name=em\" width=\"55\" height=\"75\" name=\"em\" \/> .. .. .. .. .. <img decoding=\"async\" loading=\"lazy\" id=\"cabrestero_II_EKeyId15\" alt=\"\" src=\"http:\/\/www.micuatro.com\/cuatroblog\/images\/server\/get_chord.php?chord_name=b7\" width=\"55\" height=\"75\" name=\"B7\" \/><\/strong><br \/>\nEl toro <span style=\"text-decoration: underline;\">p<\/span>ita la <span style=\"text-decoration: underline;\">v<\/span>aca y el novillo se re<span style=\"text-decoration: underline;\">t<\/span>ira<br \/>\n<strong> .. .. .. .. .. ..<img decoding=\"async\" loading=\"lazy\" id=\"cabrestero_II_EKeyId16\" alt=\"\" src=\"http:\/\/www.micuatro.com\/cuatroblog\/images\/server\/get_chord.php?chord_name=em\" width=\"55\" height=\"75\" name=\"em\" \/> .. ..<img decoding=\"async\" loading=\"lazy\" id=\"cabrestero_II_EKeyId17\" alt=\"\" src=\"http:\/\/www.micuatro.com\/cuatroblog\/images\/server\/get_chord.php?chord_name=b7\" width=\"55\" height=\"75\" name=\"B7\" \/> .. .<img decoding=\"async\" loading=\"lazy\" id=\"cabrestero_II_EKeyId18\" alt=\"\" src=\"http:\/\/www.micuatro.com\/cuatroblog\/images\/server\/get_chord.php?chord_name=em\" width=\"55\" height=\"75\" name=\"em\" \/><\/strong><br \/>\nComo el novillo era <span style=\"text-decoration: underline;\">t<\/span>oro la vaca <span style=\"text-decoration: underline;\">s<\/span>iempre lo <span style=\"text-decoration: underline;\">m<\/span>ira<br \/>\n<strong> .. .. .. .. .. <img decoding=\"async\" loading=\"lazy\" id=\"cabrestero_II_EKeyId19\" alt=\"\" src=\"http:\/\/www.micuatro.com\/cuatroblog\/images\/server\/get_chord.php?chord_name=b7\" width=\"55\" height=\"75\" name=\"B7\" \/><img decoding=\"async\" loading=\"lazy\" id=\"cabrestero_II_EKeyId20\" alt=\"\" src=\"http:\/\/www.micuatro.com\/cuatroblog\/images\/server\/get_chord.php?chord_name=em\" width=\"55\" height=\"75\" name=\"em\" \/><\/strong><br \/>\nMariposa, nube de <span style=\"text-decoration: underline;\">\u00a0<\/span> agu\u00a0\u00a0<span style=\"text-decoration: underline;\">a<\/span><\/p>\n<p>La luna busca la sombra y no la puede encontrar(bis)<br \/>\nPorque la sombra se esconde, aaaa, detr\u00e1s de la madrug\u00e1(bis)<\/p>\n<p>Ah\u00f3\u2026 a\u2026 a\u2026<br \/>\nNo llores m\u00e1s nube de agua, silencia tanta amargura<br \/>\nQue toda leche da queso y toda pena se cura<br \/>\nLucerito nube de agua<\/p>\n<p>Ya viene la ma\u00f1anita cayendo sobre el palmar<br \/>\nY el cabestrero prosigue con su doliente cantar<\/p>\n<p>Ah\u00f3\u2026 a\u2026 a\u2026<br \/>\nMa\u00f1ana cuando me vaya quien se acordar\u00e1 de mi<br \/>\nSolamente la tinaja por el agua que beb\u00ed<br \/>\nLucerito nube de agua<\/p>\n<pre><\/pre>\n<p>&#8211;<\/p><\/div>\n<p align=\"CENTER\"><span style=\"color: #00ae00;\"><span style=\"font-family: Georgia,Times New Roman,Bitstream Charter,Times,serif;\"><span style=\"font-size: small;\"><span style=\"color: #ff3366;\"><span style=\"font-size: large;\">\u00a0<\/span><\/span><\/span><\/span><\/span><\/p>\n","protected":false},"excerpt":{"rendered":"<p>. Tonada del cabrestero Autor:Simon Diaz Interpretan: Simon Diaz TunaEspa\u00f1a (Don Dudo) www.TunaEspa\u00f1a.es \u00a0 Ritmo: Tonada Enlace Youtube: Pinche aqui para escuchar la cancion . Acerca de esta tonada Sim\u00f3n cuenta: \u00abEsta tonada se nutre de la faena del canto de orde\u00f1o y del canto de arreo de ganado. A mediados de los a\u00f1os 50 [&hellip;]<\/p>\n","protected":false},"author":2,"featured_media":0,"comment_status":"closed","ping_status":"closed","sticky":false,"template":"","format":"standard","meta":[],"categories":[21,263],"tags":[2111,856,1581,1475,4893,4757,2378],"_links":{"self":[{"href":"https:\/\/www.tunaespana.es\/index.php?rest_route=\/wp\/v2\/posts\/20194"}],"collection":[{"href":"https:\/\/www.tunaespana.es\/index.php?rest_route=\/wp\/v2\/posts"}],"about":[{"href":"https:\/\/www.tunaespana.es\/index.php?rest_route=\/wp\/v2\/types\/post"}],"author":[{"embeddable":true,"href":"https:\/\/www.tunaespana.es\/index.php?rest_route=\/wp\/v2\/users\/2"}],"replies":[{"embeddable":true,"href":"https:\/\/www.tunaespana.es\/index.php?rest_route=%2Fwp%2Fv2%2Fcomments&post=20194"}],"version-history":[{"count":1,"href":"https:\/\/www.tunaespana.es\/index.php?rest_route=\/wp\/v2\/posts\/20194\/revisions"}],"predecessor-version":[{"id":20196,"href":"https:\/\/www.tunaespana.es\/index.php?rest_route=\/wp\/v2\/posts\/20194\/revisions\/20196"}],"wp:attachment":[{"href":"https:\/\/www.tunaespana.es\/index.php?rest_route=%2Fwp%2Fv2%2Fmedia&parent=20194"}],"wp:term":[{"taxonomy":"category","embeddable":true,"href":"https:\/\/www.tunaespana.es\/index.php?rest_route=%2Fwp%2Fv2%2Fcategories&post=20194"},{"taxonomy":"post_tag","embeddable":true,"href":"https:\/\/www.tunaespana.es\/index.php?rest_route=%2Fwp%2Fv2%2Ftags&post=20194"}],"curies":[{"name":"wp","href":"https:\/\/api.w.org\/{rel}","templated":true}]}}