{"id":2047,"date":"2011-06-15T18:25:23","date_gmt":"2011-06-15T18:25:23","guid":{"rendered":"http:\/\/www.tunaespana.com\/wp\/?p=2047"},"modified":"2011-10-21T16:20:20","modified_gmt":"2011-10-21T16:20:20","slug":"me-voy-pal-pueblo-tabulado-requinto","status":"publish","type":"post","link":"https:\/\/www.tunaespana.es\/?p=2047","title":{"rendered":"Me voy pal  pueblo (Tabulado) Requinto Original Trio Los Panchos (Acorde guitarra)  (Letra Musica)Tuna"},"content":{"rendered":"<p><span style=\"color: #ff0000; font-size: x-large;\">Me voy pal  pueblo<\/span><\/p>\n<p><span style=\"color: #ffff00; font-size: medium;\">Autor: Mercedes Valdes<\/span><\/p>\n<p><span style=\"color: #0000ff; font-size: medium;\">Interpretan: Trio Los panchos; 1946, 1960, 1971, 1978 <\/span><\/p>\n<p><span style=\"color: #0000ff; font-size: medium;\">Hernando Avil\u00e9s (primera voz)<\/span><\/p>\n<p><span style=\"font-size: medium; color: #0000ff;\">Johnny Albino (primera voz)<\/span><\/p>\n<p><span style=\"font-size: medium; color: #0000ff;\">Enrique C\u00e1ceres (con guitarras y con orquesta) (primera voz)<\/span><\/p>\n<p><span style=\"font-size: medium; color: #0000ff;\">Rafael Basurto Lara (primera voz)<\/span><\/p>\n<p><span style=\"color: #00ff00;\">Tuna Espa\u00f1a (Don Dudo)     www.TunaEspana.com    www.TunaEspa\u00f1a.es<\/span><\/p>\n<p><span style=\"color: #ffcc00;\">Ritmo: Guajira<\/span><\/p>\n<p><span style=\"color: #ff00ff;\">Cuba<\/span><\/p>\n<p>&nbsp;<\/p>\n<p><span style=\"color: #0000ff; font-size: medium;\"><br \/>\n<\/span><\/p>\n<p><span style=\"color: #cc99ff; font-size: large;\">intro<\/span><br \/>\n<span style=\"color: #cc99ff; font-size: large;\"> Rem\/Sol7\/Do\/Mim\/Lam<\/span><br \/>\n<span style=\"color: #cc99ff; font-size: large;\"> Rem\/Sol7\/Do\/Mim\/Lam\/La7<\/span><\/p>\n<p><span style=\"color: #cc99ff; font-size: large;\"> Rem<\/span><br \/>\n<span style=\"color: #cc99ff; font-size: large;\"> Me voy pal\u00b4 pueblo<\/span><br \/>\n<span style=\"color: #cc99ff; font-size: large;\"> Sol7<\/span><br \/>\n<span style=\"color: #cc99ff; font-size: large;\"> hoy es mi dia<\/span><br \/>\n<span style=\"color: #cc99ff; font-size: large;\"> Do           Mim\/Lam\/La7<\/span><br \/>\n<span style=\"color: #cc99ff; font-size: large;\"> voy alegrar toda el alma m\u00eda (bis). <\/span><\/p>\n<p><span style=\"color: #cc99ff; font-size: large;\">(intro)<\/span><\/p>\n<p><span style=\"color: #cc99ff; font-size: large;\">Rem               Sol7<\/span><br \/>\n<span style=\"color: #cc99ff; font-size: large;\"> Tanto como yo trabajo<\/span><br \/>\n<span style=\"color: #cc99ff; font-size: large;\"> Do   Mim       Lam<\/span><br \/>\n<span style=\"color: #cc99ff; font-size: large;\"> y nunca puedo irme al basil\u00f3n<\/span><br \/>\n<span style=\"color: #cc99ff; font-size: large;\"> Rem              Sol7<\/span><br \/>\n<span style=\"color: #cc99ff; font-size: large;\"> no se que pasa con esta guajira <\/span><br \/>\n<span style=\"color: #cc99ff; font-size: large;\"> Do         Mim      Lam\/La7<\/span><br \/>\n<span style=\"color: #cc99ff; font-size: large;\"> que no le gusta el guateque y el rom<\/span><br \/>\n<span style=\"color: #cc99ff; font-size: large;\"> Rem                    Sol7<\/span><br \/>\n<span style=\"color: #cc99ff; font-size: large;\"> ahora mismo la voy a dejar<\/span><br \/>\n<span style=\"color: #cc99ff; font-size: large;\"> Do    Mim  Lam<\/span><br \/>\n<span style=\"color: #cc99ff; font-size: large;\"> en su voio azando maiz<\/span><br \/>\n<span style=\"color: #cc99ff; font-size: large;\"> Rem                       Sol7<\/span><br \/>\n<span style=\"color: #cc99ff; font-size: large;\"> me voy pal\u00b4pueblo a tomarme un gal\u00f3n<\/span><br \/>\n<span style=\"color: #cc99ff; font-size: large;\"> Do      Mim       Lam<\/span><br \/>\n<span style=\"color: #cc99ff; font-size: large;\"> y cuando vuelva se acabo el carb\u00f3n<\/span><\/p>\n<p><span style=\"color: #cc99ff; font-size: large;\"> Rem<\/span><br \/>\n<span style=\"color: #cc99ff; font-size: large;\"> Me voy pal pueblo<\/span><br \/>\n<span style=\"color: #cc99ff; font-size: large;\"> Sol7<\/span><br \/>\n<span style=\"color: #cc99ff; font-size: large;\"> hoy es mi dia<\/span><br \/>\n<span style=\"color: #cc99ff; font-size: large;\"> Do           Mim\/Lam\/La7<\/span><br \/>\n<span style=\"color: #cc99ff; font-size: large;\"> voy alegrar toda el alma m\u00eda (bis). <\/span><\/p>\n<p><span style=\"color: #cc99ff; font-size: large;\">Rem                      Sol7<\/span><br \/>\n<span style=\"color: #cc99ff; font-size: large;\"> Desde el d\u00eda que nos casamos<\/span><br \/>\n<span style=\"color: #cc99ff; font-size: large;\"> Do        Mim   Lam<\/span><br \/>\n<span style=\"color: #cc99ff; font-size: large;\"> hasta la fecha trabajando estoy<\/span><br \/>\n<span style=\"color: #cc99ff; font-size: large;\"> Rem                                 Sol7<\/span><br \/>\n<span style=\"color: #cc99ff; font-size: large;\"> quiero que sepas que no estoy dispuesto<\/span><br \/>\n<span style=\"color: #cc99ff; font-size: large;\"> Do     Mim          Lam\/La7<\/span><br \/>\n<span style=\"color: #cc99ff; font-size: large;\"> a enterrarme en vida en un rinc\u00f3n<\/span><br \/>\n<span style=\"color: #cc99ff; font-size: large;\"> Rem                                 Sol7<\/span><br \/>\n<span style=\"color: #cc99ff; font-size: large;\"> es lindo el campo muy bien ya lo se<\/span><br \/>\n<span style=\"color: #cc99ff; font-size: large;\"> Do          Mim    Lam<\/span><br \/>\n<span style=\"color: #cc99ff; font-size: large;\"> pero pal\u00b4 pueblo voy hechando un pie<\/span><br \/>\n<span style=\"color: #cc99ff; font-size: large;\"> Rem                      Sol7<\/span><br \/>\n<span style=\"color: #cc99ff; font-size: large;\"> si tu no vienes mejor es as\u00ed<\/span><br \/>\n<span style=\"color: #cc99ff; font-size: large;\"> Do         Mim   Lam\/La7<\/span><br \/>\n<span style=\"color: #cc99ff; font-size: large;\"> pues yo no se lo que sera de m\u00ed.<\/span><\/p>\n<p><span style=\"color: #cc99ff; font-size: large;\"> Rem<\/span><br \/>\n<span style=\"color: #cc99ff; font-size: large;\"> Me voy pal pueblo<\/span><br \/>\n<span style=\"color: #cc99ff; font-size: large;\"> Sol7<\/span><br \/>\n<span style=\"color: #cc99ff; font-size: large;\"> hoy es mi dia<\/span><br \/>\n<span style=\"color: #cc99ff; font-size: large;\"> Do           Mim\/Lam\/La7<\/span><br \/>\n<span style=\"color: #cc99ff; font-size: large;\"> voy alegrar toda el alma m\u00eda (bis). <\/span><\/p>\n<pre><span style=\"color: #ffffff; font-size: large;\"><span style=\"color: #cc99ff;\">__\r\n  \\\r\n_  e|-----------------10----------10--------\r\n_) B|------9--10--12------12--10-----10--9--\r\n   G|--11-----------------------------------\r\n_  D|---------------------------------------\r\n_) A|---------------------------------------\r\n   E|---------------------------------------\r\n__\/\r\n\r\n__\r\n  \\\r\n_  e|----------------12--9---------12--9--------\r\n_) B|---------9--10---------10--9---------9-----\r\n   G|--9--11---------------------------------11-\r\n_  D|-------------------------------------------\r\n_) A|-------------------------------------------\r\n   E|-------------------------------------------\r\n__\/\r\n\r\n__\r\n  \\                    *          *\r\n_  e|-----------------10----------10--------\r\n_) B|------9--10--12------12--10-----10--9--\r\n   G|--11-----------------------------------\r\n_  D|---------------------------------------\r\n_) A|---------------------------------------\r\n   E|---------------------------------------\r\n__\/\r\n\r\n*    aqu\u00ed se utilizan lo dedos \u00edndice y anular    *\r\n* haciendo los dos dedos hacia arriba algo r\u00e1pido *\r\n*   solamente tocando las dos primeras cuerdas    *\r\n*      escuchando la canci\u00f3n se entiende          *\r\n__\r\n  \\\r\n_  e|----------------12--10--9---------12--10--9-------------\r\n_) B|---------9--10-------------10--9-------------9----------\r\n   G|--9--11-----------------------------------------11------\r\n_  D|--------------------------------------------------------\r\n_) A|--------------------------------------------------------\r\n   E|--------------------------------------------------------\r\n<\/span>__\/<\/span><\/pre>\n","protected":false},"excerpt":{"rendered":"<p>Me voy pal pueblo Autor: Mercedes Valdes Interpretan: Trio Los panchos; 1946, 1960, 1971, 1978 Hernando Avil\u00e9s (primera voz) Johnny Albino (primera voz) Enrique C\u00e1ceres (con guitarras y con orquesta) (primera voz) Rafael Basurto Lara (primera voz) Tuna Espa\u00f1a (Don Dudo) www.TunaEspana.com www.TunaEspa\u00f1a.es Ritmo: Guajira Cuba &nbsp; intro Rem\/Sol7\/Do\/Mim\/Lam Rem\/Sol7\/Do\/Mim\/Lam\/La7 Rem Me voy pal\u00b4 pueblo [&hellip;]<\/p>\n","protected":false},"author":2,"featured_media":0,"comment_status":"open","ping_status":"open","sticky":false,"template":"","format":"standard","meta":[],"categories":[274,29,171,263],"tags":[],"_links":{"self":[{"href":"https:\/\/www.tunaespana.es\/index.php?rest_route=\/wp\/v2\/posts\/2047"}],"collection":[{"href":"https:\/\/www.tunaespana.es\/index.php?rest_route=\/wp\/v2\/posts"}],"about":[{"href":"https:\/\/www.tunaespana.es\/index.php?rest_route=\/wp\/v2\/types\/post"}],"author":[{"embeddable":true,"href":"https:\/\/www.tunaespana.es\/index.php?rest_route=\/wp\/v2\/users\/2"}],"replies":[{"embeddable":true,"href":"https:\/\/www.tunaespana.es\/index.php?rest_route=%2Fwp%2Fv2%2Fcomments&post=2047"}],"version-history":[{"count":4,"href":"https:\/\/www.tunaespana.es\/index.php?rest_route=\/wp\/v2\/posts\/2047\/revisions"}],"predecessor-version":[{"id":9024,"href":"https:\/\/www.tunaespana.es\/index.php?rest_route=\/wp\/v2\/posts\/2047\/revisions\/9024"}],"wp:attachment":[{"href":"https:\/\/www.tunaespana.es\/index.php?rest_route=%2Fwp%2Fv2%2Fmedia&parent=2047"}],"wp:term":[{"taxonomy":"category","embeddable":true,"href":"https:\/\/www.tunaespana.es\/index.php?rest_route=%2Fwp%2Fv2%2Fcategories&post=2047"},{"taxonomy":"post_tag","embeddable":true,"href":"https:\/\/www.tunaespana.es\/index.php?rest_route=%2Fwp%2Fv2%2Ftags&post=2047"}],"curies":[{"name":"wp","href":"https:\/\/api.w.org\/{rel}","templated":true}]}}