{"id":21283,"date":"2013-10-24T19:26:51","date_gmt":"2013-10-24T19:26:51","guid":{"rendered":"http:\/\/www.tunaespana.es\/?p=21283"},"modified":"2020-07-30T11:40:27","modified_gmt":"2020-07-30T11:40:27","slug":"madrecita-maria-del-carmenacorde-guitarra-letra-tabladura-cancionero-tuna-xxx","status":"publish","type":"post","link":"https:\/\/www.tunaespana.es\/?p=21283","title":{"rendered":"Madrecita Mar\u00eda del Carmen,Acorde Guitarra, Letra Tabladura, Cancionero Tuna, xxx"},"content":{"rendered":"<h1 align=\"CENTER\"><span style=\"color: #000000;\"><span style=\"font-family: Georgia,Times New Roman,Bitstream Charter,Times,serif;\"><span style=\"font-size: xx-small;\">.<\/span><\/span><\/span><\/h1>\n<h1 align=\"CENTER\"><span style=\"color: #ff3366;\"> <span style=\"font-family: Georgia,Times New Roman,Bitstream Charter,Times,serif;\"><span style=\"font-size: xx-large;\">Madrecita Mar\u00eda del Carmen<\/span><\/span><\/span><\/h1>\n<p align=\"CENTER\"><span style=\"color: #ffff00;\"><span style=\"font-family: Georgia,Times New Roman,Bitstream Charter,Times,serif;\"><span style=\"font-size: medium;\">Autor: <\/span><\/span><\/span><\/p>\n<p align=\"CENTER\"><span style=\"color: #0000ff;\">Interpretan: <span style=\"font-family: Georgia,Times New Roman,Bitstream Charter,Times,serif;\"><span style=\"font-size: small;\">Manolo Escobar<\/span><\/span><\/span><\/p>\n<p align=\"CENTER\"><span style=\"color: #00ff00;\">TunaEspa\u00f1a (Don Dudo) www.TunaEspa\u00f1a.es \u00a0 <\/span><\/p>\n<p align=\"CENTER\"><span style=\"color: #ff00ff;\"><span style=\"font-family: Georgia,Times New Roman,Bitstream Charter,Times,serif;\"><span style=\"font-size: medium;\">Ritmo:<\/span><\/span><\/span><\/p>\n<p align=\"CENTER\"><span style=\"color: #00ff00;\">Con Nuestro muy Querido Hermanico\u00a0 Musiquito !!!!! Dios Te Bendiga.<\/span><\/p>\n<p align=\"CENTER\"><span style=\"color: #00ff00;\">\u00abDIOS TE BENDIGA MAM\u00c1\u00bb El autor de esta canci\u00f3n es Jos\u00e9 Mar\u00eda Garc\u00eda Escobar e interpretada y popularizada por su hermano, \u00abManolo Escobar\u00bb.<\/span><\/p>\n<blockquote class=\"embedly-card\" data-card-controls=\"1\" data-card-align=\"center\" data-card-theme=\"light\">\n<h4><a href=\"https:\/\/www.youtube.com\/watch?v=PKTpAikgJy0&#038;feature=youtu.be&#038;fbclid=IwAR3n4n7B-u3dhclOt3yVP3uOCFKHJxcfiSzzmHl4LcvHSrm1H8yaJm8d5_8\">\u00abMadrecita\u00bb DonMusiquito &#038; DonDudo<\/a><\/h4>\n<p>\u00abDIOS TE BENDIGA MAM\u00c1\u00bb El autor de esta canci\u00f3n es Jos\u00e9 Mar\u00eda Garc\u00eda Escobar e interpretada y popularizada por su hermano, \u00abManolo Escobar\u00bb Yo quisiera decir&#8230;<\/p>\n<\/blockquote>\n<p><script async src=\"\/\/cdn.embedly.com\/widgets\/platform.js\" charset=\"UTF-8\"><\/script><\/p>\n<p align=\"CENTER\">.<\/p>\n<p align=\"CENTER\">\n<p align=\"CENTER\"><span style=\"color: #ff6600;\">Nuestro querido y entra\u00f1able, <\/span><span style=\"color: #ff0000;\"><strong>Man<span style=\"color: #ffff00;\">olo Esc<\/span>obar<\/strong><span style=\"color: #ff9900;\">, acababa de cumplir los 82 a\u00f1os la semana pasada, el 19 de octubre, fue uno de los m\u00e1s importantes int\u00e9rpretes de copla y canci\u00f3n espa\u00f1ola. Descanse en Paz y \u00abQue Dios Lo tenga en la Gloria\u00bb. Nuestro mas sentido pesame, Descanse en Paz.<br \/>\n<\/span><\/span><\/p>\n<p align=\"CENTER\"><a href=\"http:\/\/www.tunaespana.es\/wp-content\/uploads\/2013\/10\/Tunas-Universitarias-Tunas-y-Estudiantinas-Tuna-Espa\u00f1a-Tunas-Pintor-Pedro-Cano-Fundacion-92-Ronda-La-Tuna-DonDudo-musica-tuna.jpg\"><img decoding=\"async\" loading=\"lazy\" class=\"aligncenter size-full wp-image-21284\" src=\"http:\/\/www.tunaespana.es\/wp-content\/uploads\/2013\/10\/Tunas-Universitarias-Tunas-y-Estudiantinas-Tuna-Espa\u00f1a-Tunas-Pintor-Pedro-Cano-Fundacion-92-Ronda-La-Tuna-DonDudo-musica-tuna.jpg\" alt=\"Tunas Universitarias, Tunas y Estudiantinas, Tuna Espa\u00f1a , Tunas, Pintor Pedro Cano, Fundacion, 92, Ronda La Tuna, DonDudo, musica tuna\" width=\"678\" height=\"309\" srcset=\"https:\/\/www.tunaespana.es\/wp-content\/uploads\/2013\/10\/Tunas-Universitarias-Tunas-y-Estudiantinas-Tuna-Espa\u00f1a-Tunas-Pintor-Pedro-Cano-Fundacion-92-Ronda-La-Tuna-DonDudo-musica-tuna.jpg 678w, https:\/\/www.tunaespana.es\/wp-content\/uploads\/2013\/10\/Tunas-Universitarias-Tunas-y-Estudiantinas-Tuna-Espa\u00f1a-Tunas-Pintor-Pedro-Cano-Fundacion-92-Ronda-La-Tuna-DonDudo-musica-tuna-300x136.jpg 300w\" sizes=\"(max-width: 678px) 100vw, 678px\" \/><\/a><\/p>\n<pre> <a>RE<\/a>\r\nYo quisiera decirle a la gente,\r\n                                      <a>LA7<\/a>\r\nlo que mi alma siente cuando pienso en ti.\r\n\r\nUn amor que te besa en la frente, \r\n                                <a>RE<\/a>\r\ndulce y sonriente contento y feliz.\r\n\r\n                               <a>RE7<\/a>      <a>SOL<\/a>\r\nMadrecita Mar\u00eda del Carmen, en m\u00ed coraz\u00f3n,\r\n                                <a>RE<\/a>\r\nse me vuelve tu querer cante campero,\r\n                                <a>LA7<\/a>\r\ny cantando te digo cuanto te quiero,\r\n                                 <a>RE<\/a>\r\nflor bendita de mi vida y mi ilusi\u00f3n.\r\n\r\nUn altar llevo en mi pecho ardiente\r\n                               <a>LA7<\/a>\r\na la madre que me dio a m\u00ed el ser.\r\n\r\nA esa mujer tan buena y valiente,\r\n                                  <a>RE<\/a>\r\nde inmaculada frente ce\u00f1ida de laurel.\r\n\r\nMadrecita Mar\u00eda del Carmen,\r\n             <a>RE7<\/a>            <a>SOL<\/a>\r\nhoy te canto esta bella canci\u00f3n.\r\n                         <a>RE<\/a>\r\nCon ella te brindo mi cari\u00f1o,\r\n                              <a>LA7<\/a>\r\ny lo mismo que cuando era un ni\u00f1o,\r\n                         <a>RE<\/a>    <a>RE7<\/a>\r\nen mis labios pongo el coraz\u00f3n. (bis)\r\n\r\n     <a>RE<\/a>\r\nDe roc\u00edo se llenan las flores, \r\n                                  <a>LA7<\/a>\r\nque en la noche bella beben sin cesar.\r\n\r\nY mi alma se llena de amores\r\n                                     <a>RE<\/a>\r\ncuando pienso en ella y empiezo a cantar.\r\n\r\n                               <a>RE7<\/a>      <a>SOL<\/a>\r\nY la copla hecha golondrina se pone a volar.\r\n                                <a>RE<\/a>\r\nY llegando hacia mi madre se reclina,\r\n                                  <a>LA7<\/a>\r\ny en sus brazos de azucena y clavellina\r\n                              <a>RE<\/a>\r\nes mi alma la que se pone a so\u00f1ar.\r\n\r\nUn altar llevo en mi pecho ardiente....\r\n                               <a>LA7<\/a>\r\na la madre que me dio a m\u00ed el ser.\r\n\r\nA esa mujer tan buena y valiente,\r\n                                  <a>RE<\/a>\r\nDe inmaculada frente ce\u00f1ida de laurel.\r\n\r\nMadrecita Mar\u00eda del Carmen,\r\n        <a>RE7<\/a>                <a>SOL<\/a>\r\nhoy te canto esta bella canci\u00f3n.\r\n                        <a>RE<\/a>\r\nCon ella te brindo mi cari\u00f1o,\r\n                             <a>LA7<\/a>\r\ny lo mismo que cuando era un ni\u00f1o,\r\n                         <a>RE<\/a>    <a>RE7<\/a>\r\nen mis labios pongo el coraz\u00f3n. (bis)<\/pre>\n<p align=\"CENTER\"><span style=\"color: #00ae00;\"><span style=\"font-family: Georgia,Times New Roman,Bitstream Charter,Times,serif;\"><span style=\"font-size: small;\"><a href=\"http:\/\/www.tunaespana.es\/wp-content\/uploads\/2013\/10\/Tuna-Espa\u00f1a-Rincon-de-la-victoria-cancionero-tuna-musica-tuna-dism-3.jpg\"><img decoding=\"async\" loading=\"lazy\" class=\"aligncenter size-full wp-image-21299\" src=\"http:\/\/www.tunaespana.es\/wp-content\/uploads\/2013\/10\/Tuna-Espa\u00f1a-Rincon-de-la-victoria-cancionero-tuna-musica-tuna-dism-3.jpg\" alt=\"Tuna Espa\u00f1a, Rincon de la victoria, cancionero tuna, musica tuna, dism 3\" width=\"666\" height=\"281\" srcset=\"https:\/\/www.tunaespana.es\/wp-content\/uploads\/2013\/10\/Tuna-Espa\u00f1a-Rincon-de-la-victoria-cancionero-tuna-musica-tuna-dism-3.jpg 666w, https:\/\/www.tunaespana.es\/wp-content\/uploads\/2013\/10\/Tuna-Espa\u00f1a-Rincon-de-la-victoria-cancionero-tuna-musica-tuna-dism-3-300x126.jpg 300w\" sizes=\"(max-width: 666px) 100vw, 666px\" \/><\/a>\u00a0<\/span><\/span><\/span><\/p>\n","protected":false},"excerpt":{"rendered":"<p>. Madrecita Mar\u00eda del Carmen Autor: Interpretan: Manolo Escobar TunaEspa\u00f1a (Don Dudo) www.TunaEspa\u00f1a.es \u00a0 Ritmo: Con Nuestro muy Querido Hermanico\u00a0 Musiquito !!!!! Dios Te Bendiga. \u00abDIOS TE BENDIGA MAM\u00c1\u00bb El autor de esta canci\u00f3n es Jos\u00e9 Mar\u00eda Garc\u00eda Escobar e interpretada y popularizada por su hermano, \u00abManolo Escobar\u00bb. \u00abMadrecita\u00bb DonMusiquito &#038; DonDudo \u00abDIOS TE BENDIGA [&hellip;]<\/p>\n","protected":false},"author":2,"featured_media":0,"comment_status":"closed","ping_status":"closed","sticky":false,"template":"","format":"standard","meta":[],"categories":[29,263],"tags":[2111,856,1581,1475,2805,1156],"_links":{"self":[{"href":"https:\/\/www.tunaespana.es\/index.php?rest_route=\/wp\/v2\/posts\/21283"}],"collection":[{"href":"https:\/\/www.tunaespana.es\/index.php?rest_route=\/wp\/v2\/posts"}],"about":[{"href":"https:\/\/www.tunaespana.es\/index.php?rest_route=\/wp\/v2\/types\/post"}],"author":[{"embeddable":true,"href":"https:\/\/www.tunaespana.es\/index.php?rest_route=\/wp\/v2\/users\/2"}],"replies":[{"embeddable":true,"href":"https:\/\/www.tunaespana.es\/index.php?rest_route=%2Fwp%2Fv2%2Fcomments&post=21283"}],"version-history":[{"count":6,"href":"https:\/\/www.tunaespana.es\/index.php?rest_route=\/wp\/v2\/posts\/21283\/revisions"}],"predecessor-version":[{"id":34527,"href":"https:\/\/www.tunaespana.es\/index.php?rest_route=\/wp\/v2\/posts\/21283\/revisions\/34527"}],"wp:attachment":[{"href":"https:\/\/www.tunaespana.es\/index.php?rest_route=%2Fwp%2Fv2%2Fmedia&parent=21283"}],"wp:term":[{"taxonomy":"category","embeddable":true,"href":"https:\/\/www.tunaespana.es\/index.php?rest_route=%2Fwp%2Fv2%2Fcategories&post=21283"},{"taxonomy":"post_tag","embeddable":true,"href":"https:\/\/www.tunaespana.es\/index.php?rest_route=%2Fwp%2Fv2%2Ftags&post=21283"}],"curies":[{"name":"wp","href":"https:\/\/api.w.org\/{rel}","templated":true}]}}