{"id":21522,"date":"2013-11-04T19:20:16","date_gmt":"2013-11-04T19:20:16","guid":{"rendered":"http:\/\/www.tunaespana.es\/?p=21522"},"modified":"2013-11-04T19:20:16","modified_gmt":"2013-11-04T19:20:16","slug":"campanitas-navidenasacorde-guitarra-letra-tabladura-cancionero-tunavillancico-xx","status":"publish","type":"post","link":"https:\/\/www.tunaespana.es\/?p=21522","title":{"rendered":"Campanitas Navide\u00f1as,Acorde Guitarra, Letra Tabladura, Cancionero Tuna,Villancico, xx"},"content":{"rendered":"<h1 align=\"CENTER\"><span style=\"color: #000000;\"><span style=\"font-family: Georgia,Times New Roman,Bitstream Charter,Times,serif;\"><span style=\"font-size: xx-small;\">.<\/span><\/span><\/span><\/h1>\n<h1 align=\"CENTER\"><span style=\"color: #ff3366;\"> <span style=\"font-family: Georgia,Times New Roman,Bitstream Charter,Times,serif;\"><span style=\"font-size: xx-large;\">Campanitas Navide\u00f1as<\/span><\/span><\/span><\/h1>\n<p align=\"CENTER\"><span style=\"color: #ffff00;\"><span style=\"font-family: Georgia,Times New Roman,Bitstream Charter,Times,serif;\"><span style=\"font-size: medium;\">Autor: <\/span><\/span><\/span><\/p>\n<p align=\"CENTER\"><span style=\"color: #0000ff;\">Interpretan: <\/span><span style=\"color: #2323dc;\"><span style=\"font-size: medium;\">TunaEspa\u00f1a<\/span><\/span><\/p>\n<p align=\"CENTER\"><span style=\"color: #00ff00;\">TunaEspa\u00f1a (Don Dudo) www.TunaEspa\u00f1a.es \u00a0 <\/span><\/p>\n<p align=\"CENTER\"><span style=\"color: #ff00ff;\"><span style=\"font-family: Georgia,Times New Roman,Bitstream Charter,Times,serif;\"><span style=\"font-size: medium;\">Ritmo: Villancico Popular Espa\u00f1ol<br \/>\n<\/span><\/span><\/span><\/p>\n<p align=\"CENTER\"><span style=\"color: #ff00ff;\"><span style=\"font-family: Georgia,Times New Roman,Bitstream Charter,Times,serif;\"><span style=\"font-size: medium;\"><span style=\"color: #0000ff;\">Enlace Youtube: <a href=\"http:\/\/www.youtube.com\/watch?v=1ap2fMQxfjs\">Pinche aqui para escuchar la cancion<\/a><br \/>\n<\/span><\/span><\/span><\/span><\/p>\n<p align=\"CENTER\"><span style=\"color: #0000ff;\"><span style=\"font-family: Georgia,Times New Roman,Bitstream Charter,Times,serif;\"><span style=\"font-size: medium;\">.<\/span><\/span><\/span><\/p>\n<p align=\"CENTER\"><a href=\"http:\/\/www.tunaespana.es\/wp-content\/uploads\/2013\/11\/TunaEspa\u00f1a-Don-Paco-Villar-Tunas-Universitarias-musica-Tuna.jpg\"><img decoding=\"async\" loading=\"lazy\" class=\"aligncenter size-full wp-image-21523\" alt=\"TunaEspa\u00f1a, Don Paco Villar, Tunas Universitarias, musica Tuna\" src=\"http:\/\/www.tunaespana.es\/wp-content\/uploads\/2013\/11\/TunaEspa\u00f1a-Don-Paco-Villar-Tunas-Universitarias-musica-Tuna.jpg\" width=\"617\" height=\"292\" srcset=\"https:\/\/www.tunaespana.es\/wp-content\/uploads\/2013\/11\/TunaEspa\u00f1a-Don-Paco-Villar-Tunas-Universitarias-musica-Tuna.jpg 617w, https:\/\/www.tunaespana.es\/wp-content\/uploads\/2013\/11\/TunaEspa\u00f1a-Don-Paco-Villar-Tunas-Universitarias-musica-Tuna-300x141.jpg 300w\" sizes=\"(max-width: 617px) 100vw, 617px\" \/><\/a><\/p>\n<p align=\"CENTER\"><span style=\"color: #00ae00;\"><span style=\"font-family: Georgia,Times New Roman,Bitstream Charter,Times,serif;\"><span style=\"font-size: small;\">\u00a0<\/span><\/span><\/span><\/p>\n<pre><a>MI<\/a>                 <a>FA#m<\/a>\r\nEn la capilla hay repiques\r\n      <a>SI7<\/a>       <a>MI<\/a>\r\nde campanas navide\u00f1as,\r\n                 <a>FA#m<\/a>\r\ny en pesebre una Virgen\r\n      <a>SI7<\/a>          <a>MI<\/a>\r\ndesvelada sufre y sue\u00f1a.\r\n                     <a>FA#m<\/a>\r\nContempla al ni\u00f1o dormido,\r\n<a>SI7<\/a>               <a>MI<\/a>\r\nmira su frente serena\r\n<a>LA<\/a>               <a>MI<\/a>\r\ny una sonrisa ilumina\r\n      <a>SI7<\/a>        <a>MI<\/a>\r\nsu carita de azucena.\r\n\r\ncoro\r\n\r\n               <a>SI7<\/a>\r\n\/Tan...Lin...Lan...\r\n                          <a>MI<\/a>\r\nlas campanitas sonando estan,\r\n             <a>LA<\/a>\r\nTan...Lin...Lan...\r\n          <a>MI<\/a>     <a>SI7<\/a>       <a>MI<\/a>\r\nlas campanitas sonando estan\/\r\n\r\nCada ma\u00f1ana en la torre\r\n\r\nde la iglesia campesina\r\n\r\nlas campanas de despiertan\r\n\r\na pesar de la neblina.\r\n\r\nLLegando la nochebuena\r\n\r\nlanzan alegres al viento\r\n\r\nuna plegaria amorosa\r\n\r\nadorando al rey del cielo.<\/pre>\n","protected":false},"excerpt":{"rendered":"<p>. Campanitas Navide\u00f1as Autor: Interpretan: TunaEspa\u00f1a TunaEspa\u00f1a (Don Dudo) www.TunaEspa\u00f1a.es \u00a0 Ritmo: Villancico Popular Espa\u00f1ol Enlace Youtube: Pinche aqui para escuchar la cancion . \u00a0 MI FA#m En la capilla hay repiques SI7 MI de campanas navide\u00f1as, FA#m y en pesebre una Virgen SI7 MI desvelada sufre y sue\u00f1a. FA#m Contempla al ni\u00f1o dormido, SI7 [&hellip;]<\/p>\n","protected":false},"author":2,"featured_media":0,"comment_status":"closed","ping_status":"closed","sticky":false,"template":"","format":"standard","meta":[],"categories":[39,263],"tags":[2111,856,2899,1581,1475,1239],"_links":{"self":[{"href":"https:\/\/www.tunaespana.es\/index.php?rest_route=\/wp\/v2\/posts\/21522"}],"collection":[{"href":"https:\/\/www.tunaespana.es\/index.php?rest_route=\/wp\/v2\/posts"}],"about":[{"href":"https:\/\/www.tunaespana.es\/index.php?rest_route=\/wp\/v2\/types\/post"}],"author":[{"embeddable":true,"href":"https:\/\/www.tunaespana.es\/index.php?rest_route=\/wp\/v2\/users\/2"}],"replies":[{"embeddable":true,"href":"https:\/\/www.tunaespana.es\/index.php?rest_route=%2Fwp%2Fv2%2Fcomments&post=21522"}],"version-history":[{"count":2,"href":"https:\/\/www.tunaespana.es\/index.php?rest_route=\/wp\/v2\/posts\/21522\/revisions"}],"predecessor-version":[{"id":21525,"href":"https:\/\/www.tunaespana.es\/index.php?rest_route=\/wp\/v2\/posts\/21522\/revisions\/21525"}],"wp:attachment":[{"href":"https:\/\/www.tunaespana.es\/index.php?rest_route=%2Fwp%2Fv2%2Fmedia&parent=21522"}],"wp:term":[{"taxonomy":"category","embeddable":true,"href":"https:\/\/www.tunaespana.es\/index.php?rest_route=%2Fwp%2Fv2%2Fcategories&post=21522"},{"taxonomy":"post_tag","embeddable":true,"href":"https:\/\/www.tunaespana.es\/index.php?rest_route=%2Fwp%2Fv2%2Ftags&post=21522"}],"curies":[{"name":"wp","href":"https:\/\/api.w.org\/{rel}","templated":true}]}}