{"id":2192,"date":"2011-06-16T16:32:47","date_gmt":"2011-06-16T16:32:47","guid":{"rendered":"http:\/\/www.tunaespana.com\/wp\/?p=2192"},"modified":"2014-06-09T15:38:18","modified_gmt":"2014-06-09T15:38:18","slug":"siboney","status":"publish","type":"post","link":"https:\/\/www.tunaespana.es\/?p=2192","title":{"rendered":"Siboney ,Acorde Guitarra, Letra Tabladura, Cancionero Tuna,"},"content":{"rendered":"<p style=\"text-align: center;\">.<\/p>\n<p style=\"text-align: center;\"><strong><span style=\"font-size: x-large; color: #ff0000;\">Siboney<\/span><\/strong><\/p>\n<p><a href=\"http:\/\/www.tunaespana.es\/wp-content\/uploads\/2011\/06\/TunaESpa\u00f1a-Cancionero-Tuna-3-Don-Mafaldo-Don-Dudo-Don-Remache-Musica-Tuna-Canciones-Tuna.jpg\"><img decoding=\"async\" loading=\"lazy\" class=\"aligncenter size-full wp-image-26291\" src=\"http:\/\/www.tunaespana.es\/wp-content\/uploads\/2011\/06\/TunaESpa\u00f1a-Cancionero-Tuna-3-Don-Mafaldo-Don-Dudo-Don-Remache-Musica-Tuna-Canciones-Tuna.jpg\" alt=\"TunaESpa\u00f1a, Cancionero Tuna ,3, Don Mafaldo, Don Dudo, Don Remache, Musica Tuna, Canciones Tuna\" width=\"597\" height=\"363\" srcset=\"https:\/\/www.tunaespana.es\/wp-content\/uploads\/2011\/06\/TunaESpa\u00f1a-Cancionero-Tuna-3-Don-Mafaldo-Don-Dudo-Don-Remache-Musica-Tuna-Canciones-Tuna.jpg 597w, https:\/\/www.tunaespana.es\/wp-content\/uploads\/2011\/06\/TunaESpa\u00f1a-Cancionero-Tuna-3-Don-Mafaldo-Don-Dudo-Don-Remache-Musica-Tuna-Canciones-Tuna-300x182.jpg 300w\" sizes=\"(max-width: 597px) 100vw, 597px\" \/><\/a><\/p>\n<h1 class=\"western\" style=\"font-weight: normal; line-height: 0.5cm; widows: 2; orphans: 2;\" align=\"CENTER\"><span style=\"color: #ffff00;\"><span style=\"font-family: Georgia,Times New Roman,Bitstream Charter,Times,serif;\"><span style=\"font-size: medium;\">Autor: <span style=\"color: #ffff00; font-size: medium;\">Ernesto Lecuona<\/span><\/span><\/span><\/span><\/h1>\n<p style=\"line-height: 0.5cm; widows: 2; orphans: 2;\" align=\"CENTER\"><span style=\"color: #0000ff;\">Interpretan:\u00a0<span style=\"color: #0000ff; font-size: medium;\">Trio Los panchos (Jhonny Albino), Xavier Cugat, Placido Domingo,La Lecuona Cuban Boys<br \/>\n<\/span><\/span><\/p>\n<p style=\"margin-bottom: 0cm; font-style: normal; font-weight: normal; line-height: 0.5cm; widows: 2; orphans: 2;\" align=\"CENTER\"><span style=\"color: #ff00ff;\"><span style=\"font-family: Georgia,Times New Roman,Bitstream Charter,Times,serif;\"><span style=\"font-size: medium;\"><span style=\"background: transparent;\">Ritmo: <\/span><\/span><\/span><\/span><\/p>\n<p style=\"line-height: 0.5cm; widows: 2; orphans: 2;\" align=\"CENTER\"><span style=\"color: #00ff00;\">Don Dudo (TunaEspa\u00f1a)<\/span><\/p>\n<p style=\"margin-bottom: 0cm; font-style: normal; font-weight: normal; line-height: 0.5cm; widows: 2; orphans: 2;\" align=\"CENTER\"><span style=\"color: #0000ff;\"><span style=\"font-family: Georgia,Times New Roman,Bitstream Charter,Times,serif;\"><span style=\"font-size: small;\">[Tube]http:\/\/www.youtube.com\/watch?v=C6Z2FN4nuPM[\/Tube]<\/span><\/span><\/span><\/p>\n<pre><span style=\"color: #ffffff; font-size: large;\"><span style=\"color: #cc99ff;\">Rem\r\nSiboney\r\nSolm       Rem\r\nYo    te   quiero,\r\nSolm       Rem\r\nYo me muero\r\nLa7      Rem\r\nPor tu amor\r\n\r\nSiboney,\r\nSolm       Rem\r\nEn tu boca\r\nSolm       Rem\r\nLa miel puso\r\nLa7      Rem\r\nSu dulzor\r\n\r\nLa7\r\nVen aqu\u00a1\r\nLa7\r\nQue te quiero\r\n          Solm      La7\r\nY que todo tesoro\r\n          Solm      La7\r\nEres t\u00a3 para mi\r\n\r\nRem\r\nSiboney\r\nSolm       Rem\r\nAl arrullo\r\nSolm       Rem\r\nDe tu palma\r\n     La7   Re\r\nPienso en ti\r\n\r\nRe\r\nSiboney\r\nRe\r\nDe mi sue\u00a4o\r\nRe\r\nSi no oyes queja\r\n     La7\r\nDe mi voz\r\n\r\nLa7\r\nSiboney\r\nLa7\r\nSi no vienes\r\nLa7\r\nMe morir\u201a\r\nRe\r\nDe amor\r\n\r\nRe\r\nSiboney\r\nRe\r\nDe mi sue\u00a4o\r\nRe\r\nTe espero con ansia\r\n     La7\r\nEn mi caney\r\n\r\nLa7\r\nSiboney\r\nLa7\r\nSi no vienes\r\nLa7\r\nMe morir\u201a\r\nRe\r\nDe amor\r\n\r\nSolm       Rem\r\nOye    el  eco\r\nSolm       Rem\r\nDe   mi    canto\r\nLa7     Rem\r\nDe cristal\r\n\r\nSolm\r\nNo se pierda\r\n          La7\r\nEntre el rudo\r\n       Rem<\/span><\/span><\/pre>\n<pre><span style=\"font-size: medium; color: #cc99ff;\">Manigual<\/span><\/pre>\n<p style=\"margin-bottom: 0cm; font-style: normal; font-weight: normal; line-height: 0.5cm; widows: 2; orphans: 2;\" align=\"CENTER\"><span style=\"color: #0000ff;\"><span style=\"font-family: Georgia,Times New Roman,Bitstream Charter,Times,serif;\"><span style=\"font-size: small;\">[Tube]http:\/\/www.youtube.com\/watch?v=vA30VSmRcT0[\/Tube]<\/span><\/span><\/span><\/p>\n<pre><\/pre>\n<pre><\/pre>\n<pre><\/pre>\n<pre>\u00a0<span style=\"color: #ff00ff;\">Otro Tono<\/span><\/pre>\n<pre><\/pre>\n<pre><span style=\"color: #ff00ff;\"> <a><span style=\"color: #ff00ff;\">Cm<\/span><\/a>  <a><span style=\"color: #ff00ff;\">Fm<\/span><\/a>      <a><span style=\"color: #ff00ff;\">Cm<\/span><\/a>           <a><span style=\"color: #ff00ff;\">G7<\/span><\/a>    <a><span style=\"color: #ff00ff;\">Fm<\/span><\/a>     <a><span style=\"color: #ff00ff;\">Cm<\/span><\/a>\r\nSiboney,  yo te quiero yo me muero por tu amor,\r\n\r\n        <a><span style=\"color: #ff00ff;\">Fm<\/span><\/a>      <a><span style=\"color: #ff00ff;\">Cm<\/span><\/a>           <a><span style=\"color: #ff00ff;\">G7<\/span><\/a>   <a><span style=\"color: #ff00ff;\">Fm<\/span><\/a>    <a><span style=\"color: #ff00ff;\">Cm<\/span><\/a>\r\nSiboney,  en tu boca la miel puso su dulzor.\r\n\r\n\r\n      <a><span style=\"color: #ff00ff;\">G7<\/span><\/a>      <a><span style=\"color: #ff00ff;\">G#<\/span><\/a> <a><span style=\"color: #ff00ff;\">G7<\/span><\/a>           <a><span style=\"color: #ff00ff;\">G#<\/span><\/a>     <a><span style=\"color: #ff00ff;\">G7<\/span><\/a>    <a><span style=\"color: #ff00ff;\">Fm<\/span><\/a>           <a><span style=\"color: #ff00ff;\">G7<\/span><\/a>\r\nVen a mi, que te quiero y que todo tesoro, eres t\u00fa para m\u00ed,\r\n\r\n    <a><span style=\"color: #ff00ff;\">Cm<\/span><\/a>  <a><span style=\"color: #ff00ff;\">Fm<\/span><\/a>     <a><span style=\"color: #ff00ff;\">Cm<\/span><\/a>           <a><span style=\"color: #ff00ff;\">G7<\/span><\/a>      <a><span style=\"color: #ff00ff;\">Fm<\/span><\/a>        <a><span style=\"color: #ff00ff;\">C<\/span><\/a>\r\nSiboney,  al arrullo de tus palmas, pienso en t\u00ed.\r\n\r\n\r\n                          <a><span style=\"color: #ff00ff;\">Cdim<\/span><\/a>             <a><span style=\"color: #ff00ff;\">G7<\/span><\/a>\r\nSiboney, de mis sue\u00f1os si no oyes la queja de mi voz,\r\n\r\n                                   <a><span style=\"color: #ff00ff;\">C<\/span><\/a>\r\nSiboney, si no vienes me morir\u00e9 de amor.\r\n\r\n                          <a><span style=\"color: #ff00ff;\">Cdim<\/span><\/a>                <a><span style=\"color: #ff00ff;\">G7<\/span><\/a>\r\nSiboney, de mis sue\u00f1os te espero con ansia en mi cal\u00e9,\r\n\r\n                                        <a><span style=\"color: #ff00ff;\">C<\/span><\/a>\r\nporque tu eres el sue\u00f1o de mi amor, Siboney.\r\n\r\n\r\n<a><span style=\"color: #ff00ff;\">Fm<\/span><\/a>     <a><span style=\"color: #ff00ff;\">Cm<\/span><\/a>        <a><span style=\"color: #ff00ff;\">G7<\/span><\/a>    <a><span style=\"color: #ff00ff;\">Fm<\/span><\/a>     <a><span style=\"color: #ff00ff;\">Cm<\/span><\/a>                             <a><span style=\"color: #ff00ff;\">G7<\/span><\/a>\r\nOye el eco de mi canto de cristal, no se pierda por entre el rudo\r\n\r\n    <a><span style=\"color: #ff00ff;\">C<\/span><\/a>\r\nmanigual.\r\n<\/span><\/pre>\n<p style=\"margin-bottom: 0cm; font-style: normal; font-weight: normal; line-height: 0.5cm; widows: 2; orphans: 2;\" align=\"CENTER\"><span style=\"color: #0000ff;\"><span style=\"font-family: Georgia,Times New Roman,Bitstream Charter,Times,serif;\"><span style=\"font-size: small;\">[Tube]http:\/\/www.youtube.com\/watch?v=DKI8U2f4FNg [\/Tube]<\/span><\/span><\/span><\/p>\n<p style=\"margin-bottom: 0cm; font-style: normal; font-weight: normal; line-height: 0.5cm; widows: 2; orphans: 2;\" align=\"CENTER\"><span style=\"color: #0000ff;\"><span style=\"font-family: Georgia,Times New Roman,Bitstream Charter,Times,serif;\"><span style=\"font-size: small;\">\u00a0<\/span><\/span><\/span><\/p>\n<p style=\"margin-bottom: 0cm; font-style: normal; font-weight: normal; line-height: 0.5cm; widows: 2; orphans: 2;\" align=\"CENTER\"><span style=\"color: #cc99ff;\">La Lecuona Cuban Boys grab\u00f3 acompa\u00f1ando a muchos cantantes de fama mundial, tales como: Pedro Vargas, Osvaldo Novarro, Fernando Torres, Rita Montaner, Esther Borja, Helen Jacson, Margarita Lecuona, Peggy Walsh, Alberto de Alves y tambi\u00e9n con el pianista Bola de Nieve.<\/span><br \/>\n<span style=\"color: #cc99ff;\">Durante los a\u00f1os de la Guerra Mundial se present\u00f3 en R\u00edo de Janeiro, Santiago, Bogot\u00e1, Lima, Quito, etc. En 1946, la Orquesta aparece en la gran producci\u00f3n hollywoodiana Carnaval en Costa Rica, con m\u00fasica de Ernesto Lecuona. Luego de su actuaci\u00f3n en dicho film, surgen diferencias de criterios tan usuales en las orquestas de m\u00fasica popular y, el Maestro Armando Or\u00e9fiche le deja a sus compa\u00f1eros todo, inclusive el famoso nombre de la orquesta, quedando \u00e9sta bajo la direcci\u00f3n de Gerardo Bruguera.<\/span><br \/>\n<span style=\"color: #cc99ff;\">Armando Or\u00e9fiche junto con otros m\u00fasicos, al separarse de la Lecuona Cuban Boys, crea su propia agrupaci\u00f3n: Armando Or\u00e9fiche y sus Havana Cuban Boys.<\/span><br \/>\n<span style=\"color: #cc99ff;\">A pesar de todo, la Lecuona Cuban Boys contin\u00faa su carrera musical. Reside varios a\u00f1os en New York, realiza de nuevo giras por Am\u00e9rica del Sur y hace su \u00faltima presentaci\u00f3n en Europa en 1961, el el Kursaal de Ostende (B\u00e9lgica).<\/span><br \/>\n<span style=\"color: #cc99ff;\">La Orquesta mantiene su actividad hasta 1975. En su etapa final cantaron tambi\u00e9n con la Lecuona: Vit\u00edn Avil\u00e9s, Rey Alvarado, George Henry, Ernesto Ojea, Cuarteto Los Cafros, Cuarteto Voces Latinas.<\/span><br \/>\n<span style=\"color: #cc99ff;\">La Lecuona Cuban Boys tuvo as\u00ed m\u00e1s de 40 a\u00f1os de trayectoria musical.<\/span><br \/>\n<span style=\"color: #cc99ff;\">Florencio Sequera Jim\u00e9nez Fuller<\/span><\/p>\n<pre><span style=\"color: #ff00ff;\">\u00a0<\/span><\/pre>\n<pre><span style=\"color: #ff00ff; font-size: large;\">\u00a0<\/span><\/pre>\n","protected":false},"excerpt":{"rendered":"<p>. Siboney Autor: Ernesto Lecuona Interpretan:\u00a0Trio Los panchos (Jhonny Albino), Xavier Cugat, Placido Domingo,La Lecuona Cuban Boys Ritmo: Don Dudo (TunaEspa\u00f1a) [Tube]http:\/\/www.youtube.com\/watch?v=C6Z2FN4nuPM[\/Tube] Rem Siboney Solm Rem Yo te quiero, Solm Rem Yo me muero La7 Rem Por tu amor Siboney, Solm Rem En tu boca Solm Rem La miel puso La7 Rem Su dulzor La7 [&hellip;]<\/p>\n","protected":false},"author":2,"featured_media":0,"comment_status":"closed","ping_status":"closed","sticky":false,"template":"","format":"standard","meta":[],"categories":[274,22,171,263],"tags":[4585,4636,4053,4052,4663,4046],"_links":{"self":[{"href":"https:\/\/www.tunaespana.es\/index.php?rest_route=\/wp\/v2\/posts\/2192"}],"collection":[{"href":"https:\/\/www.tunaespana.es\/index.php?rest_route=\/wp\/v2\/posts"}],"about":[{"href":"https:\/\/www.tunaespana.es\/index.php?rest_route=\/wp\/v2\/types\/post"}],"author":[{"embeddable":true,"href":"https:\/\/www.tunaespana.es\/index.php?rest_route=\/wp\/v2\/users\/2"}],"replies":[{"embeddable":true,"href":"https:\/\/www.tunaespana.es\/index.php?rest_route=%2Fwp%2Fv2%2Fcomments&post=2192"}],"version-history":[{"count":7,"href":"https:\/\/www.tunaespana.es\/index.php?rest_route=\/wp\/v2\/posts\/2192\/revisions"}],"predecessor-version":[{"id":26298,"href":"https:\/\/www.tunaespana.es\/index.php?rest_route=\/wp\/v2\/posts\/2192\/revisions\/26298"}],"wp:attachment":[{"href":"https:\/\/www.tunaespana.es\/index.php?rest_route=%2Fwp%2Fv2%2Fmedia&parent=2192"}],"wp:term":[{"taxonomy":"category","embeddable":true,"href":"https:\/\/www.tunaespana.es\/index.php?rest_route=%2Fwp%2Fv2%2Fcategories&post=2192"},{"taxonomy":"post_tag","embeddable":true,"href":"https:\/\/www.tunaespana.es\/index.php?rest_route=%2Fwp%2Fv2%2Ftags&post=2192"}],"curies":[{"name":"wp","href":"https:\/\/api.w.org\/{rel}","templated":true}]}}