{"id":23302,"date":"2014-01-16T19:23:48","date_gmt":"2014-01-16T19:23:48","guid":{"rendered":"http:\/\/www.tunaespana.es\/?p=23302"},"modified":"2014-01-24T18:42:39","modified_gmt":"2014-01-24T18:42:39","slug":"a-flor-saudade-acorde-guitarra-letra-tabladura-cancionero-tuna-brasilxx","status":"publish","type":"post","link":"https:\/\/www.tunaespana.es\/?p=23302","title":{"rendered":"A Flor Saudade ,Acorde Guitarra, Letra Tabladura, Cancionero Tuna, Brasilxx"},"content":{"rendered":"<h1 align=\"CENTER\"><span style=\"color: #000000;\"><span style=\"font-family: Georgia,Times New Roman,Bitstream Charter,Times,serif;\"><span style=\"font-size: xx-small;\">.<\/span><\/span><\/span><\/h1>\n<h1 align=\"CENTER\"><span style=\"color: #ff3366;\"> <span style=\"font-family: Georgia,Times New Roman,Bitstream Charter,Times,serif;\"><span style=\"font-size: xx-large;\"><span style=\"color: #ff0000;\">A Flor Saudade <\/span><\/span><\/span><\/span><\/h1>\n<p align=\"CENTER\"><span style=\"color: #ffff00;\"><span style=\"font-family: Georgia,Times New Roman,Bitstream Charter,Times,serif;\"><span style=\"font-size: medium;\">Autor: <\/span><\/span><\/span><\/p>\n<p align=\"CENTER\"><a href=\"http:\/\/www.tunaespana.es\/wp-content\/uploads\/2014\/01\/01TunaEspa\u00f1aDon-Dudo-Derecho-Murcia-SanLucar-Barrameda-Cadiz-tunos.com-cancionero-tuna-certamen-tuna-Tuna-Universitaria.jpg\"><img decoding=\"async\" loading=\"lazy\" class=\"aligncenter size-full wp-image-23303\" alt=\"01,TunaEspa\u00f1a,Don Dudo, Derecho Murcia, SanLucar Barrameda, Cadiz, tunos.com, cancionero tuna, certamen tuna, Tuna Universitaria\" src=\"http:\/\/www.tunaespana.es\/wp-content\/uploads\/2014\/01\/01TunaEspa\u00f1aDon-Dudo-Derecho-Murcia-SanLucar-Barrameda-Cadiz-tunos.com-cancionero-tuna-certamen-tuna-Tuna-Universitaria.jpg\" width=\"664\" height=\"284\" srcset=\"https:\/\/www.tunaespana.es\/wp-content\/uploads\/2014\/01\/01TunaEspa\u00f1aDon-Dudo-Derecho-Murcia-SanLucar-Barrameda-Cadiz-tunos.com-cancionero-tuna-certamen-tuna-Tuna-Universitaria.jpg 664w, https:\/\/www.tunaespana.es\/wp-content\/uploads\/2014\/01\/01TunaEspa\u00f1aDon-Dudo-Derecho-Murcia-SanLucar-Barrameda-Cadiz-tunos.com-cancionero-tuna-certamen-tuna-Tuna-Universitaria-300x128.jpg 300w\" sizes=\"(max-width: 664px) 100vw, 664px\" \/><\/a><\/p>\n<p align=\"CENTER\"><span style=\"color: #0000ff;\">Interpretan: TunaEspa\u00f1a, Trio Irakitan<\/span><\/p>\n<p align=\"CENTER\"><span style=\"color: #00ff00;\">TunaEspa\u00f1a (Don Dudo) www.TunaEspa\u00f1a.es \u00a0 <\/span><\/p>\n<p align=\"CENTER\"><span style=\"color: #ff00ff;\"><span style=\"font-family: Georgia,Times New Roman,Bitstream Charter,Times,serif;\"><span style=\"font-size: medium;\">Ritmo: <\/span><\/span><\/span><\/p>\n<p align=\"CENTER\"><span style=\"color: #0000ff;\"><span style=\"font-family: Georgia,Times New Roman,Bitstream Charter,Times,serif;\"><span style=\"font-size: medium;\">[Tube]http:\/\/www.youtube.com\/watch?v=TW10nXMD6zw#t=91[\/Tube]<\/span><\/span><\/span><\/p>\n<p align=\"CENTER\"><span style=\"color: #0000ff;\"><span style=\"font-family: Georgia,Times New Roman,Bitstream Charter,Times,serif;\"><span style=\"font-size: medium;\">.<\/span><\/span><\/span><\/p>\n<p align=\"CENTER\">Tono G<\/p>\n<pre id=\"ct_cifra\">(intro) <b>Em7<\/b> <b>Fmaj7<\/b> <b>B7<\/b> <b>Em7<\/b> <b>Fmaj7<\/b> <b>B7<\/b> <b>Em7<\/b> <b>Bm7<\/b> <b>Em7<\/b> <b>Bm7<\/b> <b>Am7<\/b> <b>Gmaj7<\/b> <b>F#m7<\/b> <b>B7<\/b> <b>Em7<\/b>\r\n\r\n <b>Em<\/b>      <b>Bm7<\/b>\r\nA flor ficou\r\n    <b>Em7<\/b>              <b>F#m7<\/b>     <b>B7<\/b>\r\nSem um perfume que voc\u00ea levou\r\n   <b>Em<\/b>     <b>Bm7<\/b>\r\nTristeza olhou\r\n   <b>Em7<\/b>         <b>F#m7<\/b> <b>B7<\/b>       <b>Em6<\/b>\r\nDormindo de sauda -   de e ent\u00e3o brincou.\r\n\r\n       An7           <b>D7<\/b>         <b>Gmaj7<\/b>          <b>Em7<\/b>\r\nTodo o mundo tem no sonho um pretenso algu\u00e9m,\r\n      <b>F#m7<\/b>         <b>B7(b13)<\/b>     <b>Em7<\/b>\r\nTodos sonhos t\u00eam a hora de acordar.\r\n      <b>Bm7<\/b>             <b>E7(9)<\/b>         <b>Am7<\/b>\r\nNo canteiro a flor perdeu todo o perfume seu,\r\n      <b>Gm7<\/b>         <b>C7<\/b>           <b>F#m7<\/b>  <b>B7<\/b>\r\nEu perdi no sonho tudo que era meu.\r\n\r\n  <b>Em<\/b>     <b>Bm7<\/b>\r\nA flor ficou\r\n    <b>Em7<\/b>              <b>F#m7<\/b>      <b>B7<\/b>\r\nSem um perfume que voce levou\r\n    <b>Em7<\/b>    <b>Bm7<\/b>\r\nTristeza, amor\r\n   <b>Em7<\/b>         <b>F#m7<\/b>  <b>B7<\/b>  <b>Em7<\/b>\r\nA flor saudade que     voc\u00ea deixou.\r\n\r\n(instrumental)\r\n\r\nTodo o mundo tem no sonho um pretenso algu\u00e9m,\r\nTodos sonhos t\u00eam a hora de acordar.\r\nNo canteiro a flor perdeu todo o perfume seu,\r\nEu perdi no sonho tudo que era meu.\r\n\r\nA flor ficou\r\nSem um perfume que voce levou\r\nTristeza, amor\r\nA flor saudade que voc\u00ea deixou.\r\n<b>F#m7<\/b> <b>B7<\/b>  <b>Em<\/b>\r\nEh,    voc\u00ea deixou,\r\n<b>F#m7<\/b> <b>B7<\/b>   <b>Em<\/b>\r\nSim,    voc\u00ea deixou,\r\n<b>F#m7<\/b> <b>B7<\/b>   <b>Em<\/b>\r\nAi,     voc\u00ea deixou<\/pre>\n<p align=\"CENTER\"><span style=\"color: #00ae00;\"><span style=\"font-family: Georgia,Times New Roman,Bitstream Charter,Times,serif;\"><span style=\"font-size: small;\">\u00a0<\/span><\/span><\/span><\/p>\n","protected":false},"excerpt":{"rendered":"<p>. A Flor Saudade Autor: Interpretan: TunaEspa\u00f1a, Trio Irakitan TunaEspa\u00f1a (Don Dudo) www.TunaEspa\u00f1a.es \u00a0 Ritmo: [Tube]http:\/\/www.youtube.com\/watch?v=TW10nXMD6zw#t=91[\/Tube] . Tono G (intro) Em7 Fmaj7 B7 Em7 Fmaj7 B7 Em7 Bm7 Em7 Bm7 Am7 Gmaj7 F#m7 B7 Em7 Em Bm7 A flor ficou Em7 F#m7 B7 Sem um perfume que voc\u00ea levou Em Bm7 Tristeza olhou Em7 F#m7 [&hellip;]<\/p>\n","protected":false},"author":2,"featured_media":0,"comment_status":"closed","ping_status":"closed","sticky":false,"template":"","format":"standard","meta":[],"categories":[42,263],"tags":[2111,856,3271,1581,1475,3223,3516,860,1328,723,4865,3224],"_links":{"self":[{"href":"https:\/\/www.tunaespana.es\/index.php?rest_route=\/wp\/v2\/posts\/23302"}],"collection":[{"href":"https:\/\/www.tunaespana.es\/index.php?rest_route=\/wp\/v2\/posts"}],"about":[{"href":"https:\/\/www.tunaespana.es\/index.php?rest_route=\/wp\/v2\/types\/post"}],"author":[{"embeddable":true,"href":"https:\/\/www.tunaespana.es\/index.php?rest_route=\/wp\/v2\/users\/2"}],"replies":[{"embeddable":true,"href":"https:\/\/www.tunaespana.es\/index.php?rest_route=%2Fwp%2Fv2%2Fcomments&post=23302"}],"version-history":[{"count":2,"href":"https:\/\/www.tunaespana.es\/index.php?rest_route=\/wp\/v2\/posts\/23302\/revisions"}],"predecessor-version":[{"id":23542,"href":"https:\/\/www.tunaespana.es\/index.php?rest_route=\/wp\/v2\/posts\/23302\/revisions\/23542"}],"wp:attachment":[{"href":"https:\/\/www.tunaespana.es\/index.php?rest_route=%2Fwp%2Fv2%2Fmedia&parent=23302"}],"wp:term":[{"taxonomy":"category","embeddable":true,"href":"https:\/\/www.tunaespana.es\/index.php?rest_route=%2Fwp%2Fv2%2Fcategories&post=23302"},{"taxonomy":"post_tag","embeddable":true,"href":"https:\/\/www.tunaespana.es\/index.php?rest_route=%2Fwp%2Fv2%2Ftags&post=23302"}],"curies":[{"name":"wp","href":"https:\/\/api.w.org\/{rel}","templated":true}]}}