{"id":23305,"date":"2014-01-16T19:30:09","date_gmt":"2014-01-16T19:30:09","guid":{"rendered":"http:\/\/www.tunaespana.es\/?p=23305"},"modified":"2014-01-24T18:42:08","modified_gmt":"2014-01-24T18:42:08","slug":"adeus-americaacorde-guitarra-letra-tabladura-cancionero-tuna-xxxx-samba","status":"publish","type":"post","link":"https:\/\/www.tunaespana.es\/?p=23305","title":{"rendered":"Adeus America,Acorde Guitarra, Letra Tabladura, Cancionero Tuna, xxxx, Samba"},"content":{"rendered":"<h1 align=\"CENTER\"><span style=\"color: #000000;\"><span style=\"font-family: Georgia,Times New Roman,Bitstream Charter,Times,serif;\"><span style=\"font-size: xx-small;\">.<\/span><\/span><\/span><\/h1>\n<h1 align=\"CENTER\"><span style=\"color: #ff3366;\"> <span style=\"font-family: Georgia,Times New Roman,Bitstream Charter,Times,serif;\"><span style=\"font-size: xx-large;\"><span style=\"color: #ff0000;\">Adeus America<\/span><\/span><\/span><\/span><\/h1>\n<p align=\"CENTER\"><span style=\"color: #ffff00;\"><span style=\"font-family: Georgia,Times New Roman,Bitstream Charter,Times,serif;\"><span style=\"font-size: medium;\">Autor: <\/span><\/span><\/span><\/p>\n<p align=\"CENTER\"><a href=\"http:\/\/www.tunaespana.es\/wp-content\/uploads\/2014\/01\/01TunaEspa\u00f1aDon-Dudo-Derecho-Murcia-SanLucar-Barrameda-tunos.com-cancionero-tuna.jpg\"><img decoding=\"async\" loading=\"lazy\" class=\"aligncenter size-full wp-image-23306\" alt=\"01,TunaEspa\u00f1a,Don Dudo, Derecho Murcia, SanLucar Barrameda, tunos.com, cancionero tuna\" src=\"http:\/\/www.tunaespana.es\/wp-content\/uploads\/2014\/01\/01TunaEspa\u00f1aDon-Dudo-Derecho-Murcia-SanLucar-Barrameda-tunos.com-cancionero-tuna.jpg\" width=\"596\" height=\"252\" srcset=\"https:\/\/www.tunaespana.es\/wp-content\/uploads\/2014\/01\/01TunaEspa\u00f1aDon-Dudo-Derecho-Murcia-SanLucar-Barrameda-tunos.com-cancionero-tuna.jpg 596w, https:\/\/www.tunaespana.es\/wp-content\/uploads\/2014\/01\/01TunaEspa\u00f1aDon-Dudo-Derecho-Murcia-SanLucar-Barrameda-tunos.com-cancionero-tuna-300x126.jpg 300w\" sizes=\"(max-width: 596px) 100vw, 596px\" \/><\/a><\/p>\n<p align=\"CENTER\"><span style=\"color: #0000ff;\">Interpretan: TunaEspa\u00f1a, Trio Irakitan<\/span><\/p>\n<p align=\"CENTER\"><span style=\"color: #00ff00;\">TunaEspa\u00f1a (Don Dudo) www.TunaEspa\u00f1a.es \u00a0 <\/span><\/p>\n<p align=\"CENTER\"><span style=\"color: #ff00ff;\"><span style=\"font-family: Georgia,Times New Roman,Bitstream Charter,Times,serif;\"><span style=\"font-size: medium;\">Ritmo:Samba<\/span><\/span><\/span><\/p>\n<p align=\"CENTER\"><span style=\"color: #0000ff;\"><span style=\"font-family: Georgia,Times New Roman,Bitstream Charter,Times,serif;\"><span style=\"font-size: medium;\">[Tube]http:\/\/www.youtube.com\/watch?v=tK2TUWdDR8E#t=89[\/Tube]<\/span><\/span><\/span><\/p>\n<p align=\"CENTER\"><span style=\"color: #0000ff;\"><span style=\"font-family: Georgia,Times New Roman,Bitstream Charter,Times,serif;\"><span style=\"font-size: medium;\">.<\/span><\/span><\/span><\/p>\n<div id=\"cifra_cnt\">\n<pre id=\"ct_tom_cifra\">Tono: <a id=\"cifra_troca_tom\" title=\"alterar o tom da cifra\" href=\"http:\/\/cifraclub.com\/trio-irakitan\/adeus-america\/#\">A<\/a><\/pre>\n<pre id=\"ct_cifra\">          <b>D6<\/b>\r\nN\u00e3o posso mais\r\n                       <b>Dm6<\/b>\r\nAi, que saudade do Brasil\r\n           <b>Dm6<\/b>\r\nAi, que vontade\r\n        <b>C#m7<\/b>       <b>A#dim7<\/b>\r\nQue eu tenho de voltar\r\n\r\n        <b>D6<\/b>\r\nAdeus Am\u00e9rica\r\n                   <b>Dm6<\/b>\r\nEssa terra \u00e9 muito boa\r\n                <b>Amaj7<\/b>\r\nMas n\u00e3o posso ficar\r\n\r\nPorque\r\n\r\n   <b>D7<\/b>             <b>Amaj7<\/b>\r\nO samba mandou me chamar\r\n   <b>D7<\/b>             <b>Amaj7<\/b>\r\nO samba mandou me chamar\r\n\r\n         <b>D7<\/b>\r\nEu digo adeus ao boogie woogie\r\n          <b>E7<\/b>\r\nAo woogie boogie\r\n           <b>A6<\/b>  <b>Amaj7<\/b>  <b>A7<\/b>\r\nE ao swing tamb\u00e9m\r\n\r\n          <b>D7<\/b>\r\nChega de rocks\r\n\r\nFox-trots\r\n    <b>E7<\/b>\r\nE pinotes\r\n                   <b>Amaj7<\/b>\r\nQue isso n\u00e3o me conv\u00e9m\r\n\r\n           <b>Dmaj7<\/b>\r\nEu quero voltar pra cu\u00edca\r\n          <b>Bm7<\/b>\r\nBater na barrica\r\n<b>Amaj7<\/b>       <b>A6<\/b>\r\nTocar tamborim\r\n\r\n          <b>D7<\/b>\r\nChega de lights\r\n\r\nE all rights\r\n     <b>D7<\/b>\r\nGood nights\r\n\r\nE for fights\r\n <b>E7<\/b>                   <b>E7<\/b>\r\nIsso n\u00e3o d\u00e1 mais pra mim\r\n\r\n(instrumental)\r\n\r\nO samba mandou me chamar.\r\n  <b>D7<\/b>             <b>Amaj7<\/b>\r\nO samba mandou me chamar\r\n   <b>D7<\/b>             <b>Amaj7<\/b>\r\nO samba mandou me chamar<\/pre>\n<\/div>\n<p align=\"CENTER\"><span style=\"color: #00ae00;\"><span style=\"font-family: Georgia,Times New Roman,Bitstream Charter,Times,serif;\"><span style=\"font-size: small;\">\u00a0<\/span><\/span><\/span><\/p>\n","protected":false},"excerpt":{"rendered":"<p>. Adeus America Autor: Interpretan: TunaEspa\u00f1a, Trio Irakitan TunaEspa\u00f1a (Don Dudo) www.TunaEspa\u00f1a.es \u00a0 Ritmo:Samba [Tube]http:\/\/www.youtube.com\/watch?v=tK2TUWdDR8E#t=89[\/Tube] . Tono: A D6 N\u00e3o posso mais Dm6 Ai, que saudade do Brasil Dm6 Ai, que vontade C#m7 A#dim7 Que eu tenho de voltar D6 Adeus Am\u00e9rica Dm6 Essa terra \u00e9 muito boa Amaj7 Mas n\u00e3o posso ficar Porque D7 [&hellip;]<\/p>\n","protected":false},"author":2,"featured_media":0,"comment_status":"closed","ping_status":"closed","sticky":false,"template":"","format":"standard","meta":[],"categories":[42,263],"tags":[2111,856,3271,1581,1475,3223,3516,860,1328,723,4865,3224],"_links":{"self":[{"href":"https:\/\/www.tunaespana.es\/index.php?rest_route=\/wp\/v2\/posts\/23305"}],"collection":[{"href":"https:\/\/www.tunaespana.es\/index.php?rest_route=\/wp\/v2\/posts"}],"about":[{"href":"https:\/\/www.tunaespana.es\/index.php?rest_route=\/wp\/v2\/types\/post"}],"author":[{"embeddable":true,"href":"https:\/\/www.tunaespana.es\/index.php?rest_route=\/wp\/v2\/users\/2"}],"replies":[{"embeddable":true,"href":"https:\/\/www.tunaespana.es\/index.php?rest_route=%2Fwp%2Fv2%2Fcomments&post=23305"}],"version-history":[{"count":2,"href":"https:\/\/www.tunaespana.es\/index.php?rest_route=\/wp\/v2\/posts\/23305\/revisions"}],"predecessor-version":[{"id":23541,"href":"https:\/\/www.tunaespana.es\/index.php?rest_route=\/wp\/v2\/posts\/23305\/revisions\/23541"}],"wp:attachment":[{"href":"https:\/\/www.tunaespana.es\/index.php?rest_route=%2Fwp%2Fv2%2Fmedia&parent=23305"}],"wp:term":[{"taxonomy":"category","embeddable":true,"href":"https:\/\/www.tunaespana.es\/index.php?rest_route=%2Fwp%2Fv2%2Fcategories&post=23305"},{"taxonomy":"post_tag","embeddable":true,"href":"https:\/\/www.tunaespana.es\/index.php?rest_route=%2Fwp%2Fv2%2Ftags&post=23305"}],"curies":[{"name":"wp","href":"https:\/\/api.w.org\/{rel}","templated":true}]}}