{"id":23332,"date":"2014-01-19T20:45:11","date_gmt":"2014-01-19T20:45:11","guid":{"rendered":"http:\/\/www.tunaespana.es\/?p=23332"},"modified":"2014-01-24T18:39:31","modified_gmt":"2014-01-24T18:39:31","slug":"chiquita-bacanaacorde-guitarra-letra-tabladura-cancionero-tunaemilinha-borba","status":"publish","type":"post","link":"https:\/\/www.tunaespana.es\/?p=23332","title":{"rendered":"Chiquita bacana,Acorde Guitarra, Letra Tabladura, Cancionero Tuna,Emilinha Borba"},"content":{"rendered":"<h1 align=\"CENTER\"><span style=\"color: #000000;\"><span style=\"font-family: Georgia,Times New Roman,Bitstream Charter,Times,serif;\"><span style=\"font-size: xx-small;\">.<\/span><\/span><\/span><\/h1>\n<h1 align=\"CENTER\"><span style=\"color: #ff3366;\"> <span style=\"font-family: Georgia,Times New Roman,Bitstream Charter,Times,serif;\"><span style=\"font-size: xx-large;\"><span style=\"color: #ff0000;\">Chiquita bacana<\/span><\/span><\/span><\/span><\/h1>\n<p align=\"CENTER\"><span style=\"color: #ffff00;\"><span style=\"font-family: Georgia,Times New Roman,Bitstream Charter,Times,serif;\"><span style=\"font-size: medium;\">Autor: <\/span><\/span><\/span><\/p>\n<p align=\"CENTER\"><a href=\"http:\/\/www.tunaespana.es\/wp-content\/uploads\/2014\/01\/TunaEspa\u00f1a-Ronda.jpg\"><img decoding=\"async\" loading=\"lazy\" class=\"aligncenter size-full wp-image-23333\" alt=\"TunaEspa\u00f1a, Ronda\" src=\"http:\/\/www.tunaespana.es\/wp-content\/uploads\/2014\/01\/TunaEspa\u00f1a-Ronda.jpg\" width=\"431\" height=\"324\" srcset=\"https:\/\/www.tunaespana.es\/wp-content\/uploads\/2014\/01\/TunaEspa\u00f1a-Ronda.jpg 431w, https:\/\/www.tunaespana.es\/wp-content\/uploads\/2014\/01\/TunaEspa\u00f1a-Ronda-300x225.jpg 300w\" sizes=\"(max-width: 431px) 100vw, 431px\" \/><\/a><\/p>\n<p align=\"CENTER\"><span style=\"color: #0000ff;\">Interpretan: TunaEspa\u00f1a, Trio Irakitan, Emilinha Borba<br \/>\n<\/span><\/p>\n<p align=\"CENTER\"><span style=\"color: #00ff00;\">TunaEspa\u00f1a (Don Dudo) www.TunaEspa\u00f1a.es \u00a0 <\/span><\/p>\n<p align=\"CENTER\"><span style=\"color: #ff00ff;\"><span style=\"font-family: Georgia,Times New Roman,Bitstream Charter,Times,serif;\"><span style=\"font-size: medium;\">Ritmo: <\/span><\/span><\/span><\/p>\n<p align=\"CENTER\"><span style=\"color: #0000ff;\"><span style=\"font-family: Georgia,Times New Roman,Bitstream Charter,Times,serif;\"><span style=\"font-size: medium;\">[Tube]http:\/\/www.youtube.com\/watch?v=JKs7yPcrsOk#t=29[\/Tube]<\/span><\/span><\/span><\/p>\n<p align=\"CENTER\"><span style=\"color: #0000ff;\"><span style=\"font-family: Georgia,Times New Roman,Bitstream Charter,Times,serif;\"><span style=\"font-size: medium;\">.<\/span><\/span><\/span><\/p>\n<div id=\"cifra_cnt\">\n<pre id=\"ct_tom_cifra\">Tono:F#<a id=\"cifra_troca_tom\" title=\"alterar o tom da cifra\" href=\"http:\/\/cifraclub.com\/trio-irakitan\/chiquita-bacana\/#\"><\/a><\/pre>\n<pre id=\"ct_cifra\">(intro) <b>C#7<\/b>  <b>F#maj7<\/b> <b>D#7<\/b> <b>G#m7<\/b> <b>Cdim7<\/b> <b>A#m7<\/b> <b>D#7(b9)<\/b> <b>G#m7<\/b> <b>C#7<\/b> <b>F#maj7<\/b> <b>F#6<\/b>\r\n\r\n   <b>F#<\/b>      <b>F#7<\/b>\r\nChiquita Bacana\r\n      <b>B6<\/b>     <b>Bm6<\/b>\r\nL\u00e1 da Martinica\r\n    <b>C#7<\/b>\r\nSe veste com uma casca\r\n   <b>F#maj7<\/b>\r\nDe banana nanica\r\n   <b>F#<\/b>      <b>F#7<\/b>\r\nChiquita Bacana\r\n      <b>B6<\/b>     <b>Bm6<\/b>\r\nL\u00e1 da Martinica\r\n    <b>C#7<\/b>\r\nSe veste com uma casca\r\n   <b>F#maj7<\/b>\r\nDe banana nanica\r\n\r\n     <b>G#m7<\/b>   <b>C#7<\/b>\r\nN\u00e3o usa vestido\r\n     <b>F#maj7<\/b>    <b>D#m<\/b>\r\nN\u00e3o usa cal\u00e7\u00e3o\r\n   <b>G#m7<\/b>     <b>C#7<\/b>\r\nInverno pra ela\r\n   <b>F#maj7<\/b>  <b>D#m7<\/b>\r\n\u00c9 pleno ver\u00e3o\r\n  <b>G#m7<\/b>     <b>C#7<\/b>\r\nExistencialista\r\n    <b>F#maj7<\/b>  <b>D#m<\/b>\r\nCom toda raz\u00e3o\r\n   <b>G#7<\/b>        <b>C#7<\/b>\r\nS\u00f3 faz o que manda\r\n          <b>F#6<\/b>\r\nO seu cora\u00e7\u00e3o\r\n\r\n(instrumental)\r\n\r\n   <b>F#<\/b>      <b>F#7<\/b>\r\nChiquita Bacana\r\n      <b>B6<\/b>     <b>Bm6<\/b>\r\nL\u00e1 da Martinica\r\n    <b>C#7<\/b>\r\nSe veste com uma casca\r\n   <b>F#maj7<\/b>\r\nDe banana nanica\r\n   <b>F#<\/b>      <b>F#7<\/b>\r\nChiquita Bacana\r\n      <b>B6<\/b>     <b>Bm6<\/b>\r\nL\u00e1 da Martinica\r\n    <b>C#7<\/b>\r\nSe veste com uma casca\r\n   <b>F#maj7<\/b>\r\nDe banana nanica\r\n   <b>G#m7<\/b>   <b>C#7<\/b>\r\nN\u00e3o usa vestido\r\n     <b>F#maj7<\/b>    <b>D#m<\/b>\r\nN\u00e3o usa cal\u00e7\u00e3o\r\n   <b>G#m7<\/b>     <b>C#7<\/b>\r\nInverno pra ela\r\n   <b>F#maj7<\/b>  <b>D#m7<\/b>\r\n\u00c9 pleno ver\u00e3o\r\n  <b>G#m7<\/b>     <b>C#7<\/b>\r\nExistencialista\r\n    <b>F#maj7<\/b>  <b>D#m<\/b>\r\nCom toda raz\u00e3o\r\n   <b>G#7<\/b>        <b>C#7<\/b>\r\nS\u00f3 faz o que manda\r\n          <b>F#6<\/b> <b>D#m7<\/b>\r\nO seu cora\u00e7\u00e3o\r\n\r\n<b>G#7<\/b>\r\n   Chi-qui-te\r\n<b>Gmaj7<\/b>\r\n   Ba-ca-na\r\n<b>F#maj7<\/b>            <b>F#6<\/b>\r\n      Cha-cha-cha<\/pre>\n<\/div>\n<p align=\"CENTER\"><span style=\"color: #0000ff;\"><span style=\"font-size: large;\">\u00a0<\/span><\/span><\/p>\n","protected":false},"excerpt":{"rendered":"<p>. Chiquita bacana Autor: Interpretan: TunaEspa\u00f1a, Trio Irakitan, Emilinha Borba TunaEspa\u00f1a (Don Dudo) www.TunaEspa\u00f1a.es \u00a0 Ritmo: [Tube]http:\/\/www.youtube.com\/watch?v=JKs7yPcrsOk#t=29[\/Tube] . Tono:F# (intro) C#7 F#maj7 D#7 G#m7 Cdim7 A#m7 D#7(b9) G#m7 C#7 F#maj7 F#6 F# F#7 Chiquita Bacana B6 Bm6 L\u00e1 da Martinica C#7 Se veste com uma casca F#maj7 De banana nanica F# F#7 Chiquita Bacana B6 [&hellip;]<\/p>\n","protected":false},"author":2,"featured_media":0,"comment_status":"closed","ping_status":"closed","sticky":false,"template":"","format":"standard","meta":[],"categories":[39,263],"tags":[2111,856,3271,1581,1475,3223,3489,3516,860,1328,723,4865,3224],"_links":{"self":[{"href":"https:\/\/www.tunaespana.es\/index.php?rest_route=\/wp\/v2\/posts\/23332"}],"collection":[{"href":"https:\/\/www.tunaespana.es\/index.php?rest_route=\/wp\/v2\/posts"}],"about":[{"href":"https:\/\/www.tunaespana.es\/index.php?rest_route=\/wp\/v2\/types\/post"}],"author":[{"embeddable":true,"href":"https:\/\/www.tunaespana.es\/index.php?rest_route=\/wp\/v2\/users\/2"}],"replies":[{"embeddable":true,"href":"https:\/\/www.tunaespana.es\/index.php?rest_route=%2Fwp%2Fv2%2Fcomments&post=23332"}],"version-history":[{"count":3,"href":"https:\/\/www.tunaespana.es\/index.php?rest_route=\/wp\/v2\/posts\/23332\/revisions"}],"predecessor-version":[{"id":23335,"href":"https:\/\/www.tunaespana.es\/index.php?rest_route=\/wp\/v2\/posts\/23332\/revisions\/23335"}],"wp:attachment":[{"href":"https:\/\/www.tunaespana.es\/index.php?rest_route=%2Fwp%2Fv2%2Fmedia&parent=23332"}],"wp:term":[{"taxonomy":"category","embeddable":true,"href":"https:\/\/www.tunaespana.es\/index.php?rest_route=%2Fwp%2Fv2%2Fcategories&post=23332"},{"taxonomy":"post_tag","embeddable":true,"href":"https:\/\/www.tunaespana.es\/index.php?rest_route=%2Fwp%2Fv2%2Ftags&post=23332"}],"curies":[{"name":"wp","href":"https:\/\/api.w.org\/{rel}","templated":true}]}}