{"id":23421,"date":"2014-01-21T19:16:15","date_gmt":"2014-01-21T19:16:15","guid":{"rendered":"http:\/\/www.tunaespana.es\/?p=23421"},"modified":"2014-01-24T18:13:34","modified_gmt":"2014-01-24T18:13:34","slug":"no-tabuleiro-da-baianaacorde-guitarra-letra-tabladura-cancionero-tuna-samba","status":"publish","type":"post","link":"https:\/\/www.tunaespana.es\/?p=23421","title":{"rendered":"No Tabuleiro da Baiana,Acorde Guitarra, Letra Tabladura, Cancionero Tuna, Samba"},"content":{"rendered":"<h1 align=\"CENTER\"><span style=\"color: #000000;\"><span style=\"font-family: Georgia,Times New Roman,Bitstream Charter,Times,serif;\"><span style=\"font-size: xx-small;\">.<\/span><\/span><\/span><\/h1>\n<h1 align=\"CENTER\"><span style=\"color: #ff3366;\"> <span style=\"font-family: Georgia,Times New Roman,Bitstream Charter,Times,serif;\"><span style=\"font-size: xx-large;\"><span style=\"color: #ff0000;\">No Tabuleiro da Baiana<\/span><\/span><\/span><\/span><\/h1>\n<p align=\"CENTER\"><span style=\"color: #ffff00;\"><span style=\"font-family: Georgia,Times New Roman,Bitstream Charter,Times,serif;\"><span style=\"font-size: medium;\">Autor: Ary Barroso<\/span><\/span><\/span><\/p>\n<p align=\"CENTER\"><a href=\"http:\/\/www.tunaespana.es\/wp-content\/uploads\/2014\/01\/Tuna-Espa\u00f1a-Tunas-De-Espa\u00f1a-Cancionero-Tuna-Canciones-de-Tuna-Estudiantinas-Universitarias-08-certamen-tuna.jpg\"><img decoding=\"async\" loading=\"lazy\" class=\"aligncenter size-full wp-image-23423\" alt=\"Tuna Espa\u00f1a, Tunas De Espa\u00f1a, Cancionero Tuna, Canciones de Tuna, Estudiantinas Universitarias, 08, certamen tuna\" src=\"http:\/\/www.tunaespana.es\/wp-content\/uploads\/2014\/01\/Tuna-Espa\u00f1a-Tunas-De-Espa\u00f1a-Cancionero-Tuna-Canciones-de-Tuna-Estudiantinas-Universitarias-08-certamen-tuna.jpg\" width=\"532\" height=\"356\" srcset=\"https:\/\/www.tunaespana.es\/wp-content\/uploads\/2014\/01\/Tuna-Espa\u00f1a-Tunas-De-Espa\u00f1a-Cancionero-Tuna-Canciones-de-Tuna-Estudiantinas-Universitarias-08-certamen-tuna.jpg 532w, https:\/\/www.tunaespana.es\/wp-content\/uploads\/2014\/01\/Tuna-Espa\u00f1a-Tunas-De-Espa\u00f1a-Cancionero-Tuna-Canciones-de-Tuna-Estudiantinas-Universitarias-08-certamen-tuna-300x200.jpg 300w\" sizes=\"(max-width: 532px) 100vw, 532px\" \/><\/a><\/p>\n<p align=\"CENTER\"><span style=\"color: #0000ff;\">Interpretan: TunaEspa\u00f1a, Trio Irakitan<\/span><\/p>\n<p align=\"CENTER\"><span style=\"color: #00ff00;\">TunaEspa\u00f1a (Don Dudo) www.TunaEspa\u00f1a.es \u00a0 <\/span><\/p>\n<p align=\"CENTER\"><span style=\"color: #ff00ff;\"><span style=\"font-family: Georgia,Times New Roman,Bitstream Charter,Times,serif;\"><span style=\"font-size: medium;\">Ritmo:Samba<\/span><\/span><\/span><\/p>\n<p align=\"CENTER\"><span style=\"color: #0000ff;\"><span style=\"font-family: Georgia,Times New Roman,Bitstream Charter,Times,serif;\"><span style=\"font-size: medium;\">[Tube]http:\/\/www.youtube.com\/watch?v=zQDhA8qsfaI[\/Tube]<\/span><\/span><\/span><\/p>\n<p align=\"CENTER\"><span style=\"color: #0000ff;\"><span style=\"font-family: Georgia,Times New Roman,Bitstream Charter,Times,serif;\"><span style=\"font-size: medium;\">.<\/span><\/span><\/span><\/p>\n<pre id=\"ct_cifra\">                             <b>Fmaj7<\/b>\r\nNo tabuleiro da baiana tem\r\n    <b>E7M<\/b>   <b>F#m7<\/b> <b>G#m7<\/b> <b>F#m7<\/b>  <b>E7M<\/b>  <b>F#m7<\/b>  <b>G#m7<\/b>\r\nVatap\u00e1,   caru -ru, mungunz\u00e1,  tem umbu\r\n<b>F#m7<\/b> <b>B7<\/b> <b>Emaj7<\/b>             <b>C#m7<\/b>\r\nPra  Ioi\u00f4\r\n             <b>F#7<\/b>    <b>Bmaj7<\/b>\r\nSe eu pedir voc\u00ea me d\u00e1\r\n<b>G#m7<\/b>      <b>C#m7<\/b>      <b>F#7<\/b>\r\nO seu cora\u00e7\u00e3o, seu amor\r\n     <b>F#m7<\/b>  <b>Fmaj7<\/b> <b>Emaj7<\/b>\r\nDe Iai\u00e1\r\n\r\nNo cora\u00e7\u00e3o da baiana tamb\u00e9m tem\r\nSedu\u00e7\u00e3o, canjer\u00ea, candombl\u00e9, ilus\u00e3o\r\n<b>F#m7<\/b> <b>Fmaj7<\/b>  <b>Emaj7<\/b> <b>G#7<\/b>\r\nPra  vo-    c\u00ea\r\n\r\n <b>C#m7<\/b>          <b>G#m7<\/b>                <b>Gm7<\/b>\r\nJuro por Deus, pelo Senhor do Bonfim\r\n<b>F#m7<\/b>    <b>B7<\/b>  <b>Emaj7<\/b>                       <b>D7<\/b>\r\nQuero voc\u00ea baianinha inteirinha pra mim\r\n<b>C#7<\/b>              <b>F#m7<\/b>            <b>Am6<\/b>\r\nSe mas depois, o que ser\u00e1 de n\u00f3s dois\r\n     <b>G#m7<\/b>   <b>C#7<\/b>   <b>F#m7<\/b>  <b>B7<\/b>   <b>Emaj7<\/b> <b>G#7<\/b>\r\nSeu amor \u00e9 t\u00e3o fugaz, enganador\r\n\r\nTudo j\u00e1 fiz, fui at\u00e9 um canjer\u00ea\r\nPra ser feliz, meus trapinhos juntar com voc\u00ea\r\nVou-me passar, vai ser mais uma ilus\u00e3o\r\n    <b>G#m7<\/b>  <b>C#7<\/b>   <b>F#m7<\/b>   <b>B7<\/b>    <b>E6<\/b>\r\nNo amor quem governa \u00e9 o cora\u00e7\u00e3o<\/pre>\n","protected":false},"excerpt":{"rendered":"<p>. No Tabuleiro da Baiana Autor: Ary Barroso Interpretan: TunaEspa\u00f1a, Trio Irakitan TunaEspa\u00f1a (Don Dudo) www.TunaEspa\u00f1a.es \u00a0 Ritmo:Samba [Tube]http:\/\/www.youtube.com\/watch?v=zQDhA8qsfaI[\/Tube] . Fmaj7 No tabuleiro da baiana tem E7M F#m7 G#m7 F#m7 E7M F#m7 G#m7 Vatap\u00e1, caru -ru, mungunz\u00e1, tem umbu F#m7 B7 Emaj7 C#m7 Pra Ioi\u00f4 F#7 Bmaj7 Se eu pedir voc\u00ea me d\u00e1 G#m7 C#m7 [&hellip;]<\/p>\n","protected":false},"author":2,"featured_media":0,"comment_status":"closed","ping_status":"closed","sticky":false,"template":"","format":"standard","meta":[],"categories":[28,263],"tags":[2111,856,3490,3271,1581,1475,3223,3516,860,1328,723,4865,3224],"_links":{"self":[{"href":"https:\/\/www.tunaespana.es\/index.php?rest_route=\/wp\/v2\/posts\/23421"}],"collection":[{"href":"https:\/\/www.tunaespana.es\/index.php?rest_route=\/wp\/v2\/posts"}],"about":[{"href":"https:\/\/www.tunaespana.es\/index.php?rest_route=\/wp\/v2\/types\/post"}],"author":[{"embeddable":true,"href":"https:\/\/www.tunaespana.es\/index.php?rest_route=\/wp\/v2\/users\/2"}],"replies":[{"embeddable":true,"href":"https:\/\/www.tunaespana.es\/index.php?rest_route=%2Fwp%2Fv2%2Fcomments&post=23421"}],"version-history":[{"count":2,"href":"https:\/\/www.tunaespana.es\/index.php?rest_route=\/wp\/v2\/posts\/23421\/revisions"}],"predecessor-version":[{"id":23523,"href":"https:\/\/www.tunaespana.es\/index.php?rest_route=\/wp\/v2\/posts\/23421\/revisions\/23523"}],"wp:attachment":[{"href":"https:\/\/www.tunaespana.es\/index.php?rest_route=%2Fwp%2Fv2%2Fmedia&parent=23421"}],"wp:term":[{"taxonomy":"category","embeddable":true,"href":"https:\/\/www.tunaespana.es\/index.php?rest_route=%2Fwp%2Fv2%2Fcategories&post=23421"},{"taxonomy":"post_tag","embeddable":true,"href":"https:\/\/www.tunaespana.es\/index.php?rest_route=%2Fwp%2Fv2%2Ftags&post=23421"}],"curies":[{"name":"wp","href":"https:\/\/api.w.org\/{rel}","templated":true}]}}