{"id":23462,"date":"2014-01-23T18:56:59","date_gmt":"2014-01-23T18:56:59","guid":{"rendered":"http:\/\/www.tunaespana.es\/?p=23462"},"modified":"2014-01-24T18:10:16","modified_gmt":"2014-01-24T18:10:16","slug":"sozinhoacorde-guitarra-letra-tabladura-cancionero-tunasamba","status":"publish","type":"post","link":"https:\/\/www.tunaespana.es\/?p=23462","title":{"rendered":"Sozinho,Acorde Guitarra, Letra Tabladura, Cancionero Tuna,Samba"},"content":{"rendered":"<h1 align=\"CENTER\"><span style=\"color: #000000;\"><span style=\"font-family: Georgia,Times New Roman,Bitstream Charter,Times,serif;\"><span style=\"font-size: xx-small;\">.<\/span><\/span><\/span><\/h1>\n<h1 align=\"CENTER\"><span style=\"color: #ff3366;\"> <span style=\"font-family: Georgia,Times New Roman,Bitstream Charter,Times,serif;\"><span style=\"font-size: xx-large;\"><span style=\"color: #ff0000;\">Sozinho<\/span><\/span><\/span><\/span><\/h1>\n<p align=\"CENTER\"><span style=\"color: #ffff00;\"><span style=\"font-family: Georgia,Times New Roman,Bitstream Charter,Times,serif;\"><span style=\"font-size: medium;\">Autor:<\/span><\/span><\/span><\/p>\n<p align=\"CENTER\"><a href=\"http:\/\/www.tunaespana.es\/wp-content\/uploads\/2014\/01\/00-Tuna-Espa\u00f1a-Universidad-Murcia-Rector-Cobacho-90-cancionero-Tuna.jpg\"><img decoding=\"async\" loading=\"lazy\" class=\"aligncenter size-full wp-image-23463\" alt=\"00 Tuna Espa\u00f1a Universidad Murcia Rector Cobacho 90, cancionero Tuna\" src=\"http:\/\/www.tunaespana.es\/wp-content\/uploads\/2014\/01\/00-Tuna-Espa\u00f1a-Universidad-Murcia-Rector-Cobacho-90-cancionero-Tuna.jpg\" width=\"684\" height=\"421\" srcset=\"https:\/\/www.tunaespana.es\/wp-content\/uploads\/2014\/01\/00-Tuna-Espa\u00f1a-Universidad-Murcia-Rector-Cobacho-90-cancionero-Tuna.jpg 684w, https:\/\/www.tunaespana.es\/wp-content\/uploads\/2014\/01\/00-Tuna-Espa\u00f1a-Universidad-Murcia-Rector-Cobacho-90-cancionero-Tuna-300x184.jpg 300w\" sizes=\"(max-width: 684px) 100vw, 684px\" \/><\/a><\/p>\n<p align=\"CENTER\"><span style=\"color: #0000ff;\">Interpretan: TunaEspa\u00f1a, Trio Irakitan<\/span><\/p>\n<p align=\"CENTER\"><span style=\"color: #00ff00;\">TunaEspa\u00f1a (Don Dudo) www.TunaEspa\u00f1a.es \u00a0 <\/span><\/p>\n<p align=\"CENTER\"><span style=\"color: #ff00ff;\"><span style=\"font-family: Georgia,Times New Roman,Bitstream Charter,Times,serif;\"><span style=\"font-size: medium;\">Ritmo:Samba<\/span><\/span><\/span><\/p>\n<p align=\"CENTER\"><span style=\"color: #0000ff;\"><span style=\"font-family: Georgia,Times New Roman,Bitstream Charter,Times,serif;\"><span style=\"font-size: medium;\">[Tube]http:\/\/www.youtube.com\/watch?v=Lyr1povQgNs#t=27[\/Tube]<\/span><\/span><\/span><\/p>\n<p align=\"CENTER\"><span style=\"color: #0000ff;\"><span style=\"font-family: Georgia,Times New Roman,Bitstream Charter,Times,serif;\"><span style=\"font-size: medium;\">.<\/span><\/span><\/span><\/p>\n<pre id=\"ct_cifra\">(intro) <b>Am7<\/b> <b>Bbmaj7<\/b> <b>Am7<\/b> <b>Bbmaj7<\/b> <b>Am7<\/b> <b>Bbmaj7<\/b> <b>Am7<\/b> <b>E7<\/b> <b>Am7<\/b> <b>Dm7<\/b> <b>Dbmaj7<\/b> <b>Cmaj7<\/b> <b>Cm7<\/b> <b>F7<\/b> <b>Bbmaj7<\/b> <b>Am7<\/b>\r\n\r\n  <b>Am7<\/b>\r\nSozinho,\r\n  <b>Am7<\/b>                    <b>Bbmaj7<\/b>\r\nSozinho destra\u00eddo na lembran\u00e7a,\r\n   <b>Am7<\/b>\r\nSozinho,\r\n                                 <b>Dm7<\/b>\r\nSozinho junto ao Marte com as estrelas\r\n\r\n<b>Bbmaj7<\/b>\r\nNada,\r\n                        <b>Am<\/b>\r\nNada me restou, tudo acabado,\r\n<b>Dm7<\/b>        <b>Bb7(9)<\/b>            <b>Bm7<\/b>   <b>E7<\/b>\r\nTudo se perdeu, in\u00fatil \u00e9 chorar.\r\n\r\n   <b>Am7<\/b>\r\nMe lembro\r\n       <b>Am7<\/b>                   <b>Bbmaj7<\/b>\r\nQue um dia n\u00f3s pudemos ser felizes,\r\n    <b>Am7<\/b>\r\nMas hoje\r\n                                   <b>Dm7<\/b>\r\nPra mim todos os dias s\u00e3o mais tristes,\r\n\r\n <b>Bbmaj7<\/b>\r\nSonho\r\n     <b>Gm7<\/b>                <b>Am<\/b>\r\nCom aquele para\u00edso que tivemos,\r\n<b>Dm7<\/b>        <b>Bb7(9)<\/b>         <b>Am7<\/b>\r\nTudo se perdeu, in\u00fatil \u00e9 chorar.\r\n\r\n<b>Am7<\/b>   <b>Dm7<\/b>   <b>G7<\/b>\r\nOh-oh-oh-oh\r\n<b>Cmaj7<\/b>   <b>F7<\/b>\r\nOh-oh-oh-oh\r\n<b>Bbmaj7<\/b> <b>E7<\/b>\r\n\r\nMe lembro\r\nQue um dia n\u00f3s pudemos ser felizes,\r\nMas hoje\r\nPra mim todos os dias s\u00e3o mais tristes,\r\n\r\nSonho\r\nCom aquele para\u00edso que tivemos,\r\nTudo se perdeu, in\u00fatil \u00e9 chorar\r\n\r\n  <b>Cmaj7<\/b>\r\nChorar,\r\n <b>Bbmaj7<\/b>\r\nChorar,\r\n   <b>Am7<\/b>\r\nChorar.<\/pre>\n<p align=\"CENTER\"><span style=\"color: #00ae00;\"><span style=\"font-family: Georgia,Times New Roman,Bitstream Charter,Times,serif;\"><span style=\"font-size: small;\">\u00a0<\/span><\/span><\/span><\/p>\n","protected":false},"excerpt":{"rendered":"<p>. Sozinho Autor: Interpretan: TunaEspa\u00f1a, Trio Irakitan TunaEspa\u00f1a (Don Dudo) www.TunaEspa\u00f1a.es \u00a0 Ritmo:Samba [Tube]http:\/\/www.youtube.com\/watch?v=Lyr1povQgNs#t=27[\/Tube] . (intro) Am7 Bbmaj7 Am7 Bbmaj7 Am7 Bbmaj7 Am7 E7 Am7 Dm7 Dbmaj7 Cmaj7 Cm7 F7 Bbmaj7 Am7 Am7 Sozinho, Am7 Bbmaj7 Sozinho destra\u00eddo na lembran\u00e7a, Am7 Sozinho, Dm7 Sozinho junto ao Marte com as estrelas Bbmaj7 Nada, Am Nada me [&hellip;]<\/p>\n","protected":false},"author":2,"featured_media":0,"comment_status":"closed","ping_status":"closed","sticky":false,"template":"","format":"standard","meta":[],"categories":[22,263],"tags":[2111,856,3271,1581,1475,3223,3516,860,1328,723,4865,3224],"_links":{"self":[{"href":"https:\/\/www.tunaespana.es\/index.php?rest_route=\/wp\/v2\/posts\/23462"}],"collection":[{"href":"https:\/\/www.tunaespana.es\/index.php?rest_route=\/wp\/v2\/posts"}],"about":[{"href":"https:\/\/www.tunaespana.es\/index.php?rest_route=\/wp\/v2\/types\/post"}],"author":[{"embeddable":true,"href":"https:\/\/www.tunaespana.es\/index.php?rest_route=\/wp\/v2\/users\/2"}],"replies":[{"embeddable":true,"href":"https:\/\/www.tunaespana.es\/index.php?rest_route=%2Fwp%2Fv2%2Fcomments&post=23462"}],"version-history":[{"count":3,"href":"https:\/\/www.tunaespana.es\/index.php?rest_route=\/wp\/v2\/posts\/23462\/revisions"}],"predecessor-version":[{"id":23465,"href":"https:\/\/www.tunaespana.es\/index.php?rest_route=\/wp\/v2\/posts\/23462\/revisions\/23465"}],"wp:attachment":[{"href":"https:\/\/www.tunaespana.es\/index.php?rest_route=%2Fwp%2Fv2%2Fmedia&parent=23462"}],"wp:term":[{"taxonomy":"category","embeddable":true,"href":"https:\/\/www.tunaespana.es\/index.php?rest_route=%2Fwp%2Fv2%2Fcategories&post=23462"},{"taxonomy":"post_tag","embeddable":true,"href":"https:\/\/www.tunaespana.es\/index.php?rest_route=%2Fwp%2Fv2%2Ftags&post=23462"}],"curies":[{"name":"wp","href":"https:\/\/api.w.org\/{rel}","templated":true}]}}