{"id":23667,"date":"2014-01-29T17:41:32","date_gmt":"2014-01-29T17:41:32","guid":{"rendered":"http:\/\/www.tunaespana.es\/?p=23667"},"modified":"2014-01-29T17:41:32","modified_gmt":"2014-01-29T17:41:32","slug":"a-flor-do-meu-bairroacorde-guitarra-letra-tabladura-cancionero-tuna","status":"publish","type":"post","link":"https:\/\/www.tunaespana.es\/?p=23667","title":{"rendered":"A flor do meu bairro,Acorde Guitarra, Letra Tabladura, Cancionero Tuna"},"content":{"rendered":"<h1 align=\"CENTER\"><span style=\"color: #000000;\"><span style=\"font-family: Georgia,Times New Roman,Bitstream Charter,Times,serif;\"><span style=\"font-size: xx-small;\">.<\/span><\/span><\/span><\/h1>\n<h1 align=\"CENTER\"><span style=\"color: #ff3366;\"> <span style=\"font-family: Georgia,Times New Roman,Bitstream Charter,Times,serif;\"><span style=\"font-size: xx-large;\"><span style=\"color: #ff0000;\">A flor do meu bairro<\/span><\/span><\/span><\/span><\/h1>\n<p align=\"CENTER\"><span style=\"color: #ffff00;\"><span style=\"font-family: Georgia,Times New Roman,Bitstream Charter,Times,serif;\"><span style=\"font-size: medium;\">Autor: Adelino Moreira<\/span><\/span><\/span><\/p>\n<p align=\"CENTER\"><a href=\"http:\/\/www.tunaespana.es\/wp-content\/uploads\/2014\/01\/Tuna-Espa\u00f1a-Tunas-Universitarias-Tunas-y-estudiantinas-cancionero-tuna-certamen-Internacional-Tuna-Costa-Calida-buen-tunar-la-vidriera-musica-tuna.jpg\"><img decoding=\"async\" loading=\"lazy\" class=\"aligncenter size-full wp-image-23668\" alt=\"Tuna Espa\u00f1a , Tunas Universitarias, Tunas y estudiantinas, cancionero tuna, certamen Internacional Tuna Costa Calida, buen tunar, la vidriera, musica tuna\" src=\"http:\/\/www.tunaespana.es\/wp-content\/uploads\/2014\/01\/Tuna-Espa\u00f1a-Tunas-Universitarias-Tunas-y-estudiantinas-cancionero-tuna-certamen-Internacional-Tuna-Costa-Calida-buen-tunar-la-vidriera-musica-tuna.jpg\" width=\"621\" height=\"218\" srcset=\"https:\/\/www.tunaespana.es\/wp-content\/uploads\/2014\/01\/Tuna-Espa\u00f1a-Tunas-Universitarias-Tunas-y-estudiantinas-cancionero-tuna-certamen-Internacional-Tuna-Costa-Calida-buen-tunar-la-vidriera-musica-tuna.jpg 621w, https:\/\/www.tunaespana.es\/wp-content\/uploads\/2014\/01\/Tuna-Espa\u00f1a-Tunas-Universitarias-Tunas-y-estudiantinas-cancionero-tuna-certamen-Internacional-Tuna-Costa-Calida-buen-tunar-la-vidriera-musica-tuna-300x105.jpg 300w\" sizes=\"(max-width: 621px) 100vw, 621px\" \/><\/a><\/p>\n<p align=\"CENTER\"><span style=\"color: #0000ff;\">Interpretan: TunaEspa\u00f1a, Nelson Gon\u00e7alves<\/span><\/p>\n<p align=\"CENTER\"><span style=\"color: #00ff00;\">TunaEspa\u00f1a (Don Dudo) www.TunaEspa\u00f1a.es <\/span><\/p>\n<p align=\"CENTER\"><span style=\"color: #ff00ff;\"><span style=\"font-family: Georgia,Times New Roman,Bitstream Charter,Times,serif;\"><span style=\"font-size: medium;\">Ritmo: <\/span><\/span><\/span><\/p>\n<p align=\"CENTER\"><span style=\"color: #0000ff;\"><span style=\"font-family: Georgia,Times New Roman,Bitstream Charter,Times,serif;\"><span style=\"font-size: medium;\">[Tube]http:\/\/www.youtube.com\/watch?v=zHQnb2kUvmk#t=27[\/Tube]<\/span><\/span><\/span><\/p>\n<p align=\"CENTER\"><span style=\"color: #0000ff;\"><span style=\"font-family: Georgia,Times New Roman,Bitstream Charter,Times,serif;\"><span style=\"font-size: medium;\">.<\/span><\/span><\/span><\/p>\n<pre id=\"ct_cifra\">  <b>Em<\/b>         <b>F#7<\/b>        <b>C7<\/b>           <b>B7<\/b>       <b>Em<\/b> \r\n<b>A<\/b> flor do meu bairro    \/   Tinha o lirismo da lua \r\n                 <b>Am<\/b>          <b>B7<\/b>              <b>Em<\/b>      <b>B7<\/b> \r\nMorava na minha rua\/ Num chal\u00e9 fronteiro ao meu \r\n<b>Em<\/b>       <b>F#7<\/b>   <b>C7<\/b>     <b>B7<\/b>                 <b>Em<\/b> \r\nEu conheci      \/       O seu primeiro amor \r\n   <b>C7<\/b>           <b>Em<\/b>                 <b>B7<\/b>         <b>Em<\/b>  <b>Am<\/b>  <b>Em<\/b> \r\n<b>A<\/b> sua primeira dor   \/     <b>E<\/b> o primeiro erro seu \r\n\r\n           <b>B7<\/b>                                <b>Em<\/b> \r\nLembro-me  ainda  \/     O bairro inteiro sentiu \r\n          <b>C7<\/b>      <b>B7<\/b>                          <b>Dm<\/b>  <b>E7<\/b> \r\n<b>A<\/b> flor ing\u00eanua sumiu  \/  Com seu amor, o seu rei \r\n         <b>Am<\/b>                   <b>D7<\/b>         <b>G<\/b> \r\n<b>E<\/b> eu que era   \/      Seu primeiro  namorado \r\n              <b>G7<\/b>       <b>C<\/b> \r\nDe t\u00e3o triste e apaixonado \r\n        <b>B7<\/b>          <b>Em<\/b>     <b>Am<\/b>    <b>Em<\/b> \r\nNunca mais me enamorei \r\n\r\n<b>Em<\/b>                    <b>B7<\/b>    <b>C7<\/b>           <b>B7<\/b>        <b>Em<\/b> \r\nHoje depois de alguns anos \/   Eu encontrei-me com ela \r\n              <b>B7<\/b>       <b>C7<\/b>          <b>B7<\/b>           <b>Em<\/b>  <b>B7<\/b> \r\nNa rua dos desenganos \/   Menos ing\u00eanua e mais bela \r\n<b>Em<\/b>             <b>Am<\/b>              <b>B7<\/b>            <b>Em<\/b> \r\nEla fingindo desejo    \/     <b>A<\/b> boca me ofereceu \r\n                    <b>B7<\/b>                           <b>Em<\/b> \r\n<b>E<\/b> eu paguei por um beijo  \/  Que no passado foi meu \r\n\r\n                       <b>Am<\/b>   <b>C<\/b>          <b>D7<\/b>       <b>G<\/b>       <b>B7<\/b> \r\n<b>A<\/b> minha hist\u00f3ria  \u00e9 vulgar  \/ Mas algo fica provado \r\n     <b>Em<\/b>                <b>Am<\/b>            <b>B7<\/b>       <b>Em<\/b> \r\nNem sempre o primeiro amor \/ \u00c9 o primeiro namorado<\/pre>\n<p align=\"CENTER\"><span style=\"color: #00ae00;\"><span style=\"font-family: Georgia,Times New Roman,Bitstream Charter,Times,serif;\"><span style=\"font-size: small;\">\u00a0<\/span><\/span><\/span><\/p>\n","protected":false},"excerpt":{"rendered":"<p>. A flor do meu bairro Autor: Adelino Moreira Interpretan: TunaEspa\u00f1a, Nelson Gon\u00e7alves TunaEspa\u00f1a (Don Dudo) www.TunaEspa\u00f1a.es Ritmo: [Tube]http:\/\/www.youtube.com\/watch?v=zHQnb2kUvmk#t=27[\/Tube] . Em F#7 C7 B7 Em A flor do meu bairro \/ Tinha o lirismo da lua Am B7 Em B7 Morava na minha rua\/ Num chal\u00e9 fronteiro ao meu Em F#7 C7 B7 Em Eu [&hellip;]<\/p>\n","protected":false},"author":2,"featured_media":0,"comment_status":"closed","ping_status":"closed","sticky":false,"template":"","format":"standard","meta":[],"categories":[42,263],"tags":[2111,856,3554,3271,1581,1475,3223,3516,860,3551,723,4865,3224],"_links":{"self":[{"href":"https:\/\/www.tunaespana.es\/index.php?rest_route=\/wp\/v2\/posts\/23667"}],"collection":[{"href":"https:\/\/www.tunaespana.es\/index.php?rest_route=\/wp\/v2\/posts"}],"about":[{"href":"https:\/\/www.tunaespana.es\/index.php?rest_route=\/wp\/v2\/types\/post"}],"author":[{"embeddable":true,"href":"https:\/\/www.tunaespana.es\/index.php?rest_route=\/wp\/v2\/users\/2"}],"replies":[{"embeddable":true,"href":"https:\/\/www.tunaespana.es\/index.php?rest_route=%2Fwp%2Fv2%2Fcomments&post=23667"}],"version-history":[{"count":1,"href":"https:\/\/www.tunaespana.es\/index.php?rest_route=\/wp\/v2\/posts\/23667\/revisions"}],"predecessor-version":[{"id":23669,"href":"https:\/\/www.tunaespana.es\/index.php?rest_route=\/wp\/v2\/posts\/23667\/revisions\/23669"}],"wp:attachment":[{"href":"https:\/\/www.tunaespana.es\/index.php?rest_route=%2Fwp%2Fv2%2Fmedia&parent=23667"}],"wp:term":[{"taxonomy":"category","embeddable":true,"href":"https:\/\/www.tunaespana.es\/index.php?rest_route=%2Fwp%2Fv2%2Fcategories&post=23667"},{"taxonomy":"post_tag","embeddable":true,"href":"https:\/\/www.tunaespana.es\/index.php?rest_route=%2Fwp%2Fv2%2Ftags&post=23667"}],"curies":[{"name":"wp","href":"https:\/\/api.w.org\/{rel}","templated":true}]}}