{"id":2371,"date":"2011-06-19T18:57:37","date_gmt":"2011-06-19T18:57:37","guid":{"rendered":"http:\/\/www.tunaespana.com\/wp\/?p=2371"},"modified":"2011-10-20T17:17:26","modified_gmt":"2011-10-20T17:17:26","slug":"los-dos-requinto","status":"publish","type":"post","link":"https:\/\/www.tunaespana.es\/?p=2371","title":{"rendered":"Los Dos  (Requinto original Trio Los Panchos)"},"content":{"rendered":"<p><span style=\"color: #000000;\"><span style=\"color: #ff0000; font-size: x-large;\"><em><strong>Los Dos<\/strong><\/em> <\/span><br \/>\n<\/span><\/p>\n<p><span style=\"color: #ffff00; font-size: medium;\">Autor: Alfredo Gil; Simon Lan<\/span><\/p>\n<p><span style=\"color: #0000ff; font-size: medium;\">Interpretan: Trio Los Panchos<\/span><\/p>\n<p><span style=\"color: #ff00ff; font-size: medium;\">Requinto original Trio Los Panchos<\/span><\/p>\n<p><span style=\"color: #ffffff; font-size: large;\">INTRO:<\/span><br \/>\n<span style=\"color: #ffffff; font-size: large;\">Clave: Do Mayor<strong><br \/>\n<\/strong><\/span><br \/>\n<span style=\"color: #ffffff; font-size: large;\">e:&#8211;5-7-8&#8211;5-8-5&#8212;&#8212;&#8212;&#8212;|&#8212;-5-7&#8212;-7&#8212;&#8212;&#8212;&#8212;&#8212;&#8212;&#8212;&#8212;-|<\/span><br \/>\n<span style=\"color: #ffffff; font-size: large;\">B:&#8212;&#8212;&#8212;&#8212;&#8212;6&#8212;&#8212;&#8212;-|&#8211;8&#8212;&#8212;8&#8212;8-5&#8212;&#8212;&#8212;&#8212;&#8212;&#8212;&#8212;|<\/span><br \/>\n<span style=\"color: #ffffff; font-size: large;\">G:&#8212;&#8212;&#8212;&#8212;&#8212;&#8211;7&#8212;&#8212;&#8211;|&#8212;&#8212;&#8212;&#8212;&#8212;&#8211;6&#8212;&#8212;&#8212;&#8212;&#8212;&#8212;-|<\/span><br \/>\n<span style=\"color: #ffffff; font-size: large;\">D:&#8212;&#8212;&#8212;&#8212;&#8212;&#8212;&#8212;&#8212;&#8211;|&#8212;&#8212;&#8212;&#8212;&#8212;&#8212;&#8212;&#8212;&#8212;&#8212;&#8212;&#8212;-|<\/span><br \/>\n<span style=\"color: #ffffff; font-size: large;\">A:&#8212;&#8212;&#8212;&#8212;&#8212;&#8212;&#8212;&#8212;&#8211;|&#8212;&#8212;&#8212;&#8212;&#8212;&#8212;&#8212;&#8212;&#8212;&#8212;&#8212;&#8212;-|<\/span><br \/>\n<span style=\"color: #ffffff; font-size: large;\">E:&#8212;&#8212;&#8212;&#8212;&#8212;&#8212;&#8212;&#8212;&#8211;|&#8212;&#8212;&#8212;&#8212;&#8212;&#8212;&#8212;&#8212;&#8212;&#8212;&#8212;&#8212;-|<\/span><\/p>\n<p><span style=\"color: #ffffff; font-size: large;\">e:&#8212;&#8212;&#8211;5&#8212;&#8212;&#8212;&#8212;&#8212;&#8211;|&#8212;&#8212;&#8212;&#8212;0&#8212;&#8212;&#8212;&#8212;&#8212;&#8212;&#8212;&#8212;|<\/span><br \/>\n<span style=\"color: #ffffff; font-size: large;\">B:&#8211;5-6-8&#8212;&#8212;&#8212;&#8212;&#8212;&#8212;-|&#8212;-1-0&#8212;0&#8212;3-0-1&#8212;&#8212;&#8212;&#8212;&#8212;&#8212;|<\/span><br \/>\n<span style=\"color: #ffffff; font-size: large;\">G:&#8212;&#8212;&#8212;&#8212;&#8212;&#8212;&#8212;&#8212;&#8211;|&#8211;2&#8212;&#8211;3&#8212;&#8212;&#8212;&#8212;&#8212;&#8212;&#8212;&#8212;&#8212;-|<\/span><br \/>\n<span style=\"color: #ffffff; font-size: large;\">D:&#8212;&#8212;&#8212;&#8212;&#8212;&#8212;&#8212;&#8212;&#8211;|&#8212;&#8212;&#8212;&#8212;&#8212;&#8212;&#8212;&#8212;&#8212;&#8212;&#8212;&#8212;-|<\/span><br \/>\n<span style=\"color: #ffffff; font-size: large;\">A:&#8212;&#8212;&#8212;&#8212;&#8212;&#8212;&#8212;&#8212;&#8211;|&#8212;&#8212;&#8212;&#8212;&#8212;&#8212;&#8212;&#8212;&#8212;&#8212;&#8212;&#8212;-|<\/span><br \/>\n<span style=\"color: #ffffff; font-size: large;\">E:&#8212;&#8212;&#8212;&#8212;&#8212;&#8212;&#8212;&#8212;&#8211;|&#8212;&#8212;&#8212;&#8212;&#8212;&#8212;&#8212;&#8212;&#8212;&#8212;&#8212;&#8212;-|<\/span><\/p>\n<p><span style=\"color: #ff00ff; font-size: medium;\">Acordes Guitarra<\/span><\/p>\n<p><span style=\"color: #ffffff; font-size: large;\">ACORDES:&gt; A Bm C#m Cm E7 Cdim F# D C#7 G7 F#7<\/span><\/p>\n<p><span style=\"color: #ffffff; font-size: large;\">A\u00a0\u00a0\u00a0\u00a0\u00a0\u00a0 Bm C#m\u00a0\u00a0\u00a0\u00a0\u00a0\u00a0\u00a0\u00a0 Cm\u00a0\u00a0\u00a0\u00a0\u00a0\u00a0\u00a0\u00a0\u00a0 Bm\u00a0\u00a0 E7 Bm\u00a0\u00a0\u00a0\u00a0\u00a0 E7<\/span><br \/>\n<span style=\"color: #ffffff; font-size: large;\">Te seguir\u00e9,\u00a0\u00a0 hasta el fin de este mundo,\u00a0 te seguir\u00e9,<\/span><\/p>\n<p><span style=\"color: #ffffff; font-size: large;\">\u00a0\u00a0\u00a0\u00a0\u00a0\u00a0\u00a0\u00a0\u00a0\u00a0\u00a0\u00a0\u00a0\u00a0\u00a0\u00a0 A<\/span><br \/>\n<span style=\"color: #ffffff; font-size: large;\">con este amor profundo;<\/span><\/p>\n<p><span style=\"color: #ffffff; font-size: large;\">\u00a0\u00a0\u00a0\u00a0\u00a0\u00a0\u00a0\u00a0\u00a0\u00a0\u00a0\u00a0\u00a0\u00a0\u00a0\u00a0 Bm\u00a0\u00a0\u00a0\u00a0\u00a0\u00a0\u00a0 C#m\u00a0\u00a0\u00a0\u00a0\u00a0\u00a0 Cdim\u00a0\u00a0\u00a0\u00a0\u00a0 Bm E7<\/span><br \/>\n<span style=\"color: #ffffff; font-size: large;\">s\u00f3lo a t\u00ed entregar\u00e9 el coraz\u00f3n, mi cari\u00f1o y mi f\u00e9,<\/span><\/p>\n<p><span style=\"color: #ffffff; font-size: large;\">\u00a0\u00a0\u00a0\u00a0\u00a0 Bm\u00a0\u00a0\u00a0\u00a0\u00a0 F#7\u00a0\u00a0\u00a0\u00a0\u00a0\u00a0\u00a0\u00a0 Bm\u00a0\u00a0 E7\u00a0\u00a0\u00a0\u00a0\u00a0\u00a0\u00a0\u00a0 A C#m Cm Bm E7<\/span><br \/>\n<span style=\"color: #ffffff; font-size: large;\">y por nada ni nadie en el mundo\u00a0 te olvidar\u00e9.<\/span><\/p>\n<p><span style=\"color: #ffffff; font-size: large;\">A\u00a0\u00a0\u00a0\u00a0\u00a0\u00a0 Bm C#m\u00a0\u00a0\u00a0\u00a0 Cm\u00a0\u00a0\u00a0\u00a0\u00a0\u00a0\u00a0 Bm\u00a0\u00a0 E7 Bm\u00a0\u00a0\u00a0\u00a0\u00a0\u00a0\u00a0\u00a0\u00a0\u00a0\u00a0\u00a0 D<\/span><br \/>\n<span style=\"color: #ffffff; font-size: large;\">Yo te dar\u00e9,\u00a0 de mi vida el anhelo,\u00a0\u00a0 y tu ser\u00e1s ese faro<\/span><\/p>\n<p><span style=\"color: #ffffff; font-size: large;\">\u00a0\u00a0 C#7<\/span><br \/>\n<span style=\"color: #ffffff; font-size: large;\">de luz,<\/span><\/p>\n<p><span style=\"color: #ffffff; font-size: large;\">D\u00a0\u00a0\u00a0\u00a0\u00a0\u00a0\u00a0\u00a0\u00a0\u00a0 Cdim\u00a0\u00a0\u00a0\u00a0\u00a0\u00a0\u00a0\u00a0\u00a0\u00a0\u00a0\u00a0\u00a0 A\u00a0\u00a0\u00a0\u00a0\u00a0\u00a0\u00a0\u00a0 G7\u00a0\u00a0\u00a0\u00a0 F#7<\/span><br \/>\n<span style=\"color: #ffffff; font-size: large;\">luna de miel,\u00a0\u00a0 para los dos, siempre ser\u00e1 mi amor,<\/span><\/p>\n<p><span style=\"color: #ffffff; font-size: large;\">\u00a0\u00a0\u00a0\u00a0\u00a0\u00a0\u00a0 Bm\u00a0\u00a0\u00a0\u00a0\u00a0\u00a0\u00a0\u00a0\u00a0\u00a0\u00a0\u00a0\u00a0\u00a0\u00a0\u00a0\u00a0 E7\u00a0\u00a0\u00a0\u00a0\u00a0\u00a0 A<\/span><br \/>\n<span style=\"color: #ffffff; font-size: large;\">y en un sue\u00f1o viviremos los dos, los dos.<\/span><\/p>\n","protected":false},"excerpt":{"rendered":"<p>Los Dos Autor: Alfredo Gil; Simon Lan Interpretan: Trio Los Panchos Requinto original Trio Los Panchos INTRO: Clave: Do Mayor e:&#8211;5-7-8&#8211;5-8-5&#8212;&#8212;&#8212;&#8212;|&#8212;-5-7&#8212;-7&#8212;&#8212;&#8212;&#8212;&#8212;&#8212;&#8212;&#8212;-| B:&#8212;&#8212;&#8212;&#8212;&#8212;6&#8212;&#8212;&#8212;-|&#8211;8&#8212;&#8212;8&#8212;8-5&#8212;&#8212;&#8212;&#8212;&#8212;&#8212;&#8212;| G:&#8212;&#8212;&#8212;&#8212;&#8212;&#8211;7&#8212;&#8212;&#8211;|&#8212;&#8212;&#8212;&#8212;&#8212;&#8211;6&#8212;&#8212;&#8212;&#8212;&#8212;&#8212;-| D:&#8212;&#8212;&#8212;&#8212;&#8212;&#8212;&#8212;&#8212;&#8211;|&#8212;&#8212;&#8212;&#8212;&#8212;&#8212;&#8212;&#8212;&#8212;&#8212;&#8212;&#8212;-| A:&#8212;&#8212;&#8212;&#8212;&#8212;&#8212;&#8212;&#8212;&#8211;|&#8212;&#8212;&#8212;&#8212;&#8212;&#8212;&#8212;&#8212;&#8212;&#8212;&#8212;&#8212;-| E:&#8212;&#8212;&#8212;&#8212;&#8212;&#8212;&#8212;&#8212;&#8211;|&#8212;&#8212;&#8212;&#8212;&#8212;&#8212;&#8212;&#8212;&#8212;&#8212;&#8212;&#8212;-| e:&#8212;&#8212;&#8211;5&#8212;&#8212;&#8212;&#8212;&#8212;&#8211;|&#8212;&#8212;&#8212;&#8212;0&#8212;&#8212;&#8212;&#8212;&#8212;&#8212;&#8212;&#8212;| B:&#8211;5-6-8&#8212;&#8212;&#8212;&#8212;&#8212;&#8212;-|&#8212;-1-0&#8212;0&#8212;3-0-1&#8212;&#8212;&#8212;&#8212;&#8212;&#8212;| G:&#8212;&#8212;&#8212;&#8212;&#8212;&#8212;&#8212;&#8212;&#8211;|&#8211;2&#8212;&#8211;3&#8212;&#8212;&#8212;&#8212;&#8212;&#8212;&#8212;&#8212;&#8212;-| D:&#8212;&#8212;&#8212;&#8212;&#8212;&#8212;&#8212;&#8212;&#8211;|&#8212;&#8212;&#8212;&#8212;&#8212;&#8212;&#8212;&#8212;&#8212;&#8212;&#8212;&#8212;-| A:&#8212;&#8212;&#8212;&#8212;&#8212;&#8212;&#8212;&#8212;&#8211;|&#8212;&#8212;&#8212;&#8212;&#8212;&#8212;&#8212;&#8212;&#8212;&#8212;&#8212;&#8212;-| E:&#8212;&#8212;&#8212;&#8212;&#8212;&#8212;&#8212;&#8212;&#8211;|&#8212;&#8212;&#8212;&#8212;&#8212;&#8212;&#8212;&#8212;&#8212;&#8212;&#8212;&#8212;-| Acordes Guitarra ACORDES:&gt; A Bm C#m Cm E7 Cdim F# D C#7 G7 F#7 A\u00a0\u00a0\u00a0\u00a0\u00a0\u00a0 Bm C#m\u00a0\u00a0\u00a0\u00a0\u00a0\u00a0\u00a0\u00a0 Cm\u00a0\u00a0\u00a0\u00a0\u00a0\u00a0\u00a0\u00a0\u00a0 Bm\u00a0\u00a0 E7 Bm\u00a0\u00a0\u00a0\u00a0\u00a0 E7 Te [&hellip;]<\/p>\n","protected":false},"author":2,"featured_media":0,"comment_status":"closed","ping_status":"closed","sticky":false,"template":"","format":"standard","meta":[],"categories":[274,30,171,263],"tags":[],"_links":{"self":[{"href":"https:\/\/www.tunaespana.es\/index.php?rest_route=\/wp\/v2\/posts\/2371"}],"collection":[{"href":"https:\/\/www.tunaespana.es\/index.php?rest_route=\/wp\/v2\/posts"}],"about":[{"href":"https:\/\/www.tunaespana.es\/index.php?rest_route=\/wp\/v2\/types\/post"}],"author":[{"embeddable":true,"href":"https:\/\/www.tunaespana.es\/index.php?rest_route=\/wp\/v2\/users\/2"}],"replies":[{"embeddable":true,"href":"https:\/\/www.tunaespana.es\/index.php?rest_route=%2Fwp%2Fv2%2Fcomments&post=2371"}],"version-history":[{"count":3,"href":"https:\/\/www.tunaespana.es\/index.php?rest_route=\/wp\/v2\/posts\/2371\/revisions"}],"predecessor-version":[{"id":8948,"href":"https:\/\/www.tunaespana.es\/index.php?rest_route=\/wp\/v2\/posts\/2371\/revisions\/8948"}],"wp:attachment":[{"href":"https:\/\/www.tunaespana.es\/index.php?rest_route=%2Fwp%2Fv2%2Fmedia&parent=2371"}],"wp:term":[{"taxonomy":"category","embeddable":true,"href":"https:\/\/www.tunaespana.es\/index.php?rest_route=%2Fwp%2Fv2%2Fcategories&post=2371"},{"taxonomy":"post_tag","embeddable":true,"href":"https:\/\/www.tunaespana.es\/index.php?rest_route=%2Fwp%2Fv2%2Ftags&post=2371"}],"curies":[{"name":"wp","href":"https:\/\/api.w.org\/{rel}","templated":true}]}}