{"id":23731,"date":"2014-02-03T15:51:30","date_gmt":"2014-02-03T15:51:30","guid":{"rendered":"http:\/\/www.tunaespana.es\/?p=23731"},"modified":"2014-02-03T15:54:39","modified_gmt":"2014-02-03T15:54:39","slug":"chore-comigoacorde-guitarra-letra-tabladura-cancionero-tuna","status":"publish","type":"post","link":"https:\/\/www.tunaespana.es\/?p=23731","title":{"rendered":"Chore Comigo,Acorde Guitarra, Letra Tabladura, Cancionero Tuna, x"},"content":{"rendered":"<h1 align=\"CENTER\"><span style=\"color: #000000;\"><span style=\"font-family: Georgia,Times New Roman,Bitstream Charter,Times,serif;\"><span style=\"font-size: xx-small;\">.<\/span><\/span><\/span><\/h1>\n<h1 align=\"CENTER\"><span style=\"color: #ff3366;\"> <span style=\"font-family: Georgia,Times New Roman,Bitstream Charter,Times,serif;\"><span style=\"font-size: xx-large;\"><span style=\"color: #ff0000;\">Chore Comigo<\/span><\/span><\/span><\/span><\/h1>\n<p align=\"CENTER\"><span style=\"color: #ffff00;\"><span style=\"font-family: Georgia,Times New Roman,Bitstream Charter,Times,serif;\"><span style=\"font-size: medium;\">Autor: Adelino Moreira<\/span><\/span><\/span><\/p>\n<p align=\"CENTER\"><a href=\"http:\/\/www.tunaespana.es\/wp-content\/uploads\/2014\/02\/Tuna-Espa\u00f1a-Tunas-Universitarias-Tunas-y-estudiantinas-cancionero-tuna-certamen-Internacional-Costa-Calida-buen-tunar-musica-tunatuna-medicina-murcia.jpg\"><img decoding=\"async\" loading=\"lazy\" class=\"aligncenter size-full wp-image-23732\" alt=\"Tuna Espa\u00f1a , Tunas Universitarias, Tunas y estudiantinas, cancionero tuna, certamen Internacional  Costa Calida, buen tunar, musica tuna,tuna medicina murcia\" src=\"http:\/\/www.tunaespana.es\/wp-content\/uploads\/2014\/02\/Tuna-Espa\u00f1a-Tunas-Universitarias-Tunas-y-estudiantinas-cancionero-tuna-certamen-Internacional-Costa-Calida-buen-tunar-musica-tunatuna-medicina-murcia.jpg\" width=\"610\" height=\"292\" srcset=\"https:\/\/www.tunaespana.es\/wp-content\/uploads\/2014\/02\/Tuna-Espa\u00f1a-Tunas-Universitarias-Tunas-y-estudiantinas-cancionero-tuna-certamen-Internacional-Costa-Calida-buen-tunar-musica-tunatuna-medicina-murcia.jpg 610w, https:\/\/www.tunaespana.es\/wp-content\/uploads\/2014\/02\/Tuna-Espa\u00f1a-Tunas-Universitarias-Tunas-y-estudiantinas-cancionero-tuna-certamen-Internacional-Costa-Calida-buen-tunar-musica-tunatuna-medicina-murcia-300x143.jpg 300w\" sizes=\"(max-width: 610px) 100vw, 610px\" \/><\/a><\/p>\n<p align=\"CENTER\"><span style=\"color: #0000ff;\">Interpretan: TunaEspa\u00f1a, <span style=\"font-size: large;\">Nelson Gon\u00e7alves<\/span><\/span><\/p>\n<p align=\"CENTER\"><span style=\"color: #00ff00;\">TunaEspa\u00f1a (Don Dudo) www.TunaEspa\u00f1a.es <\/span><\/p>\n<p align=\"CENTER\"><span style=\"color: #ff00ff;\"><span style=\"font-family: Georgia,Times New Roman,Bitstream Charter,Times,serif;\"><span style=\"font-size: medium;\">Ritmo: <\/span><\/span><\/span><\/p>\n<p align=\"CENTER\"><span style=\"color: #0000ff;\"><span style=\"font-family: Georgia,Times New Roman,Bitstream Charter,Times,serif;\"><span style=\"font-size: medium;\">[Tube]http:\/\/www.youtube.com\/watch?v=UGnzcnTUYRQ#t=112[\/Tube]<\/span><\/span><\/span><\/p>\n<p align=\"CENTER\"><span style=\"color: #0000ff;\"><span style=\"font-family: Georgia,Times New Roman,Bitstream Charter,Times,serif;\"><span style=\"font-size: medium;\">.<\/span><\/span><\/span><\/p>\n<pre id=\"ct_cifra\">   <b>Em<\/b>        <b>B7<\/b>            <b>B7\/F#<\/b>  <b>B7<\/b>        <b>Em<\/b>\r\nEstou mais triste \/ Nesta triste     noite fria\r\n         <b>B7<\/b>               <b>B7\/F#<\/b>  <b>B7<\/b>        <b>Em<\/b>\r\nSem esperan\u00e7a  \/ Que ela volte       para mim\r\n         <b>B7<\/b>            <b>B7\/F#<\/b>  <b>B7<\/b>           <b>Em<\/b>\r\nMinha saudade  \/ Transformou-    se em agonia\r\n             <b>D7<\/b>              <b>C7<\/b>         <b>B7<\/b>   <b>B7\/F#<\/b>  <b>B7<\/b>\r\nEstou mais triste  \/  Neste triste botequim\r\n\r\n       <b>Am<\/b>  <b>Am\/7M<\/b>    <b>Am<\/b>          <b>Am\/7M<\/b>    <b>Am<\/b>        <b>Em<\/b>    <b>Em7M<\/b>  <b>Em<\/b>\r\nBeba comigo    \/         Companhei-      ro de tristeza\r\n          <b>B7<\/b>   <b>B7\/4<\/b>  <b>B7<\/b>                <b>Em<\/b>  <b>Em7M<\/b>  <b>Em<\/b>\r\nTraga seu copo  \/  <b>E<\/b> sente-se \u00e0 minha mesa\r\n        <b>Am<\/b>  <b>Am\/7M<\/b>           <b>Am<\/b>  <b>Am\/7M<\/b>      <b>Am<\/b>  <b>Am\/7M<\/b>  <b>Am<\/b>\r\nChore comi-   go  \/  Esse pran-   to emocional\r\n            <b>B7<\/b>    <b>B7\/4<\/b>        <b>B7<\/b> <b>B7\/4<\/b> <b>B7<\/b>          <b>Em<\/b>  <b>Em7M<\/b>  <b>Em<\/b>\r\nN\u00e3o se envergonhe  \/   De chorar        perto de mim\r\n          <b>Em7M<\/b>  <b>Em<\/b>    <b>Em7M<\/b>          <b>Em<\/b>       <b>Bm<\/b>  <b>Bm7M<\/b>  <b>Bm<\/b>\r\nPorque a l\u00e1grima \/         \u00c9 o desabafo natural\r\n           <b>C7<\/b>                             <b>B7<\/b>     <b>C7<\/b>  <b>B7<\/b>  <b>Em<\/b>\r\nEntre dois copos  \/   <b>E<\/b> a mesa de um botequim\r\n\r\n           <b>Am<\/b>              <b>Am7M<\/b>        <b>Am<\/b>    <b>Am7M<\/b>\r\nLiberte o peito  \/  Do amargor e da revolta\r\n             <b>B7<\/b>    <b>B7\/4<\/b>  <b>B7<\/b>                      <b>Em<\/b>    <b>E7<\/b>\r\nCom mais um trago  \/          Deste tra\u00e7ado de anis\r\n          <b>Am<\/b>   <b>Am\/7M<\/b>  <b>Am<\/b>                 <b>Em<\/b>     <b>Em7M<\/b>   <b>Em<\/b>\r\nFa\u00e7a como eu  \/         Acostume-se \u00e0 derrota\r\n         <b>B7<\/b>     <b>B7\/4<\/b>  <b>B7<\/b>                        <b>Em<\/b>   <b>Am<\/b>  <b>B7<\/b>   <b>Em<\/b>  <b>B7<\/b>  <b>Em<\/b>\r\nPois a vit\u00f3ria  \/          N\u00e3o pertence ao infeliz<\/pre>\n<p align=\"CENTER\"><span style=\"color: #00ae00;\"><span style=\"font-family: Georgia,Times New Roman,Bitstream Charter,Times,serif;\"><span style=\"font-size: small;\">\u00a0<\/span><\/span><\/span><\/p>\n","protected":false},"excerpt":{"rendered":"<p>. Chore Comigo Autor: Adelino Moreira Interpretan: TunaEspa\u00f1a, Nelson Gon\u00e7alves TunaEspa\u00f1a (Don Dudo) www.TunaEspa\u00f1a.es Ritmo: [Tube]http:\/\/www.youtube.com\/watch?v=UGnzcnTUYRQ#t=112[\/Tube] . Em B7 B7\/F# B7 Em Estou mais triste \/ Nesta triste noite fria B7 B7\/F# B7 Em Sem esperan\u00e7a \/ Que ela volte para mim B7 B7\/F# B7 Em Minha saudade \/ Transformou- se em agonia D7 C7 [&hellip;]<\/p>\n","protected":false},"author":2,"featured_media":0,"comment_status":"closed","ping_status":"closed","sticky":false,"template":"","format":"standard","meta":[],"categories":[39,263],"tags":[2111,856,3554,3271,1581,1475,3223,3516,860,3551,723,4865,3224],"_links":{"self":[{"href":"https:\/\/www.tunaespana.es\/index.php?rest_route=\/wp\/v2\/posts\/23731"}],"collection":[{"href":"https:\/\/www.tunaespana.es\/index.php?rest_route=\/wp\/v2\/posts"}],"about":[{"href":"https:\/\/www.tunaespana.es\/index.php?rest_route=\/wp\/v2\/types\/post"}],"author":[{"embeddable":true,"href":"https:\/\/www.tunaespana.es\/index.php?rest_route=\/wp\/v2\/users\/2"}],"replies":[{"embeddable":true,"href":"https:\/\/www.tunaespana.es\/index.php?rest_route=%2Fwp%2Fv2%2Fcomments&post=23731"}],"version-history":[{"count":2,"href":"https:\/\/www.tunaespana.es\/index.php?rest_route=\/wp\/v2\/posts\/23731\/revisions"}],"predecessor-version":[{"id":23734,"href":"https:\/\/www.tunaespana.es\/index.php?rest_route=\/wp\/v2\/posts\/23731\/revisions\/23734"}],"wp:attachment":[{"href":"https:\/\/www.tunaespana.es\/index.php?rest_route=%2Fwp%2Fv2%2Fmedia&parent=23731"}],"wp:term":[{"taxonomy":"category","embeddable":true,"href":"https:\/\/www.tunaespana.es\/index.php?rest_route=%2Fwp%2Fv2%2Fcategories&post=23731"},{"taxonomy":"post_tag","embeddable":true,"href":"https:\/\/www.tunaespana.es\/index.php?rest_route=%2Fwp%2Fv2%2Ftags&post=23731"}],"curies":[{"name":"wp","href":"https:\/\/api.w.org\/{rel}","templated":true}]}}