{"id":23897,"date":"2014-02-12T18:43:51","date_gmt":"2014-02-12T18:43:51","guid":{"rendered":"http:\/\/www.tunaespana.es\/?p=23897"},"modified":"2014-02-12T18:44:26","modified_gmt":"2014-02-12T18:44:26","slug":"labios-que-beijeiacorde-guitarra-letra-tabladura-cancionero-tuna","status":"publish","type":"post","link":"https:\/\/www.tunaespana.es\/?p=23897","title":{"rendered":"L\u00e1bios Que Beijei,Acorde Guitarra, Letra Tabladura, Cancionero Tuna, x"},"content":{"rendered":"<h1 align=\"CENTER\"><span style=\"color: #000000;\"><span style=\"font-family: Georgia,Times New Roman,Bitstream Charter,Times,serif;\"><span style=\"font-size: xx-small;\">.<\/span><\/span><\/span><\/h1>\n<h1 align=\"CENTER\"><span style=\"color: #ff3366;\"> <span style=\"font-family: Georgia,Times New Roman,Bitstream Charter,Times,serif;\"><span style=\"font-size: xx-large;\"><span style=\"color: #ff0000;\">L\u00e1bios Que Beijei<\/span><\/span><\/span><\/span><\/h1>\n<p align=\"CENTER\"><span style=\"color: #ffff00;\"><span style=\"font-family: Georgia,Times New Roman,Bitstream Charter,Times,serif;\"><span style=\"font-size: medium;\">Autor: <\/span><\/span><\/span><\/p>\n<p align=\"CENTER\"><a href=\"http:\/\/www.tunaespana.es\/wp-content\/uploads\/2014\/02\/TunaEspa\u00f1a-Don-Dudo-Don-Maristas-Certamen-tuna-costa-calida-Cancionero-Tuna-musica-tuna1.jpg\"><img decoding=\"async\" loading=\"lazy\" class=\"aligncenter size-full wp-image-23898\" alt=\"TunaEspa\u00f1a-Don-Dudo-Don-Maristas-Certamen-tuna-costa-calida, Cancionero Tuna, musica tuna\" src=\"http:\/\/www.tunaespana.es\/wp-content\/uploads\/2014\/02\/TunaEspa\u00f1a-Don-Dudo-Don-Maristas-Certamen-tuna-costa-calida-Cancionero-Tuna-musica-tuna1.jpg\" width=\"555\" height=\"304\" srcset=\"https:\/\/www.tunaespana.es\/wp-content\/uploads\/2014\/02\/TunaEspa\u00f1a-Don-Dudo-Don-Maristas-Certamen-tuna-costa-calida-Cancionero-Tuna-musica-tuna1.jpg 555w, https:\/\/www.tunaespana.es\/wp-content\/uploads\/2014\/02\/TunaEspa\u00f1a-Don-Dudo-Don-Maristas-Certamen-tuna-costa-calida-Cancionero-Tuna-musica-tuna1-300x164.jpg 300w\" sizes=\"(max-width: 555px) 100vw, 555px\" \/><\/a><\/p>\n<p align=\"CENTER\"><span style=\"color: #0000ff;\">Interpretan: Caetano Veloso<\/span><\/p>\n<p align=\"CENTER\"><span style=\"color: #00ff00;\">TunaEspa\u00f1a (Don Dudo) www.TunaEspa\u00f1a.es <\/span><\/p>\n<p align=\"CENTER\"><span style=\"color: #ff00ff;\"><span style=\"font-family: Georgia,Times New Roman,Bitstream Charter,Times,serif;\"><span style=\"font-size: medium;\">Ritmo: <\/span><\/span><\/span><\/p>\n<p align=\"CENTER\"><span style=\"color: #0000ff;\"><span style=\"font-family: Georgia,Times New Roman,Bitstream Charter,Times,serif;\"><span style=\"font-size: medium;\">[Tube]http:\/\/www.youtube.com\/watch?v=TG3Jyh5CLMc#t=187[\/Tube]<\/span><\/span><\/span><\/p>\n<p align=\"CENTER\"><span style=\"color: #0000ff;\"><span style=\"font-family: Georgia,Times New Roman,Bitstream Charter,Times,serif;\"><span style=\"font-size: medium;\">.<\/span><\/span><\/span><\/p>\n<pre id=\"ct_cifra\">(intro) <b>F#m7<\/b> <b>D#m7(b5)<\/b> <b>C#m6<\/b>  <b>Amaj7<\/b> <b>D#7(b5)<\/b> <b>G#7<\/b> <b>C#m6<\/b> <b>F#m7<\/b> <b>B7<\/b>\r\n\r\n <b>Emaj7<\/b>         <b>A#dim7<\/b>\r\nL\u00e1bios que beijei\r\n<b>E6<\/b>              <b>C#7<\/b>\r\nM\u00e3os que eu afaguei\r\n      <b>F#m7<\/b>     <b>B7<\/b>   <b>E6<\/b>\r\nNuma noite de luar assim\r\n  <b>E6<\/b>               <b>Gdim7<\/b>\r\nO mar na solid\u00e3o bramia\r\n<b>D#m7(b5)<\/b>               <b>G#7<\/b>\r\nE o vento a solu\u00e7ar pedia\r\n      <b>C#m7<\/b>    <b>F#7<\/b>        <b>F#m7<\/b>   <b>B7<\/b>\r\nQue fosses sincera para mim\r\n <b>Emaj7<\/b>     <b>A#dim7<\/b>\r\nNada tu ouviste\r\n<b>E6<\/b>        <b>C#7<\/b>\r\nE logo partiste\r\n          <b>F#m7<\/b>     <b>B7<\/b>    <b>Bm7<\/b>  <b>E7(b9)<\/b>\r\nPara os bra\u00e7os de outro amor\r\n<b>Amaj7<\/b>        <b>A#dim7<\/b>\r\nEu fiquei chorando\r\n<b>Emaj7\/B<\/b>         <b>C#7<\/b>\r\nMinha m\u00e1goa cantando\r\n        <b>F#m7<\/b>       <b>B7<\/b>    <b>Emaj7<\/b> <b>D#m7<\/b> <b>G#7<\/b>\r\nSou a est\u00e1tua perenal da dor\r\n\r\n  <b>C#m7<\/b>             <b>C#m6<\/b>          <b>F#m7<\/b>\r\nPasso os dias solu\u00e7ando com meu pinho\r\n  <b>F#m7<\/b>           <b>F#m6<\/b>    <b>G#7<\/b>\r\nCarpindo a minha dor, sozinho\r\n           <b>G#7(b9)<\/b>        <b>C#m6<\/b> <b>G#7<\/b>\r\nSem esperan\u00e7as de v\u00ea-la jamais\r\n<b>C#m7<\/b>             <b>A#dim7<\/b>  <b>D#7<\/b>     <b>G#m7<\/b>\r\nDeus, tem compaix\u00e3o    deste infeliz\r\n                <b>A#m7(b5)<\/b>\r\nPor que sofrer assim?\r\n     <b>D#7<\/b>                <b>A7<\/b>  <b>G#7<\/b>\r\nCompadecei-vos dos meus ais\r\n\r\n<b>C#m7<\/b>            <b>C#m6<\/b>      <b>F#m7<\/b>\r\nTua imagem permanece imaculada\r\n    <b>F#m7<\/b>           <b>G#7<\/b>\r\nEm minha retina cansada\r\n<b>F#m7<\/b>              <b>Fdim7<\/b>  <b>C#7(b9)<\/b>\r\nDe chorar por teu amor\r\n <b>F#m7<\/b>        <b>Gdim7<\/b>\r\nL\u00e1bios que beijei\r\n <b>C#m6<\/b>\r\nM\u00e3os que eu afaguei\r\n  <b>D#m7(b5)<\/b>    <b>G#7<\/b>          <b>C#m7<\/b> <b>B7<\/b>\r\nVolta, d\u00e1 lenitivo \u00e0 minha dor\r\n\r\n(instrumental como a estrofe primeira)\r\n\r\n            <b>C#m6<\/b>      <b>F#m7<\/b>\r\nTua imagem permanece imaculada\r\n    <b>F#m7<\/b>           <b>G#7<\/b>\r\nEm minha retina cansada\r\n<b>F#m7<\/b>              <b>Fdim7<\/b>  <b>C#7(b9)<\/b>\r\nDe chorar por teu amor\r\n <b>F#m7<\/b>        <b>Gdim7<\/b>\r\nL\u00e1bios que beijei\r\n <b>C#m6<\/b>\r\nM\u00e3os que eu afaguei\r\n  <b>D#m7(b5)<\/b>    <b>G#7<\/b>          <b>C#m7<\/b>\r\nVolta, d\u00e1 lenitivo \u00e0 minha dor<\/pre>\n<p align=\"CENTER\"><span style=\"color: #00ae00;\"><span style=\"font-family: Georgia,Times New Roman,Bitstream Charter,Times,serif;\"><span style=\"font-size: small;\">\u00a0<\/span><\/span><\/span><\/p>\n","protected":false},"excerpt":{"rendered":"<p>. L\u00e1bios Que Beijei Autor: Interpretan: Caetano Veloso TunaEspa\u00f1a (Don Dudo) www.TunaEspa\u00f1a.es Ritmo: [Tube]http:\/\/www.youtube.com\/watch?v=TG3Jyh5CLMc#t=187[\/Tube] . (intro) F#m7 D#m7(b5) C#m6 Amaj7 D#7(b5) G#7 C#m6 F#m7 B7 Emaj7 A#dim7 L\u00e1bios que beijei E6 C#7 M\u00e3os que eu afaguei F#m7 B7 E6 Numa noite de luar assim E6 Gdim7 O mar na solid\u00e3o bramia D#m7(b5) G#7 E o [&hellip;]<\/p>\n","protected":false},"author":2,"featured_media":0,"comment_status":"closed","ping_status":"closed","sticky":false,"template":"","format":"standard","meta":[],"categories":[30,263],"tags":[2111,856,3271,4659,1581,1475,3223,860,723,4865,3224],"_links":{"self":[{"href":"https:\/\/www.tunaespana.es\/index.php?rest_route=\/wp\/v2\/posts\/23897"}],"collection":[{"href":"https:\/\/www.tunaespana.es\/index.php?rest_route=\/wp\/v2\/posts"}],"about":[{"href":"https:\/\/www.tunaespana.es\/index.php?rest_route=\/wp\/v2\/types\/post"}],"author":[{"embeddable":true,"href":"https:\/\/www.tunaespana.es\/index.php?rest_route=\/wp\/v2\/users\/2"}],"replies":[{"embeddable":true,"href":"https:\/\/www.tunaespana.es\/index.php?rest_route=%2Fwp%2Fv2%2Fcomments&post=23897"}],"version-history":[{"count":2,"href":"https:\/\/www.tunaespana.es\/index.php?rest_route=\/wp\/v2\/posts\/23897\/revisions"}],"predecessor-version":[{"id":23900,"href":"https:\/\/www.tunaespana.es\/index.php?rest_route=\/wp\/v2\/posts\/23897\/revisions\/23900"}],"wp:attachment":[{"href":"https:\/\/www.tunaespana.es\/index.php?rest_route=%2Fwp%2Fv2%2Fmedia&parent=23897"}],"wp:term":[{"taxonomy":"category","embeddable":true,"href":"https:\/\/www.tunaespana.es\/index.php?rest_route=%2Fwp%2Fv2%2Fcategories&post=23897"},{"taxonomy":"post_tag","embeddable":true,"href":"https:\/\/www.tunaespana.es\/index.php?rest_route=%2Fwp%2Fv2%2Ftags&post=23897"}],"curies":[{"name":"wp","href":"https:\/\/api.w.org\/{rel}","templated":true}]}}