{"id":24348,"date":"2014-03-19T17:19:21","date_gmt":"2014-03-19T17:19:21","guid":{"rendered":"http:\/\/www.tunaespana.es\/?p=24348"},"modified":"2014-03-19T17:19:21","modified_gmt":"2014-03-19T17:19:21","slug":"canto-a-mburucuyaacorde-guitarra-letra-tabladura-cancionero-tunachamame","status":"publish","type":"post","link":"https:\/\/www.tunaespana.es\/?p=24348","title":{"rendered":"Canto a Mburucuy\u00e1,Acorde Guitarra, Letra Tabladura, Cancionero Tuna,Chamame"},"content":{"rendered":"<h1 align=\"CENTER\"><span style=\"color: #000000;\"><span style=\"font-family: Georgia,Times New Roman,Bitstream Charter,Times,serif;\"><span style=\"font-size: xx-small;\">.<\/span><\/span><\/span><\/h1>\n<h1 align=\"CENTER\"><span style=\"color: #ff3366;\"> <span style=\"font-family: Georgia,Times New Roman,Bitstream Charter,Times,serif;\"><span style=\"font-size: xx-large;\"><span style=\"color: #ff0000;\">Canto a Mburucuy\u00e1<\/span><\/span><\/span><\/span><\/h1>\n<p align=\"CENTER\"><span style=\"color: #ffff00;\"><span style=\"font-family: Georgia,Times New Roman,Bitstream Charter,Times,serif;\"><span style=\"font-size: medium;\">Autor: Julio C\u00e1ceres<\/span><\/span><\/span><\/p>\n<p align=\"CENTER\"><a href=\"http:\/\/www.tunaespana.es\/wp-content\/uploads\/2014\/03\/Tuna-Espa\u00f1a-Tunas-Universitarias-Tunas-y-estudiantinas-cancionero-tuna-certamen-Internacional-Costa-Calida-buen-tunar-musica-tuna-canciones-de-tuna.jpg\"><img decoding=\"async\" loading=\"lazy\" class=\"aligncenter size-full wp-image-24349\" alt=\"Tuna Espa\u00f1a , Tunas Universitarias, Tunas y estudiantinas, cancionero tuna, certamen Internacional  Costa Calida, buen tunar, musica tuna, canciones de tuna\" src=\"http:\/\/www.tunaespana.es\/wp-content\/uploads\/2014\/03\/Tuna-Espa\u00f1a-Tunas-Universitarias-Tunas-y-estudiantinas-cancionero-tuna-certamen-Internacional-Costa-Calida-buen-tunar-musica-tuna-canciones-de-tuna.jpg\" width=\"351\" height=\"498\" srcset=\"https:\/\/www.tunaespana.es\/wp-content\/uploads\/2014\/03\/Tuna-Espa\u00f1a-Tunas-Universitarias-Tunas-y-estudiantinas-cancionero-tuna-certamen-Internacional-Costa-Calida-buen-tunar-musica-tuna-canciones-de-tuna.jpg 351w, https:\/\/www.tunaespana.es\/wp-content\/uploads\/2014\/03\/Tuna-Espa\u00f1a-Tunas-Universitarias-Tunas-y-estudiantinas-cancionero-tuna-certamen-Internacional-Costa-Calida-buen-tunar-musica-tuna-canciones-de-tuna-211x300.jpg 211w\" sizes=\"(max-width: 351px) 100vw, 351px\" \/><\/a><\/p>\n<p align=\"CENTER\"><span style=\"color: #0000ff;\">Interpretan: TunaEspa\u00f1a, Los de Imaguar\u00e9<\/span><\/p>\n<p align=\"CENTER\"><span style=\"color: #00ff00;\">TunaEspa\u00f1a (Don Dudo) www.TunaEspa\u00f1a.es <\/span><\/p>\n<p align=\"CENTER\"><span style=\"color: #ff00ff;\"><span style=\"font-family: Georgia,Times New Roman,Bitstream Charter,Times,serif;\"><span style=\"font-size: medium;\">Ritmo: Chamame<\/span><\/span><\/span><\/p>\n<p align=\"CENTER\"><span style=\"color: #0000ff;\"><span style=\"font-family: Georgia,Times New Roman,Bitstream Charter,Times,serif;\"><span style=\"font-size: medium;\">[Tube]http:\/\/www.youtube.com\/watch?v=l7uZe2Nnrlo[\/Tube]<\/span><\/span><\/span><\/p>\n<p align=\"CENTER\"><span style=\"color: #0000ff;\"><span style=\"font-family: Georgia,Times New Roman,Bitstream Charter,Times,serif;\"><span style=\"font-size: medium;\">.<\/span><\/span><\/span><\/p>\n<pre>I\r\n    <a>D<\/a>         <a>A7<\/a>\r\nMburucuy\u00e1 la sombra\r\n                   <a>D<\/a>\r\nde Eustaquio te cobija\r\n               <a>A7<\/a>\r\nla luna correntina\r\n                <a>D<\/a>\r\nte presta su pay\u00e9.\r\n                <a>A7<\/a>\r\nTus hijos musiqueros\r\n               <a>D<\/a>\r\ncurtidos de silencio\r\n                 <a>F<\/a>\r\nrevientan los olvidos\r\n    <a>A7<\/a>          <a>D<\/a>\r\nal son de chamam\u00e9.\r\n\r\nII\r\n                  <a>D<\/a>\r\nYa pulsan los Miqueri\r\n   <a>A7<\/a>             <a>D<\/a>\r\nsonoros instrumentos,\r\n               <a>A7<\/a>\r\nAntonio Niz sereno\r\n  <a>G<\/a>              <a>D<\/a>\r\nsuelta su bordonear.\r\n                    <a>A7<\/a>\r\nLas cuerdas y los fuelles\r\n     <a>F#<\/a>            <a>Bm<\/a>\r\nse trenzan en el viento\r\n    <a>B7<\/a>           <a>Em<\/a>\r\nel canto de la tierra\r\n  <a>G<\/a>              <a>A7<\/a>\r\nafirma el sentimiento\r\n     <a>G<\/a>            <a>D<\/a>\r\ny all\u00e1 por Manantiales\r\n    <a>A7<\/a>           <a>D<\/a>\r\nrevienta un sapukay.\r\n\r\n(Recitado)\r\nNeike Juan Carlos Jensen\r\nponele a este momento\r\nla palabra que el viento\r\nte dicta en soledad.\r\nQue sepan los que quieran\r\nque nuestro sentimiento\r\ntiene un moj\u00f3n de fierro\r\naqu\u00ed en Mburucuy\u00e1.\r\n\r\nI\r\nNo hay var\u00f3n correntino\r\nque no sienta en el pecho\r\nla urgencia de este tiempo\r\nque nos convoca a hacer.\r\nJuventud de mi tierra\r\nasume tu esperanza\r\ncomo una vieja lanza\r\ndel tiempo Imaguar\u00e9.\r\n\r\nII\r\nNo importa compa\u00f1ero\r\nel sue\u00f1o que no ha sido\r\nno importan los olvidos\r\nque templan nuestra fe.\r\nLos cuatrocientos a\u00f1os\r\ndel pueblo correntino\r\nquieren que caminemos\r\njuntos y convencidos\r\nel tiempo esperanzado\r\nde nuestro chamam\u00e9.\r\n\r\n    <a>Gm<\/a>        <a>F<\/a>\r\nMburucuy\u00e1 te nombra\r\n    <a>A7<\/a>          <a>D<\/a>\r\nel canto Imaguar\u00e9!<\/pre>\n<p align=\"CENTER\">\n<p align=\"CENTER\"><span style=\"color: #00ae00;\"><span style=\"font-family: Georgia,Times New Roman,Bitstream Charter,Times,serif;\"><span style=\"font-size: small;\">\u00a0<\/span><\/span><\/span><\/p>\n","protected":false},"excerpt":{"rendered":"<p>. Canto a Mburucuy\u00e1 Autor: Julio C\u00e1ceres Interpretan: TunaEspa\u00f1a, Los de Imaguar\u00e9 TunaEspa\u00f1a (Don Dudo) www.TunaEspa\u00f1a.es Ritmo: Chamame [Tube]http:\/\/www.youtube.com\/watch?v=l7uZe2Nnrlo[\/Tube] . I D A7 Mburucuy\u00e1 la sombra D de Eustaquio te cobija A7 la luna correntina D te presta su pay\u00e9. A7 Tus hijos musiqueros D curtidos de silencio F revientan los olvidos A7 D al [&hellip;]<\/p>\n","protected":false},"author":2,"featured_media":0,"comment_status":"closed","ping_status":"closed","sticky":false,"template":"","format":"standard","meta":[],"categories":[39,263],"tags":[2111,856,3271,1581,1475,3693,3223,1052,4854,3679,3675,3680,860,723,4865,3224],"_links":{"self":[{"href":"https:\/\/www.tunaespana.es\/index.php?rest_route=\/wp\/v2\/posts\/24348"}],"collection":[{"href":"https:\/\/www.tunaespana.es\/index.php?rest_route=\/wp\/v2\/posts"}],"about":[{"href":"https:\/\/www.tunaespana.es\/index.php?rest_route=\/wp\/v2\/types\/post"}],"author":[{"embeddable":true,"href":"https:\/\/www.tunaespana.es\/index.php?rest_route=\/wp\/v2\/users\/2"}],"replies":[{"embeddable":true,"href":"https:\/\/www.tunaespana.es\/index.php?rest_route=%2Fwp%2Fv2%2Fcomments&post=24348"}],"version-history":[{"count":1,"href":"https:\/\/www.tunaespana.es\/index.php?rest_route=\/wp\/v2\/posts\/24348\/revisions"}],"predecessor-version":[{"id":24350,"href":"https:\/\/www.tunaespana.es\/index.php?rest_route=\/wp\/v2\/posts\/24348\/revisions\/24350"}],"wp:attachment":[{"href":"https:\/\/www.tunaespana.es\/index.php?rest_route=%2Fwp%2Fv2%2Fmedia&parent=24348"}],"wp:term":[{"taxonomy":"category","embeddable":true,"href":"https:\/\/www.tunaespana.es\/index.php?rest_route=%2Fwp%2Fv2%2Fcategories&post=24348"},{"taxonomy":"post_tag","embeddable":true,"href":"https:\/\/www.tunaespana.es\/index.php?rest_route=%2Fwp%2Fv2%2Ftags&post=24348"}],"curies":[{"name":"wp","href":"https:\/\/api.w.org\/{rel}","templated":true}]}}