{"id":24351,"date":"2014-03-19T17:22:43","date_gmt":"2014-03-19T17:22:43","guid":{"rendered":"http:\/\/www.tunaespana.es\/?p=24351"},"modified":"2014-03-19T17:22:43","modified_gmt":"2014-03-19T17:22:43","slug":"canto-agradecidoacorde-guitarra-letra-tabladura-cancionero-tunachamame","status":"publish","type":"post","link":"https:\/\/www.tunaespana.es\/?p=24351","title":{"rendered":"Canto Agradecido,Acorde Guitarra, Letra Tabladura, Cancionero Tuna,Chamame"},"content":{"rendered":"<h1 align=\"CENTER\"><span style=\"color: #000000;\"><span style=\"font-family: Georgia,Times New Roman,Bitstream Charter,Times,serif;\"><span style=\"font-size: xx-small;\">.<\/span><\/span><\/span><\/h1>\n<h1 align=\"CENTER\"><span style=\"color: #ff3366;\"> <span style=\"font-family: Georgia,Times New Roman,Bitstream Charter,Times,serif;\"><span style=\"font-size: xx-large;\"><span style=\"color: #ff0000;\">Canto Agradecido<\/span><\/span><\/span><\/span><\/h1>\n<p align=\"CENTER\"><span style=\"color: #ffff00;\"><span style=\"font-family: Georgia,Times New Roman,Bitstream Charter,Times,serif;\"><span style=\"font-size: medium;\">Autor: Juli\u00e1n Zini &#8211; R. Tito G\u00f3mez<\/span><\/span><\/span><\/p>\n<p align=\"CENTER\"><a href=\"http:\/\/www.tunaespana.es\/wp-content\/uploads\/2014\/03\/Tuna-Espa\u00f1a-Tunas-Universitarias-Tunas-y-estudiantinas-cancionero-tuna-certamen-Internacional-Tuna-Costa-Calida-buen-tunar-Don-Dudo-Don-Bibiano.jpg\"><img decoding=\"async\" loading=\"lazy\" class=\"aligncenter size-full wp-image-24352\" alt=\"Tuna Espa\u00f1a , Tunas Universitarias, Tunas y estudiantinas, cancionero tuna, certamen Internacional Tuna Costa Calida, buen tunar, Don Dudo, Don Bibiano\" src=\"http:\/\/www.tunaespana.es\/wp-content\/uploads\/2014\/03\/Tuna-Espa\u00f1a-Tunas-Universitarias-Tunas-y-estudiantinas-cancionero-tuna-certamen-Internacional-Tuna-Costa-Calida-buen-tunar-Don-Dudo-Don-Bibiano.jpg\" width=\"485\" height=\"364\" srcset=\"https:\/\/www.tunaespana.es\/wp-content\/uploads\/2014\/03\/Tuna-Espa\u00f1a-Tunas-Universitarias-Tunas-y-estudiantinas-cancionero-tuna-certamen-Internacional-Tuna-Costa-Calida-buen-tunar-Don-Dudo-Don-Bibiano.jpg 485w, https:\/\/www.tunaespana.es\/wp-content\/uploads\/2014\/03\/Tuna-Espa\u00f1a-Tunas-Universitarias-Tunas-y-estudiantinas-cancionero-tuna-certamen-Internacional-Tuna-Costa-Calida-buen-tunar-Don-Dudo-Don-Bibiano-300x225.jpg 300w\" sizes=\"(max-width: 485px) 100vw, 485px\" \/><\/a><\/p>\n<p align=\"CENTER\"><span style=\"color: #0000ff;\">Interpretan: TunaEspa\u00f1a, Los de Imaguar\u00e9<\/span><\/p>\n<p align=\"CENTER\"><span style=\"color: #00ff00;\">TunaEspa\u00f1a (Don Dudo) www.TunaEspa\u00f1a.es <\/span><\/p>\n<p align=\"CENTER\"><span style=\"color: #ff00ff;\"><span style=\"font-family: Georgia,Times New Roman,Bitstream Charter,Times,serif;\"><span style=\"font-size: medium;\">Ritmo: Chamame<\/span><\/span><\/span><\/p>\n<p align=\"CENTER\"><span style=\"color: #0000ff;\"><span style=\"font-family: Georgia,Times New Roman,Bitstream Charter,Times,serif;\"><span style=\"font-size: medium;\">[Tube]http:\/\/www.youtube.com\/watch?v=4I_VrEsV0e8[\/Tube]<\/span><\/span><\/span><\/p>\n<p align=\"CENTER\"><span style=\"color: #0000ff;\"><span style=\"font-family: Georgia,Times New Roman,Bitstream Charter,Times,serif;\"><span style=\"font-size: medium;\">.<\/span><\/span><\/span><\/p>\n<pre>Recitado\r\n\r\nIgual que un \u00e1rbol a\u00f1oso que desnudaron los vientos\r\nte vas quedando callado y es como que te vas yendo.\r\nDe vez en cuando te sangra la cicatriz de un recuerdo\r\ny entonces tu voz quebrada rescata un sabor a cuentos.\r\nTuve que amar y ser padre y tuve que verte abuelo\r\npara entender tu cari\u00f1o y comprender tus defectos.\r\nPor eso quiero entibiarte la soledad y el silencio\r\ncon un canto agradecido de este gajo de tu cuerpo.\r\n\r\nI\r\n    <a>D<\/a>\r\nYo s\u00e9 que cuando atardece\r\n       <a>A7<\/a>           <a>D<\/a>\r\ny se prenden los luceros\r\n       <a>Am<\/a>          <a>B<\/a>\r\npor el humo del cigarro\r\n        <a>B7<\/a>             <a>Em<\/a>\r\nte nos vas tras de tu sue\u00f1os.\r\n <a>Gm<\/a>                 <a>A7<\/a>\r\nSos como un r\u00edo callado\r\n                <a>D<\/a>\r\nmelodioso por adentro\r\n    <a>E7<\/a>               <a>A<\/a>\r\nel cauce de tu experiencia\r\n            <a>A7<\/a>         <a>D<\/a>\r\nnos di\u00f3 el rumbo verdadero.\r\n\r\nII\r\n       <a>D<\/a>\r\nNo te vayas que haces falta\r\n    <a>B7<\/a>              <a>Em<\/a>\r\nya vas a ver, te prometo.\r\n                  <a>A<\/a>\r\nVoy a sumarle mis ansias\r\n                  <a>D<\/a>\r\na lo mejor de tu tiempo.\r\nVoy a regar tus ra\u00edces\r\n  <a>D7<\/a>                 <a>G<\/a>\r\npara que broten tus sue\u00f1os\r\n  <a>A<\/a>                 <a>D<\/a>\r\ny vamos a hacer la patria\r\n    <a>A<\/a>                  <a>D<\/a>\r\nde la que hablabas mi viejo.\r\n\r\nI\r\nPorque amaste la alegr\u00eda\r\nde brindarte por entero,\r\nla honestidad como un traje\r\nte visti\u00f3 el alma y el cuerpo.\r\nYo s\u00e9 que en tus madrugadas\r\nla costumbre del esfuerzo\r\nte desvela y te entretienes\r\ncon tu mate compa\u00f1ero.\r\n\r\nII\r\nNo te vayas que haces falta\r\nya vas a ver, te prometo.\r\nVoy a sumarle mis ansias\r\na lo mejor de tu tiempo.\r\nVoy a regar tus ra\u00edces\r\npara que broten tus sue\u00f1os\r\ny vamos a hacer la patria\r\nde la que hablabas mi viejo.<\/pre>\n<p align=\"CENTER\">\n<p align=\"CENTER\"><span style=\"color: #0000ff;\"><span style=\"font-size: large;\">\u00a0<\/span><\/span><\/p>\n","protected":false},"excerpt":{"rendered":"<p>. Canto Agradecido Autor: Juli\u00e1n Zini &#8211; R. Tito G\u00f3mez Interpretan: TunaEspa\u00f1a, Los de Imaguar\u00e9 TunaEspa\u00f1a (Don Dudo) www.TunaEspa\u00f1a.es Ritmo: Chamame [Tube]http:\/\/www.youtube.com\/watch?v=4I_VrEsV0e8[\/Tube] . Recitado Igual que un \u00e1rbol a\u00f1oso que desnudaron los vientos te vas quedando callado y es como que te vas yendo. De vez en cuando te sangra la cicatriz de un recuerdo [&hellip;]<\/p>\n","protected":false},"author":2,"featured_media":0,"comment_status":"closed","ping_status":"closed","sticky":false,"template":"","format":"standard","meta":[],"categories":[39,263],"tags":[2111,856,3271,1581,1475,3695,3223,1052,4854,3676,3675,3680,860,3694,723,4865,3224],"_links":{"self":[{"href":"https:\/\/www.tunaespana.es\/index.php?rest_route=\/wp\/v2\/posts\/24351"}],"collection":[{"href":"https:\/\/www.tunaespana.es\/index.php?rest_route=\/wp\/v2\/posts"}],"about":[{"href":"https:\/\/www.tunaespana.es\/index.php?rest_route=\/wp\/v2\/types\/post"}],"author":[{"embeddable":true,"href":"https:\/\/www.tunaespana.es\/index.php?rest_route=\/wp\/v2\/users\/2"}],"replies":[{"embeddable":true,"href":"https:\/\/www.tunaespana.es\/index.php?rest_route=%2Fwp%2Fv2%2Fcomments&post=24351"}],"version-history":[{"count":1,"href":"https:\/\/www.tunaespana.es\/index.php?rest_route=\/wp\/v2\/posts\/24351\/revisions"}],"predecessor-version":[{"id":24353,"href":"https:\/\/www.tunaespana.es\/index.php?rest_route=\/wp\/v2\/posts\/24351\/revisions\/24353"}],"wp:attachment":[{"href":"https:\/\/www.tunaespana.es\/index.php?rest_route=%2Fwp%2Fv2%2Fmedia&parent=24351"}],"wp:term":[{"taxonomy":"category","embeddable":true,"href":"https:\/\/www.tunaespana.es\/index.php?rest_route=%2Fwp%2Fv2%2Fcategories&post=24351"},{"taxonomy":"post_tag","embeddable":true,"href":"https:\/\/www.tunaespana.es\/index.php?rest_route=%2Fwp%2Fv2%2Ftags&post=24351"}],"curies":[{"name":"wp","href":"https:\/\/api.w.org\/{rel}","templated":true}]}}