{"id":26625,"date":"2014-06-17T18:07:15","date_gmt":"2014-06-17T18:07:15","guid":{"rendered":"http:\/\/www.tunaespana.es\/?p=26625"},"modified":"2014-06-17T18:07:15","modified_gmt":"2014-06-17T18:07:15","slug":"lagrimas-del-almaacorde-guitarra-letra-tabladura-cancionero-tuna","status":"publish","type":"post","link":"https:\/\/www.tunaespana.es\/?p=26625","title":{"rendered":"Lagrimas del alma,Acorde Guitarra, Letra Tabladura, Cancionero Tuna,"},"content":{"rendered":"<h1 class=\"western\" style=\"font-style: normal; font-weight: normal; line-height: 0.5cm; widows: 2; orphans: 2;\" align=\"CENTER\"><span style=\"color: #000000;\"><span style=\"font-family: Georgia,Times New Roman,Bitstream Charter,Times,serif;\"><span style=\"font-size: xx-small;\"><span style=\"background: transparent;\">.<\/span><\/span><\/span><\/span><\/h1>\n<h1 class=\"western\" style=\"font-style: normal; font-weight: normal; line-height: 0.5cm; widows: 2; orphans: 2;\" align=\"CENTER\"><span style=\"color: #ff3366;\"> L\u00e1grimas del alma<span style=\"font-family: Georgia,Times New Roman,Bitstream Charter,Times,serif;\"><span style=\"font-size: xx-large;\"><span style=\"color: #ff0000;\"><br \/>\n<\/span><\/span><\/span><\/span><\/h1>\n<p><a href=\"http:\/\/www.tunaespana.es\/wp-content\/uploads\/2014\/06\/Tuna-Espa\u00f1a-Tuna-Femenina-Almeria-Cancionero-Tuna-Don-Dudo-Certamen-Tuna.jpg\"><img decoding=\"async\" loading=\"lazy\" class=\"aligncenter size-full wp-image-26626\" src=\"http:\/\/www.tunaespana.es\/wp-content\/uploads\/2014\/06\/Tuna-Espa\u00f1a-Tuna-Femenina-Almeria-Cancionero-Tuna-Don-Dudo-Certamen-Tuna.jpg\" alt=\"Tuna Espa\u00f1a, Tuna Femenina Almeria, Cancionero Tuna, Don Dudo, Certamen Tuna\" width=\"608\" height=\"260\" srcset=\"https:\/\/www.tunaespana.es\/wp-content\/uploads\/2014\/06\/Tuna-Espa\u00f1a-Tuna-Femenina-Almeria-Cancionero-Tuna-Don-Dudo-Certamen-Tuna.jpg 608w, https:\/\/www.tunaespana.es\/wp-content\/uploads\/2014\/06\/Tuna-Espa\u00f1a-Tuna-Femenina-Almeria-Cancionero-Tuna-Don-Dudo-Certamen-Tuna-300x128.jpg 300w\" sizes=\"(max-width: 608px) 100vw, 608px\" \/><\/a><\/p>\n<h1 class=\"western\" style=\"font-weight: normal; line-height: 0.5cm; widows: 2; orphans: 2;\" align=\"CENTER\"><span style=\"color: #ffff99;\"><span style=\"font-size: medium;\">Autor: <\/span><\/span><\/h1>\n<p style=\"line-height: 0.5cm; widows: 2; orphans: 2;\" align=\"CENTER\"><span style=\"color: #0000ff;\">Interpretan: <\/span><span style=\"color: #0000ff;\"><span style=\"font-size: small;\"><span style=\"background: transparent;\"> Miguel Aceves Mej\u00eda, Javier Solis, Olimpo Cardenas, Roberto Yanes<br \/>\n<\/span><\/span><\/span><\/p>\n<p style=\"margin-bottom: 0cm; font-style: normal; font-weight: normal; line-height: 0.5cm; widows: 2; orphans: 2;\" align=\"CENTER\"><span style=\"color: #ff00ff;\"><span style=\"font-family: Georgia,Times New Roman,Bitstream Charter,Times,serif;\"><span style=\"font-size: medium;\"><span style=\"background: transparent;\">Ritmo: <\/span><\/span><\/span><\/span><\/p>\n<p style=\"line-height: 0.5cm; widows: 2; orphans: 2;\" align=\"CENTER\"><span style=\"color: #00ff00;\">Don Dudo (TunaEspa\u00f1a)<\/span><\/p>\n<p style=\"margin-bottom: 0cm; font-style: normal; font-weight: normal; line-height: 0.5cm; widows: 2; orphans: 2;\" align=\"CENTER\"><span style=\"color: #0000ff;\"><span style=\"font-family: Georgia,Times New Roman,Bitstream Charter,Times,serif;\"><span style=\"font-size: small;\">[Tube]http:\/\/www.youtube.com\/watch?v=e_vMrusiaj8[\/Tube]<\/span><\/span><\/span><\/p>\n<p style=\"font-style: normal; font-weight: normal; line-height: 0.5cm; widows: 2; orphans: 2;\" align=\"CENTER\"><span style=\"color: #0000ff;\"><span style=\"font-family: Georgia,Times New Roman,Bitstream Charter,Times,serif;\"><span style=\"font-size: medium;\"><span style=\"background: transparent;\">.<\/span><\/span><\/span><\/span><\/p>\n<pre><a>D<\/a>\r\nDespu\u00e9s de un d\u00eda lluvioso el cielo se oscurece,\r\n                 <a>G<\/a>\r\nall\u00ed es donde comienza mi pecho a suspirar\r\n                   <a>A7<\/a>                   <a>D<\/a>\r\nrecuerdo aquella tarde de nuestra despedida,\r\n                     <a>A7<\/a>                    <a>D<\/a>\r\npues era un d\u00eda como este que no podre olvidar\r\n\r\nPor eso cuando llueve me lleno de recuerdos\r\ny con tristeza espero la horrible oscuridad,\r\nlas l\u00e1grimas del alma semejan esta lluvia,\r\nla noche con su manto tendr\u00e1 su d\u00eda de luz.\r\n\r\n<a>D<\/a>                <a>A7<\/a>                      <a>D<\/a>\r\nSumido en el letargo el pensamiento implora\r\n                    <a>A7<\/a>                    <a>D<\/a>\r\nque aclare nuestro cielo y vuelva a ser feliz\r\n\r\nPor eso cuando llueve me lleno de recuerdos\r\ny con tristeza espero la horrible oscuridad,\r\nlas l\u00e1grimas del alma semejan esta lluvia,\r\nla noche con su manto tendr\u00e1 su d\u00eda de luz.<\/pre>\n<p style=\"margin-bottom: 0cm; font-style: normal; font-weight: normal; line-height: 0.5cm; widows: 2; orphans: 2;\" align=\"CENTER\"><span style=\"color: #0000ff;\"><span style=\"font-family: Georgia,Times New Roman,Bitstream Charter,Times,serif;\"><span style=\"font-size: small;\">[Tube]http:\/\/www.youtube.com\/watch?v=Igde_L6y34g[\/Tube]<\/span><\/span><\/span><\/p>\n<p style=\"font-style: normal; font-weight: normal; line-height: 0.5cm; widows: 2; orphans: 2;\" align=\"CENTER\">\n<p style=\"line-height: 0.5cm; widows: 2; orphans: 2;\" align=\"CENTER\"><span style=\"color: #00ae00;\"><span style=\"font-family: Georgia,Times New Roman,Bitstream Charter,Times,serif;\"><span style=\"font-size: small;\"><span style=\"font-style: normal;\"><span style=\"font-weight: normal;\"><span style=\"background: transparent;\">\u00a0<\/span><\/span><\/span><\/span><\/span><\/span><\/p>\n","protected":false},"excerpt":{"rendered":"<p>. L\u00e1grimas del alma Autor: Interpretan: Miguel Aceves Mej\u00eda, Javier Solis, Olimpo Cardenas, Roberto Yanes Ritmo: Don Dudo (TunaEspa\u00f1a) [Tube]http:\/\/www.youtube.com\/watch?v=e_vMrusiaj8[\/Tube] . D Despu\u00e9s de un d\u00eda lluvioso el cielo se oscurece, G all\u00ed es donde comienza mi pecho a suspirar A7 D recuerdo aquella tarde de nuestra despedida, A7 D pues era un d\u00eda como [&hellip;]<\/p>\n","protected":false},"author":2,"featured_media":0,"comment_status":"closed","ping_status":"closed","sticky":false,"template":"","format":"standard","meta":[],"categories":[30,263],"tags":[2111,856,3271,1581,1475,3223,4618,4727,860,4653,1706,723,4865,3224],"_links":{"self":[{"href":"https:\/\/www.tunaespana.es\/index.php?rest_route=\/wp\/v2\/posts\/26625"}],"collection":[{"href":"https:\/\/www.tunaespana.es\/index.php?rest_route=\/wp\/v2\/posts"}],"about":[{"href":"https:\/\/www.tunaespana.es\/index.php?rest_route=\/wp\/v2\/types\/post"}],"author":[{"embeddable":true,"href":"https:\/\/www.tunaespana.es\/index.php?rest_route=\/wp\/v2\/users\/2"}],"replies":[{"embeddable":true,"href":"https:\/\/www.tunaespana.es\/index.php?rest_route=%2Fwp%2Fv2%2Fcomments&post=26625"}],"version-history":[{"count":1,"href":"https:\/\/www.tunaespana.es\/index.php?rest_route=\/wp\/v2\/posts\/26625\/revisions"}],"predecessor-version":[{"id":26627,"href":"https:\/\/www.tunaespana.es\/index.php?rest_route=\/wp\/v2\/posts\/26625\/revisions\/26627"}],"wp:attachment":[{"href":"https:\/\/www.tunaespana.es\/index.php?rest_route=%2Fwp%2Fv2%2Fmedia&parent=26625"}],"wp:term":[{"taxonomy":"category","embeddable":true,"href":"https:\/\/www.tunaespana.es\/index.php?rest_route=%2Fwp%2Fv2%2Fcategories&post=26625"},{"taxonomy":"post_tag","embeddable":true,"href":"https:\/\/www.tunaespana.es\/index.php?rest_route=%2Fwp%2Fv2%2Ftags&post=26625"}],"curies":[{"name":"wp","href":"https:\/\/api.w.org\/{rel}","templated":true}]}}