{"id":26831,"date":"2014-06-24T15:45:18","date_gmt":"2014-06-24T15:45:18","guid":{"rendered":"http:\/\/www.tunaespana.es\/?p=26831"},"modified":"2014-09-22T16:32:38","modified_gmt":"2014-09-22T16:32:38","slug":"anaacorde-guitarra-letra-tabladura-cancionero-tuna-xx","status":"publish","type":"post","link":"https:\/\/www.tunaespana.es\/?p=26831","title":{"rendered":"Ana,,Acorde Guitarra, Letra Tabladura, Cancionero Tuna, Brasil, xx"},"content":{"rendered":"<h1 class=\"western\" style=\"font-style: normal; font-weight: normal; line-height: 0.5cm; widows: 2; orphans: 2;\" align=\"CENTER\"><span style=\"color: #000000;\"><span style=\"font-family: Georgia,Times New Roman,Bitstream Charter,Times,serif;\"><span style=\"font-size: xx-small;\"><span style=\"background: transparent;\">.<\/span><\/span><\/span><\/span><\/h1>\n<h1 class=\"western\" style=\"font-style: normal; font-weight: normal; line-height: 0.5cm; widows: 2; orphans: 2;\" align=\"CENTER\"><span style=\"color: #ff3366;\"> <span style=\"font-family: Georgia,Times New Roman,Bitstream Charter,Times,serif;\"><span style=\"font-size: xx-large;\"><span style=\"color: #ff0000;\">Ana<\/span><\/span><\/span><\/span><\/h1>\n<p><a href=\"http:\/\/www.tunaespana.es\/wp-content\/uploads\/2014\/06\/Tuna-Espa\u00f1a-Tuna-Granada-cancionero-tuna-bandurria-Certamen-Tuna-Mojacar-Don-Dudo.jpg\"><img decoding=\"async\" loading=\"lazy\" class=\"aligncenter size-full wp-image-26832\" src=\"http:\/\/www.tunaespana.es\/wp-content\/uploads\/2014\/06\/Tuna-Espa\u00f1a-Tuna-Granada-cancionero-tuna-bandurria-Certamen-Tuna-Mojacar-Don-Dudo.jpg\" alt=\"Tuna Espa\u00f1a, Tuna Granada, cancionero tuna, bandurria, Certamen Tuna Mojacar, Don Dudo\" width=\"544\" height=\"315\" srcset=\"https:\/\/www.tunaespana.es\/wp-content\/uploads\/2014\/06\/Tuna-Espa\u00f1a-Tuna-Granada-cancionero-tuna-bandurria-Certamen-Tuna-Mojacar-Don-Dudo.jpg 544w, https:\/\/www.tunaespana.es\/wp-content\/uploads\/2014\/06\/Tuna-Espa\u00f1a-Tuna-Granada-cancionero-tuna-bandurria-Certamen-Tuna-Mojacar-Don-Dudo-300x173.jpg 300w\" sizes=\"(max-width: 544px) 100vw, 544px\" \/><\/a><\/p>\n<h1 class=\"western\" style=\"font-weight: normal; line-height: 0.5cm; widows: 2; orphans: 2;\" align=\"CENTER\"><span style=\"color: #ffff99;\"><span style=\"font-size: medium;\">Autor: Erasmo Carlos, Roberto Carlos<\/span><\/span><\/h1>\n<p align=\"CENTER\"><span style=\"color: #0000ff;\">Interpretan: <\/span><span style=\"color: #0000ff;\"><span style=\"font-family: Georgia,Times New Roman,Bitstream Charter,Times,serif;\"><span style=\"font-size: small;\"> Roberto Carlos, Agnaldo Timoteo<\/span><\/span><\/span><\/p>\n<p style=\"margin-bottom: 0cm; font-style: normal; font-weight: normal; line-height: 0.5cm; widows: 2; orphans: 2;\" align=\"CENTER\"><span style=\"color: #ff00ff;\"><span style=\"font-family: Georgia,Times New Roman,Bitstream Charter,Times,serif;\"><span style=\"font-size: medium;\"><span style=\"background: transparent;\">Ritmo: <\/span><\/span><\/span><\/span><\/p>\n<p style=\"line-height: 0.5cm; widows: 2; orphans: 2;\" align=\"CENTER\"><span style=\"color: #00ff00;\">Don Dudo (TunaEspa\u00f1a)<\/span><\/p>\n<p style=\"margin-bottom: 0cm; font-style: normal; font-weight: normal; line-height: 0.5cm; widows: 2; orphans: 2;\" align=\"CENTER\"><span style=\"color: #0000ff;\"><span style=\"font-family: Georgia,Times New Roman,Bitstream Charter,Times,serif;\"><span style=\"font-size: small;\">[Tube]http:\/\/www.youtube.com\/watch?v=jKB3LS7erpo[\/Tube]<\/span><\/span><\/span><\/p>\n<p style=\"font-style: normal; font-weight: normal; line-height: 0.5cm; widows: 2; orphans: 2;\" align=\"CENTER\"><span style=\"color: #0000ff;\"><span style=\"font-family: Georgia,Times New Roman,Bitstream Charter,Times,serif;\"><span style=\"font-size: medium;\"><span style=\"background: transparent;\">.<\/span><\/span><\/span><\/span><\/p>\n<pre><span style=\"color: #ffcc99;\"><a style=\"color: #ffcc99;\">F#m<\/a>              <a style=\"color: #ffcc99;\">B7<\/a>  <a style=\"color: #ffcc99;\">F#m<\/a>  <a style=\"color: #ffcc99;\">B7<\/a>\r\nTodo el tiempo que vivi\r\n  <a style=\"color: #ffcc99;\">E<\/a>\r\nprocurando mi camino\r\n<a style=\"color: #ffcc99;\">F#m<\/a>            <a style=\"color: #ffcc99;\">B7<\/a>       <a style=\"color: #ffcc99;\">F#m<\/a>  <a style=\"color: #ffcc99;\">B7<\/a>\r\nyo llegue a esta conclusion\r\n  <a style=\"color: #ffcc99;\">E<\/a>\r\nno lo encuentro sin cari\u00f1o\r\n<a style=\"color: #ffcc99;\">F#m<\/a> <a style=\"color: #ffcc99;\">B7<\/a>   <a style=\"color: #ffcc99;\">F#m<\/a> <a style=\"color: #ffcc99;\">B7<\/a>     <a style=\"color: #ffcc99;\">E<\/a>          <a style=\"color: #ffcc99;\">F#m<\/a> <a style=\"color: #ffcc99;\">B7<\/a> \r\n  Ana,     Ana    ,Ana,oh,oh,oh,Ana,\r\n<a style=\"color: #ffcc99;\">F#m<\/a>           <a style=\"color: #ffcc99;\">B7<\/a>      <a style=\"color: #ffcc99;\">E<\/a>  <a style=\"color: #ffcc99;\">A<\/a>-<a style=\"color: #ffcc99;\">E<\/a>\r\nsiento falta de tu amor.\r\n\r\n\r\nToda esa vida errada\r\nque he vivido has ahora\r\nempezo en el dia triste\r\nen que me dejaste solo\r\nAna,Ana,Ana,oh,oh,oh,Ana,\r\nsiento falta de tu amor.\r\n\r\n\r\nAna yo me acuerdo con nostalgia\r\nde nuestro tiempo, nuestro amor, nuestra alegria\r\nahora yo te veo en mis sue\u00f1os\r\ny al despertar toa mi vida es tan vacia\r\nAna,Ana,Ana,oh,oh,oh,Ana,\r\nsiento falta de tu amor.\r\n\r\n\r\nToda esa vida errada\r\nque he vivido has ahora\r\nempezo en el dia triste\r\nen que me dejaste solo\r\nAna,Ana,Ana,oh,oh,oh,Ana,\r\nsiento falta de tu amor.\r\nAna,Ana,Ana,oh,oh,oh,Ana,\r\nsiento falta de tu amor.<\/span><\/pre>\n<p style=\"line-height: 0.5cm; widows: 2; orphans: 2;\" align=\"CENTER\"><span style=\"font-size: 24pt;\"><strong><span style=\"color: #ffff99;\"><span style=\"font-family: Georgia,Times New Roman,Bitstream Charter,Times,serif;\"><span style=\"font-style: normal;\"><span style=\"background: none repeat scroll 0% 0% transparent;\">Version En Portugues<\/span><\/span><\/span><\/span><\/strong><\/span><\/p>\n<p align=\"CENTER\"><span style=\"color: #0000ff;\"><span style=\"font-family: Georgia,Times New Roman,Bitstream Charter,Times,serif;\"><span style=\"font-size: small;\">[Tube]https:\/\/www.youtube.com\/watch?v=BPyMEi6bjaE[\/Tube]<\/span><\/span><\/span><\/p>\n<pre id=\"ct_tom_cifra\"><\/pre>\n<pre class=\"cifra-mono\"><span style=\"color: #ffff99;\">Intro 2x: <b class=\"_i0\">Gm<\/b> <b class=\"_i1\">C7<\/b> <b class=\"_i2\">Gm<\/b> <b class=\"_i3\">C7<\/b> <b class=\"_i4\">F<\/b> \r\n\r\n  <b class=\"_i5\">Gm<\/b>          <b class=\"_i6\">C7<\/b>  <b class=\"_i7\">Gm<\/b>    <b class=\"_i8\">C7<\/b>                  <b class=\"_i9\">F<\/b>\r\nTodo tempo que eu vivi, procurando o meu caminho\r\n<b class=\"_i10\">Gm<\/b>           <b class=\"_i11\">C7<\/b>    <b class=\"_i12\">Gm<\/b>   <b class=\"_i13\">C7<\/b>     <b class=\"_i14\">F<\/b>             <b class=\"_i15\">Am<\/b>\r\nS\u00f3 cheguei a conclus\u00e3o que eu n\u00e3o vou achar sozinho\r\n<b class=\"_i16\">D7<\/b> <b class=\"_i17\">Gm<\/b> <b class=\"_i18\">C7<\/b>  <b class=\"_i19\">Gm<\/b> <b class=\"_i20\">C7<\/b> <b class=\"_i21\">F<\/b>  <b class=\"_i22\">Am<\/b>     <b class=\"_i23\">D7<\/b>      <b class=\"_i24\">Gm<\/b>  <b class=\"_i25\">C7<\/b>      <b class=\"_i26\">Gm<\/b>     <b class=\"_i27\">C7<\/b>   <b class=\"_i28\">F<\/b>   <b class=\"_i29\">Bb<\/b> <b class=\"_i30\">F<\/b>\r\nOh, Ana,   Ana,  Ana,  oh oh, oh oh Ana, que saudade de voc\u00ea\r\n<b class=\"_i31\">Gm<\/b>                <b class=\"_i32\">C7<\/b>  <b class=\"_i33\">Gm<\/b>          <b class=\"_i34\">C7<\/b>   <b class=\"_i35\">F<\/b>       <b class=\"_i36\">Gm<\/b>      <b class=\"_i37\">C7<\/b>   <b class=\"_i38\">Gm<\/b>   <b class=\"_i39\">C7<\/b>\r\nToda essa vida errada que eu vivi at\u00e9 agora, come\u00e7ou naquele dia\r\n   <b class=\"_i40\">F<\/b>              <b class=\"_i41\">Am<\/b>    <b class=\"_i42\">D7<\/b>   <b class=\"_i43\">Gm<\/b> <b class=\"_i44\">C7<\/b> <b class=\"_i45\">Gm<\/b>  <b class=\"_i46\">C7<\/b> <b class=\"_i47\">F<\/b>  <b class=\"_i48\">Am<\/b>       <b class=\"_i49\">D7<\/b>  <b class=\"_i50\">Gm<\/b>  <b class=\"_i51\">C7<\/b>\r\nQuando voc\u00ea foi embora...Oh  Ana, Ana,   Ana, oh oh oh oh Ana\r\n      <b class=\"_i52\">Gm<\/b>     <b class=\"_i53\">C7<\/b>  <b class=\"_i54\">F<\/b>  <b class=\"_i55\">Bb<\/b> <b class=\"_i56\">F<\/b>\r\nQue saudade de voc\u00ea\r\n <b class=\"_i57\">Gm<\/b>                      <b class=\"_i58\">C7<\/b>      <b class=\"_i59\">Gm<\/b>               <b class=\"_i60\">C7<\/b>            <b class=\"_i61\">F<\/b>\r\nAna eu me lembro com saudade do nosso tempo nosso amor nossa alegria\r\n<b class=\"_i62\">Gm<\/b>                         <b class=\"_i63\">C7<\/b>        <b class=\"_i64\">Gm<\/b>             <b class=\"_i65\">C7<\/b>            <b class=\"_i66\">F<\/b>      <b class=\"_i67\">Am<\/b>\r\nAgora s\u00f3 te vejo nos meus sonhos e quando acordo minha vida \u00e9 t\u00e3o vazia\r\n<b class=\"_i68\">D7<\/b>  <b class=\"_i69\">Gm<\/b> <b class=\"_i70\">C7<\/b> <b class=\"_i71\">Gm<\/b>  <b class=\"_i72\">C7<\/b>  <b class=\"_i73\">F<\/b>   <b class=\"_i74\">Am<\/b>      <b class=\"_i75\">D7<\/b>   <b class=\"_i76\">Gm<\/b> <b class=\"_i77\">C7<\/b>    <b class=\"_i78\">Gm<\/b>        <b class=\"_i79\">C7<\/b>    <b class=\"_i80\">F<\/b>\r\nOh Ana,     Ana,   Ana, oh oh oh oh Ana. que saudade de voc\u00ea<\/span>\r\n<a href=\"http:\/\/www.tunaespana.es\/wp-content\/uploads\/2014\/09\/Tuna-Espa\u00f1a-Tunas-Universitarias-Tunas-y-estudiantinas-cancionero-tuna-certamen-Tuna-Costa-Calida-musica-tuna-Tuna-medicina-murcia-Tuna-Universitaria.jpg\"><img decoding=\"async\" loading=\"lazy\" class=\"aligncenter size-full wp-image-27847\" src=\"http:\/\/www.tunaespana.es\/wp-content\/uploads\/2014\/09\/Tuna-Espa\u00f1a-Tunas-Universitarias-Tunas-y-estudiantinas-cancionero-tuna-certamen-Tuna-Costa-Calida-musica-tuna-Tuna-medicina-murcia-Tuna-Universitaria.jpg\" alt=\"Tuna-Espa\u00f1a-Tunas-Universitarias-Tunas-y-estudiantinas-cancionero-tuna-certamen-Tuna-Costa-Calida-musica-tuna-Tuna-medicina-murcia, Tuna Universitaria\" width=\"519\" height=\"258\" srcset=\"https:\/\/www.tunaespana.es\/wp-content\/uploads\/2014\/09\/Tuna-Espa\u00f1a-Tunas-Universitarias-Tunas-y-estudiantinas-cancionero-tuna-certamen-Tuna-Costa-Calida-musica-tuna-Tuna-medicina-murcia-Tuna-Universitaria.jpg 519w, https:\/\/www.tunaespana.es\/wp-content\/uploads\/2014\/09\/Tuna-Espa\u00f1a-Tunas-Universitarias-Tunas-y-estudiantinas-cancionero-tuna-certamen-Tuna-Costa-Calida-musica-tuna-Tuna-medicina-murcia-Tuna-Universitaria-300x149.jpg 300w\" sizes=\"(max-width: 519px) 100vw, 519px\" \/><\/a>\r\n\r\n<span style=\"color: #ffcc00;\">Otro Tono<\/span><\/pre>\n<pre id=\"ct_tom_cifra\"><span style=\"color: #ffcc00;\">\u00a0<\/span><\/pre>\n<pre class=\"cifra-mono\"><span style=\"color: #ffcc00;\">Intro 2x: <b class=\"_i0\">Am<\/b> <b class=\"_i1\">D7<\/b> <b class=\"_i2\">Am<\/b> <b class=\"_i3\">D7<\/b> <b class=\"_i4\">G<\/b> \r\n\r\n  <b class=\"_i5\">Am<\/b>          <b class=\"_i6\">D7<\/b>  <b class=\"_i7\">Am<\/b>    <b class=\"_i8\">D7<\/b>                  <b class=\"_i9\">G<\/b>\r\nTodo tempo que eu vivi, procurando o meu caminho\r\n<b class=\"_i10\">Am<\/b>           <b class=\"_i11\">D7<\/b>    <b class=\"_i12\">Am<\/b>   <b class=\"_i13\">D7<\/b>     <b class=\"_i14\">G<\/b>             <b class=\"_i15\">Bm<\/b>\r\nS\u00f3 cheguei a conclus\u00e3o que eu n\u00e3o vou achar sozinho\r\n<b class=\"_i16\">E7<\/b> <b class=\"_i17\">Am<\/b> <b class=\"_i18\">D7<\/b>  <b class=\"_i19\">Am<\/b> <b class=\"_i20\">D7<\/b> <b class=\"_i21\">G<\/b>  <b class=\"_i22\">Bm<\/b>     <b class=\"_i23\">E7<\/b>      <b class=\"_i24\">Am<\/b>  <b class=\"_i25\">D7<\/b>      <b class=\"_i26\">Am<\/b>     <b class=\"_i27\">D7<\/b>   <b class=\"_i28\">G<\/b>   <b class=\"_i29\">C<\/b> <b class=\"_i30\">G<\/b>\r\nOh, Ana,   Ana,  Ana,  oh oh, oh oh Ana, que saudade de voc\u00ea\r\n<b class=\"_i31\">Am<\/b>                <b class=\"_i32\">D7<\/b>  <b class=\"_i33\">Am<\/b>          <b class=\"_i34\">D7<\/b>   <b class=\"_i35\">G<\/b>       <b class=\"_i36\">Am<\/b>      <b class=\"_i37\">D7<\/b>   <b class=\"_i38\">Am<\/b>   <b class=\"_i39\">D7<\/b>\r\nToda essa vida errada que eu vivi at\u00e9 agora, come\u00e7ou naquele dia\r\n   <b class=\"_i40\">G<\/b>              <b class=\"_i41\">Bm<\/b>    <b class=\"_i42\">E7<\/b>   <b class=\"_i43\">Am<\/b> <b class=\"_i44\">D7<\/b> <b class=\"_i45\">Am<\/b>  <b class=\"_i46\">D7<\/b> <b class=\"_i47\">G<\/b>  <b class=\"_i48\">Bm<\/b>       <b class=\"_i49\">E7<\/b>  <b class=\"_i50\">Am<\/b>  <b class=\"_i51\">D7<\/b>\r\nQuando voc\u00ea foi embora...Oh  Ana, Ana,   Ana, oh oh oh oh Ana\r\n      <b class=\"_i52\">Am<\/b>     <b class=\"_i53\">D7<\/b>  <b class=\"_i54\">G<\/b>  <b class=\"_i55\">C<\/b> <b class=\"_i56\">G<\/b>\r\nQue saudade de voc\u00ea\r\n <b class=\"_i57\">Am<\/b>                      <b class=\"_i58\">D7<\/b>      <b class=\"_i59\">Am<\/b>               <b class=\"_i60\">D7<\/b>            <b class=\"_i61\">G<\/b>\r\nAna eu me lembro com saudade do nosso tempo nosso amor nossa alegria\r\n<b class=\"_i62\">Am<\/b>                         <b class=\"_i63\">D7<\/b>        <b class=\"_i64\">Am<\/b>             <b class=\"_i65\">D7<\/b>            <b class=\"_i66\">G<\/b>      <b class=\"_i67\">Bm<\/b>\r\nAgora s\u00f3 te vejo nos meus sonhos e quando acordo minha vida \u00e9 t\u00e3o vazia\r\n<b class=\"_i68\">E7<\/b>  <b class=\"_i69\">Am<\/b> <b class=\"_i70\">D7<\/b> <b class=\"_i71\">Am<\/b>  <b class=\"_i72\">D7<\/b>  <b class=\"_i73\">G<\/b>   <b class=\"_i74\">Bm<\/b>      <b class=\"_i75\">E7<\/b>   <b class=\"_i76\">Am<\/b> <b class=\"_i77\">D7<\/b>    <b class=\"_i78\">Am<\/b>        <b class=\"_i79\">D7<\/b>    <b class=\"_i80\">G<\/b>\r\nOh Ana,     Ana,   Ana, oh oh oh oh Ana. que saudade de voc\u00ea<\/span>\r\n\r\n\r\n<a href=\"http:\/\/www.tunaespana.es\/wp-content\/uploads\/2014\/09\/TunaEspa\u00f1a-Tuna-Universitaria-Pasacalles-Tuna-Musica-Tuna-Cancionero-Tuna-dism-tuna-universitaria.jpg\"><img decoding=\"async\" loading=\"lazy\" class=\"aligncenter size-full wp-image-27797\" src=\"http:\/\/www.tunaespana.es\/wp-content\/uploads\/2014\/09\/TunaEspa\u00f1a-Tuna-Universitaria-Pasacalles-Tuna-Musica-Tuna-Cancionero-Tuna-dism-tuna-universitaria.jpg\" alt=\"TunaEspa\u00f1a, Tuna Universitaria, Pasacalles Tuna, Musica Tuna, Cancionero Tuna, dism, tuna universitaria\" width=\"385\" height=\"576\" srcset=\"https:\/\/www.tunaespana.es\/wp-content\/uploads\/2014\/09\/TunaEspa\u00f1a-Tuna-Universitaria-Pasacalles-Tuna-Musica-Tuna-Cancionero-Tuna-dism-tuna-universitaria.jpg 385w, https:\/\/www.tunaespana.es\/wp-content\/uploads\/2014\/09\/TunaEspa\u00f1a-Tuna-Universitaria-Pasacalles-Tuna-Musica-Tuna-Cancionero-Tuna-dism-tuna-universitaria-200x300.jpg 200w\" sizes=\"(max-width: 385px) 100vw, 385px\" \/><\/a>\r\n<span style=\"color: #ff00ff;\">Otro tono<\/span><\/pre>\n<pre id=\"ct_tom_cifra\"><span style=\"color: #ff00ff;\">\u00a0<\/span><\/pre>\n<pre id=\"ct_cifra\" class=\"cifra-mono\"><span style=\"color: #ff00ff;\">Intro 2x: <b class=\"_i0\">Em<\/b> <b class=\"_i1\">A7<\/b> <b class=\"_i2\">Em<\/b> <b class=\"_i3\">A7<\/b> <b class=\"_i4\">D<\/b> \r\n\r\n  <b class=\"_i5\">Em<\/b>          <b class=\"_i6\">A7<\/b>  <b class=\"_i7\">Em<\/b>    <b class=\"_i8\">A7<\/b>                  <b class=\"_i9\">D<\/b>\r\nTodo tempo que eu vivi, procurando o meu caminho\r\n<b class=\"_i10\">Em<\/b>           <b class=\"_i11\">A7<\/b>    <b class=\"_i12\">Em<\/b>   <b class=\"_i13\">A7<\/b>     <b class=\"_i14\">D<\/b>             <b class=\"_i15\">F#m<\/b>\r\nS\u00f3 cheguei a conclus\u00e3o que eu n\u00e3o vou achar sozinho\r\n<b class=\"_i16\">B7<\/b> <b class=\"_i17\">Em<\/b> <b class=\"_i18\">A7<\/b>  <b class=\"_i19\">Em<\/b> <b class=\"_i20\">A7<\/b> <b class=\"_i21\">D<\/b>  <b class=\"_i22\">F#m<\/b>     <b class=\"_i23\">B7<\/b>      <b class=\"_i24\">Em<\/b>  <b class=\"_i25\">A7<\/b>      <b class=\"_i26\">Em<\/b>     <b class=\"_i27\">A7<\/b>   <b class=\"_i28\">D<\/b>   <b class=\"_i29\">G<\/b> <b class=\"_i30\">D<\/b>\r\nOh, Ana,   Ana,  Ana,  oh oh, oh oh Ana, que saudade de voc\u00ea\r\n<b class=\"_i31\">Em<\/b>                <b class=\"_i32\">A7<\/b>  <b class=\"_i33\">Em<\/b>          <b class=\"_i34\">A7<\/b>   <b class=\"_i35\">D<\/b>       <b class=\"_i36\">Em<\/b>      <b class=\"_i37\">A7<\/b>   <b class=\"_i38\">Em<\/b>   <b class=\"_i39\">A7<\/b>\r\nToda essa vida errada que eu vivi at\u00e9 agora, come\u00e7ou naquele dia\r\n   <b class=\"_i40\">D<\/b>              <b class=\"_i41\">F#m<\/b>    <b class=\"_i42\">B7<\/b>   <b class=\"_i43\">Em<\/b> <b class=\"_i44\">A7<\/b> <b class=\"_i45\">Em<\/b>  <b class=\"_i46\">A7<\/b> <b class=\"_i47\">D<\/b>  <b class=\"_i48\">F#m<\/b>       <b class=\"_i49\">B7<\/b>  <b class=\"_i50\">Em<\/b>  <b class=\"_i51\">A7<\/b>\r\nQuando voc\u00ea foi embora...Oh  Ana, Ana,   Ana, oh oh oh oh Ana\r\n      <b class=\"_i52\">Em<\/b>     <b class=\"_i53\">A7<\/b>  <b class=\"_i54\">D<\/b>  <b class=\"_i55\">G<\/b> <b class=\"_i56\">D<\/b>\r\nQue saudade de voc\u00ea\r\n <b class=\"_i57\">Em<\/b>                      <b class=\"_i58\">A7<\/b>      <b class=\"_i59\">Em<\/b>               <b class=\"_i60\">A7<\/b>            <b class=\"_i61\">D<\/b>\r\nAna eu me lembro com saudade do nosso tempo nosso amor nossa alegria\r\n<b class=\"_i62\">Em<\/b>                         <b class=\"_i63\">A7<\/b>        <b class=\"_i64\">Em<\/b>             <b class=\"_i65\">A7<\/b>            <b class=\"_i66\">D<\/b>      <b class=\"_i67\">F#m<\/b>\r\nAgora s\u00f3 te vejo nos meus sonhos e quando acordo minha vida \u00e9 t\u00e3o vazia\r\n<b class=\"_i68\">B7<\/b>  <b class=\"_i69\">Em<\/b> <b class=\"_i70\">A7<\/b> <b class=\"_i71\">Em<\/b>  <b class=\"_i72\">A7<\/b>  <b class=\"_i73\">D<\/b>   <b class=\"_i74\">F#m<\/b>      <b class=\"_i75\">B7<\/b>   <b class=\"_i76\">Em<\/b> <b class=\"_i77\">A7<\/b>    <b class=\"_i78\">Em<\/b>        <b class=\"_i79\">A7<\/b>    <b class=\"_i80\">D<\/b>\r\nOh Ana,     Ana,   Ana, oh oh oh oh Ana. que saudade de voc\u00ea\r\n<\/span><\/pre>\n<p style=\"line-height: 0.5cm; widows: 2; orphans: 2;\" align=\"CENTER\"><span style=\"color: #ff00ff;\"><span style=\"font-family: Georgia,Times New Roman,Bitstream Charter,Times,serif;\"><span style=\"font-size: small;\"><span style=\"font-style: normal;\"><span style=\"font-weight: normal;\"><span style=\"background: none repeat scroll 0% 0% transparent;\">\u00a0<\/span><\/span><\/span><\/span><\/span><\/span><\/p>\n","protected":false},"excerpt":{"rendered":"<p>. Ana Autor: Erasmo Carlos, Roberto Carlos Interpretan: Roberto Carlos, Agnaldo Timoteo Ritmo: Don Dudo (TunaEspa\u00f1a) [Tube]http:\/\/www.youtube.com\/watch?v=jKB3LS7erpo[\/Tube] . F#m B7 F#m B7 Todo el tiempo que vivi E procurando mi camino F#m B7 F#m B7 yo llegue a esta conclusion E no lo encuentro sin cari\u00f1o F#m B7 F#m B7 E F#m B7 Ana, Ana [&hellip;]<\/p>\n","protected":false},"author":2,"featured_media":0,"comment_status":"closed","ping_status":"closed","sticky":false,"template":"","format":"standard","meta":[],"categories":[42,263],"tags":[2111,856,4230,3271,4227,1581,1475,3223,4138,860,845,723,4865,3224],"_links":{"self":[{"href":"https:\/\/www.tunaespana.es\/index.php?rest_route=\/wp\/v2\/posts\/26831"}],"collection":[{"href":"https:\/\/www.tunaespana.es\/index.php?rest_route=\/wp\/v2\/posts"}],"about":[{"href":"https:\/\/www.tunaespana.es\/index.php?rest_route=\/wp\/v2\/types\/post"}],"author":[{"embeddable":true,"href":"https:\/\/www.tunaespana.es\/index.php?rest_route=\/wp\/v2\/users\/2"}],"replies":[{"embeddable":true,"href":"https:\/\/www.tunaespana.es\/index.php?rest_route=%2Fwp%2Fv2%2Fcomments&post=26831"}],"version-history":[{"count":3,"href":"https:\/\/www.tunaespana.es\/index.php?rest_route=\/wp\/v2\/posts\/26831\/revisions"}],"predecessor-version":[{"id":27892,"href":"https:\/\/www.tunaespana.es\/index.php?rest_route=\/wp\/v2\/posts\/26831\/revisions\/27892"}],"wp:attachment":[{"href":"https:\/\/www.tunaespana.es\/index.php?rest_route=%2Fwp%2Fv2%2Fmedia&parent=26831"}],"wp:term":[{"taxonomy":"category","embeddable":true,"href":"https:\/\/www.tunaespana.es\/index.php?rest_route=%2Fwp%2Fv2%2Fcategories&post=26831"},{"taxonomy":"post_tag","embeddable":true,"href":"https:\/\/www.tunaespana.es\/index.php?rest_route=%2Fwp%2Fv2%2Ftags&post=26831"}],"curies":[{"name":"wp","href":"https:\/\/api.w.org\/{rel}","templated":true}]}}